{"id":40483,"date":"2011-10-02T21:38:24","date_gmt":"2011-10-02T18:38:24","guid":{"rendered":"http:\/\/www.korhanyilmaz.com\/?p=40483"},"modified":"2011-10-03T02:18:16","modified_gmt":"2011-10-02T23:18:16","slug":"caniyle-pazarliga-devam","status":"publish","type":"post","link":"http:\/\/www.korhanyilmaz.com\/?p=40483","title":{"rendered":"Caniyle pazarl\u0131\u011fa devam&#8230;"},"content":{"rendered":"<p style=\"text-align: center;\"><a href=\"http:\/\/www.korhanyilmaz.com\/wp-content\/uploads\/2011\/10\/7102.jpg\"  class=\"lightview\"><img loading=\"lazy\" decoding=\"async\" class=\"aligncenter  wp-image-40484\" src=\"http:\/\/www.korhanyilmaz.com\/wp-content\/uploads\/2011\/10\/7102.jpg\" alt=\"\" width=\"400\" height=\"356\" \/><\/a><\/p>\n<p style=\"text-align: justify;\">Ter\u00f6ristle pazarl\u0131\u011f\u0131n de\u015fifre olmas\u0131 sonras\u0131 karma\u015f\u0131k a\u00e7\u0131klamalar yapan Ba\u015fbakan Recep Tayyip Erdo\u011fan, bu kez meydan okudu: G\u00f6r\u00fc\u015fmeler gerekti\u011finde tabii ki olur. M\u0130T niye var? Bunun i\u00e7in var. Gerekirse yine \u201cGit arkada\u015f, gerekeni yap\u201d deriz.\u00a0<!--more--><\/p>\n<p style=\"text-align: justify;\"><strong>\u201cM\u00fczakerelere devam etmek ihanettir\u201d<\/strong><\/p>\n<p style=\"text-align: justify;\">Ter\u00f6r\u00fcn her ge\u00e7en g\u00fcn can almaya devam etti\u011fi bir d\u00f6nemde, Meclis\u2019in a\u00e7\u0131lmas\u0131yla birlikte yeni Anayasa\u2019n\u0131n yap\u0131m s\u00fcreci h\u0131z kazanm\u0131\u015fken, Ba\u015fbakan\u2019\u0131n \u201cG\u00f6r\u00fc\u015fmeler gerekti\u011finde tabii ki olur. M\u0130T niye var? Bunun i\u00e7in var. Gerekirse yine \u2019Git arkada\u015f, gerekeni yap\u2019 deriz\u201d \u015feklindeki a\u00e7\u0131klamalar\u0131na muhalefetten tepkiler gecikmedi. MHP Tokat Milletvekili Re\u015fat Do\u011fru, Ba\u015fbakan\u2019\u0131n M\u0130T m\u00fcste\u015far\u0131 vas\u0131tas\u0131yla PKK ter\u00f6r \u00f6rg\u00fct\u00fc ile g\u00f6r\u00fc\u015ft\u00fc\u011f\u00fcn\u00fc kabullendi\u011fini ve tekrar g\u00f6r\u00fc\u015f\u00fclebilece\u011fini ifade etti\u011fini s\u00f6yleyerek, \u201cBu bir garabet ve ihanettir. Demek ki daha \u00f6nce s\u00f6ylemi\u015f oldu\u011fu s\u00f6zlerin d\u0131\u015f\u0131nda bunu s\u00f6yleyerek bir garabetin i\u00e7erisine girmi\u015f durumdalar. \u015eehitlerin her g\u00fcn att\u0131\u011f\u0131, ter\u00f6r\u00fcn azg\u0131nla\u015ft\u0131\u011f\u0131 bir ortamda ve anayasan\u0131n yeniden d\u00fczenlenmeye ba\u015flad\u0131\u011f\u0131 bir ortamda yap\u0131lan bu a\u00e7\u0131klamalar\u0131n \u00e7ok yanl\u0131\u015f oldu\u011funu d\u00fc\u015f\u00fcn\u00fcyorum. T\u00fcrkiye Cumhuriyeti devletini b\u00f6lmek ve par\u00e7alamak isteyen unsurlar\u0131n birle\u015fmesiyle nereye gelindi\u011finin g\u00f6stergesidir. Ba\u015fbakan \u2019Ci\u011ferim yan\u0131yor\u2019 diyor ama asl\u0131nda milletimizin ci\u011feri yan\u0131yor\u201d dedi.<\/p>\n<p style=\"text-align: justify;\">MHP I\u011fd\u0131r milletvekili Sinan Ogan da bu a\u00e7\u0131klamadan iktidar\u0131n ter\u00f6rle m\u00fczakereyi, m\u00fccadeleden daha makul g\u00f6rd\u00fc\u011f\u00fcn\u00fcn anla\u015f\u0131ld\u0131\u011f\u0131n\u0131 belirterek, \u201cBa\u015fbakan Birle\u015fmi\u015f Milletler gibi bir ortam\u0131 yakalam\u0131\u015fken konu\u015fmas\u0131n\u0131n ana eksenini Gazze olu\u015fturuyor. T\u00fcrkiye\u2019nin en \u00f6nemli sorunu olan ter\u00f6rden bir kelime bahsetmiyor. B\u00f6yle bir f\u0131rsat elinize ge\u00e7mi\u015f neden orada ter\u00f6r\u00fc destekleyen \u00fclkelerin g\u00f6z\u00fcn\u00fcn i\u00e7ine baka baka \u2018kesin \u015fu ter\u00f6r\u00fc\u2019 diyemiyorsunuz. Neticede benim Mehmet\u00e7i\u011fim \u015fehit oluyor. Bu hepimizin can\u0131n\u0131 yakan bir mesele. E\u011fer bu sorun \u00e7\u00f6z\u00fclecekse, iktidar m\u00fczakere mant\u0131\u011f\u0131ndan \u00e7\u0131k\u0131p m\u00fccadele mant\u0131\u011f\u0131na gelecekse biz elimizden geleni yapmaya haz\u0131r\u0131z. Yeter ki ter\u00f6r belas\u0131ndan bu \u00fclke kurtulsun\u201d diye konu\u015ftu.<\/p>\n<p style=\"text-align: justify;\"><a href=\"http:\/\/www.yg.yenicaggazetesi.com.tr\/habergoster.php?haber=57036\" target=\"_blank\">Kaynak : Yeni\u00e7a\u011f Gazetesi<\/a><\/p>\n","protected":false},"excerpt":{"rendered":"<p style=\"text-align: center;\">\n<p style=\"text-align: justify;\">Ter\u00f6ristle pazarl\u0131\u011f\u0131n de\u015fifre olmas\u0131 sonras\u0131 karma\u015f\u0131k a\u00e7\u0131klamalar yapan Ba\u015fbakan Recep Tayyip Erdo\u011fan, bu kez meydan okudu: G\u00f6r\u00fc\u015fmeler gerekti\u011finde tabii ki olur. M\u0130T niye var? Bunun i\u00e7in var. Gerekirse yine \u201cGit arkada\u015f, gerekeni yap\u201d deriz. <\/p>\n","protected":false},"author":1,"featured_media":0,"comment_status":"open","ping_status":"open","sticky":false,"template":"","format":"standard","meta":{"footnotes":""},"categories":[105],"tags":[],"class_list":["post-40483","post","type-post","status-publish","format-standard","hentry","category-gundem","odd"],"_links":{"self":[{"href":"http:\/\/www.korhanyilmaz.com\/index.php?rest_route=\/wp\/v2\/posts\/40483","targetHints":{"allow":["GET"]}}],"collection":[{"href":"http:\/\/www.korhanyilmaz.com\/index.php?rest_route=\/wp\/v2\/posts"}],"about":[{"href":"http:\/\/www.korhanyilmaz.com\/index.php?rest_route=\/wp\/v2\/types\/post"}],"author":[{"embeddable":true,"href":"http:\/\/www.korhanyilmaz.com\/index.php?rest_route=\/wp\/v2\/users\/1"}],"replies":[{"embeddable":true,"href":"http:\/\/www.korhanyilmaz.com\/index.php?rest_route=%2Fwp%2Fv2%2Fcomments&post=40483"}],"version-history":[{"count":0,"href":"http:\/\/www.korhanyilmaz.com\/index.php?rest_route=\/wp\/v2\/posts\/40483\/revisions"}],"wp:attachment":[{"href":"http:\/\/www.korhanyilmaz.com\/index.php?rest_route=%2Fwp%2Fv2%2Fmedia&parent=40483"}],"wp:term":[{"taxonomy":"category","embeddable":true,"href":"http:\/\/www.korhanyilmaz.com\/index.php?rest_route=%2Fwp%2Fv2%2Fcategories&post=40483"},{"taxonomy":"post_tag","embeddable":true,"href":"http:\/\/www.korhanyilmaz.com\/index.php?rest_route=%2Fwp%2Fv2%2Ftags&post=40483"}],"curies":[{"name":"wp","href":"https:\/\/api.w.org\/{rel}","templated":true}]}}