{"id":40473,"date":"2011-10-02T20:15:53","date_gmt":"2011-10-02T17:15:53","guid":{"rendered":"http:\/\/www.korhanyilmaz.com\/?p=40473"},"modified":"2011-10-02T23:14:14","modified_gmt":"2011-10-02T20:14:14","slug":"yazicioglunun-olumunu-incirlik-cozer","status":"publish","type":"post","link":"http:\/\/www.korhanyilmaz.com\/?p=40473","title":{"rendered":"&#8216;Yaz\u0131c\u0131o\u011flu&#8217;nun \u00f6l\u00fcm\u00fcn\u00fc \u0130ncirlik \u00e7\u00f6zer&#8217;"},"content":{"rendered":"<p style=\"text-align: center;\"><a href=\"http:\/\/www.korhanyilmaz.com\/wp-content\/uploads\/2011\/10\/7101.jpg\"  class=\"lightview\"><img loading=\"lazy\" decoding=\"async\" class=\"aligncenter  wp-image-40474\" src=\"http:\/\/www.korhanyilmaz.com\/wp-content\/uploads\/2011\/10\/7101.jpg\" alt=\"\" width=\"396\" height=\"180\" \/><\/a><\/p>\n<p style=\"text-align: justify;\">AK Parti Milletvekili Sel\u00e7uk \u00d6zda\u011f, BBP lideri Muhsin Yaz\u0131c\u0131o\u011flu&#8217;nun hayat\u0131n\u0131 kaybetti\u011fi helikopter kazas\u0131n\u0131n, \u0130ncirlik&#8217;teki radarlarla a\u00e7\u0131kl\u0131\u011fa kavu\u015faca\u011f\u0131n\u0131 iddia etti.<\/p>\n<p style=\"text-align: justify;\">MAN\u0130SA &#8211; BBP Genel Ba\u015fkan\u0131 Muhsin Yaz\u0131c\u0131o\u011flu ile birlikte 5 ki\u015finin \u00f6ld\u00fc\u011f\u00fc halikopter kazas\u0131yla ilgili yeni bir iddia ortaya at\u0131ld\u0131.\u00a0<!--more--><\/p>\n<p style=\"text-align: justify;\">K\u0131sa s\u00fcre \u00f6nce &#8216;Yaz\u0131c\u0131o\u011flu \u00f6ld\u00fcr\u00fcld\u00fc&#8217; a\u00e7\u0131klamas\u0131nda bulunan AK Parti Manisa Milletvekili Sel\u00e7uk \u00d6zda\u011f, olay\u0131n a\u00e7\u0131kl\u0131\u011fa kavu\u015fmas\u0131 i\u00e7in \u0130ncirlik \u00dcss\u00fc&#8217;n\u00fc adres g\u00f6sterdi.<\/p>\n<p style=\"text-align: justify;\">\u00d6zda\u011f, kazas\u0131n\u0131n nas\u0131l ve ne \u015fekilde meydana geldi\u011finin \u0130ncirlik \u00dcss\u00fc&#8217;ndeki radarlar\u0131n incelenmesiyle net ve \u015feffaf bir \u015fekilde ortaya \u00e7\u0131kaca\u011f\u0131n\u0131 iddia etti.<\/p>\n<p style=\"text-align: justify;\">Manisa&#8217;n\u0131n Saruhanl\u0131 il\u00e7esine ba\u011fl\u0131 Appak k\u00f6y\u00fcnde bu y\u0131l \u00fc\u00e7\u00fcnc\u00fcs\u00fc d\u00fczenlenen &#8216;\u015e\u00fck\u00fcr Hayr\u0131&#8217;na kat\u0131lan \u00d6zda\u011f, yeme\u011fin ard\u0131ndan gazetecilerin g\u00fcndeme ili\u015fkin sorular\u0131n\u0131 yan\u0131tlad\u0131.<\/p>\n<p style=\"text-align: justify;\">\u00d6zda\u011f, helikopter kazas\u0131n\u0131n soru\u015fturma a\u015famas\u0131ndaki bir konu oldu\u011funu, \u00e7ok fazla bir \u015fey s\u00f6ylemek istemedi\u011fini, kazayla ilgili baz\u0131 ayr\u0131nt\u0131lar\u0131n ortaya \u00e7\u0131kt\u0131\u011f\u0131n\u0131 belirterek, \u015f\u00f6yle konu\u015ftu:<\/p>\n<p style=\"text-align: justify;\">&#8221;Kazan\u0131n oldu\u011fu andan itibaren 4 veya 6 dakika kadar o b\u00f6lgedeki radarlar\u0131n ar\u0131zal\u0131 veya kapal\u0131 oldu\u011fu s\u00f6ylenmekte. E\u011fer ar\u0131zal\u0131ysa bu olay\u0131n u\u00e7u\u015f g\u00fcvenli\u011fi nedeniyle b\u00fct\u00fcn d\u00fcnyaya bildirilmesi gerekiyordu. E\u011fer kapat\u0131lm\u0131\u015fsa, kim kapatt\u0131 bu radarlar\u0131.<\/p>\n<p style=\"text-align: justify;\">En \u00f6nemlisi \u0130ncirlik \u00dcss\u00fc&#8217;ndeki radarlar a\u00e7\u0131kt\u0131r. B\u00fct\u00fcn dikkatleri \u0130ncirlik \u00dcss\u00fc&#8217;ndeki radarlara \u00e7ekmek istiyorum. \u0130ncirlik \u00dcss\u00fc&#8217;ndeki radarlar incelendi\u011fi takdirde bu olay\u0131n daha net bir \u015fekilde, \u015feffaf bir \u015fekilde ortaya \u00e7\u0131kaca\u011f\u0131n\u0131 tahmin ediyorum.&#8221;<\/p>\n<p style=\"text-align: justify;\"><a href=\"http:\/\/www.gazeteport.com.tr\/haber\/55432\/yazicioglunun_olumunu_incirlik_cozer\" target=\"_blank\">Kaynak : GAZETEPORT<\/a><\/p>\n","protected":false},"excerpt":{"rendered":"<p style=\"text-align: center;\">\n<p style=\"text-align: justify;\">AK Parti Milletvekili Sel\u00e7uk \u00d6zda\u011f, BBP lideri Muhsin Yaz\u0131c\u0131o\u011flu&#8217;nun hayat\u0131n\u0131 kaybetti\u011fi helikopter kazas\u0131n\u0131n, \u0130ncirlik&#8217;teki radarlarla a\u00e7\u0131kl\u0131\u011fa kavu\u015faca\u011f\u0131n\u0131 iddia etti.<\/p>\n<p style=\"text-align: justify;\">MAN\u0130SA &#8211; BBP Genel Ba\u015fkan\u0131 Muhsin Yaz\u0131c\u0131o\u011flu ile birlikte 5 ki\u015finin \u00f6ld\u00fc\u011f\u00fc halikopter kazas\u0131yla ilgili yeni bir iddia ortaya at\u0131ld\u0131. <\/p>\n","protected":false},"author":1,"featured_media":0,"comment_status":"open","ping_status":"open","sticky":false,"template":"","format":"standard","meta":{"footnotes":""},"categories":[105],"tags":[144,103,416,104,407],"class_list":["post-40473","post","type-post","status-publish","format-standard","hentry","category-gundem","tag-bbp","tag-helikopter-kazasi","tag-incirlik-ussu","tag-muhsin-yazicioglu","tag-selcuk-ozdag","odd"],"_links":{"self":[{"href":"http:\/\/www.korhanyilmaz.com\/index.php?rest_route=\/wp\/v2\/posts\/40473","targetHints":{"allow":["GET"]}}],"collection":[{"href":"http:\/\/www.korhanyilmaz.com\/index.php?rest_route=\/wp\/v2\/posts"}],"about":[{"href":"http:\/\/www.korhanyilmaz.com\/index.php?rest_route=\/wp\/v2\/types\/post"}],"author":[{"embeddable":true,"href":"http:\/\/www.korhanyilmaz.com\/index.php?rest_route=\/wp\/v2\/users\/1"}],"replies":[{"embeddable":true,"href":"http:\/\/www.korhanyilmaz.com\/index.php?rest_route=%2Fwp%2Fv2%2Fcomments&post=40473"}],"version-history":[{"count":0,"href":"http:\/\/www.korhanyilmaz.com\/index.php?rest_route=\/wp\/v2\/posts\/40473\/revisions"}],"wp:attachment":[{"href":"http:\/\/www.korhanyilmaz.com\/index.php?rest_route=%2Fwp%2Fv2%2Fmedia&parent=40473"}],"wp:term":[{"taxonomy":"category","embeddable":true,"href":"http:\/\/www.korhanyilmaz.com\/index.php?rest_route=%2Fwp%2Fv2%2Fcategories&post=40473"},{"taxonomy":"post_tag","embeddable":true,"href":"http:\/\/www.korhanyilmaz.com\/index.php?rest_route=%2Fwp%2Fv2%2Ftags&post=40473"}],"curies":[{"name":"wp","href":"https:\/\/api.w.org\/{rel}","templated":true}]}}