{"id":40468,"date":"2011-10-02T16:15:14","date_gmt":"2011-10-02T13:15:14","guid":{"rendered":"http:\/\/www.korhanyilmaz.com\/?p=40468"},"modified":"2011-10-02T22:48:13","modified_gmt":"2011-10-02T19:48:13","slug":"olduren-istihbarat-polisten","status":"publish","type":"post","link":"http:\/\/www.korhanyilmaz.com\/?p=40468","title":{"rendered":"\u00d6ld\u00fcren istihbarat polisten"},"content":{"rendered":"<p style=\"text-align: center;\"><a href=\"http:\/\/www.korhanyilmaz.com\/wp-content\/uploads\/2011\/10\/7100.jpg\"  class=\"lightview\"><img loading=\"lazy\" decoding=\"async\" class=\"aligncenter  wp-image-40469\" src=\"http:\/\/www.korhanyilmaz.com\/wp-content\/uploads\/2011\/10\/7100.jpg\" alt=\"\" width=\"396\" height=\"180\" \/><\/a><\/p>\n<p style=\"text-align: justify;\">BBP lideri Muhsin Yaz\u0131c\u0131o\u011flu&#8217;nun \u00f6ld\u00fc\u011f\u00fc helikopter kazas\u0131yla ilgili yeni iddia.<\/p>\n<p style=\"text-align: justify;\">Muhsin Yaz\u0131c\u0131o\u011flu ile birlikte 6 ki\u015fiye mezar olan helikopter olay\u0131ndaki istihbarat \u00e7al\u0131\u015fmalar\u0131ndaki eksiklik tekrar g\u00fcny\u00fcz\u00fcne \u00e7\u0131karken, olay sonras\u0131 arama-kurtarma \u00e7al\u0131\u015fmalar\u0131n\u0131n aksamas\u0131na neden olan &#8220;Yaz\u0131c\u0131o\u011flu kurtuldu&#8221; haberinin kayna\u011f\u0131n\u0131n Mara\u015f Emniyeti&#8217;nde g\u00f6revli Dursun \u00d6zmen oldu\u011fu kesinle\u015fti.\u00a0<!--more--><\/p>\n<p style=\"text-align: justify;\">Kayseri Valisi Mevl\u00fct Bilici&#8217;yi de yan\u0131ltan ve BBP&#8217;li yetkililerin medyaya bilgi vermesi \u00fczerine b\u00fct\u00fcn T\u00fcrkiye&#8217;yi k\u0131sa s\u00fcreli de olsa &#8220;Muhsin Yaz\u0131c\u0131o\u011flu kurtuldu&#8221; yan\u0131lsamas\u0131na sokan bilgi notunu istihbarat\u00e7\u0131 polis \u015fefi \u00d6zmen&#8217;in &#8216;acil&#8217; koduyla ge\u00e7ti\u011fi ortaya \u00e7\u0131kt\u0131. \u00d6zmen&#8217;in bu yanl\u0131\u015f bilgiyi Mara\u015f \u00e7evresindeki 10 ilin valili\u011fine kazadan 2 saat 40 dakika sonra ula\u015ft\u0131rd\u0131\u011f\u0131 \u00f6\u011frenildi.<\/p>\n<p style=\"text-align: justify;\">Yeni \u015eafak&#8217;\u0131n haberine g\u00f6re, Dursun \u00d6zmen&#8217;in olay g\u00fcn\u00fc 17.40 ile 17.45 aras\u0131nda 10 kentin g\u00fcvenlik birimlerine ge\u00e7ti\u011fi bu yanl\u0131\u015f bilgiyi, &#8216;ald\u0131klar\u0131 ihbarlara ve hastanelerdeki hareketlili\u011fe&#8217; ba\u011flamas\u0131 ise ilgin\u00e7 bulundu. Kayseri Valisi Mevl\u00fct Bilici&#8217;nin de Kahramanmara\u015f Emniyeti&#8217;nden gelen bu notunu, kendisinden bilgi almak isteyen BBP&#8217;lilerle payla\u015ft\u0131\u011f\u0131 ve BBP&#8217;lilerin bilgiyi medyaya iletmesi nedeniyle kamuoyunun yanl\u0131\u015f bilgilendirildi\u011fi ortaya \u00e7\u0131kt\u0131.<\/p>\n<p style=\"text-align: justify;\">D\u00f6nemin Kahramanmara\u015f Valisi Niyazi Tan\u0131l\u0131r ise Yaz\u0131c\u0131o\u011flu&#8217;nun kurtuldu\u011funa dair bilgi notunu kendisine ba\u011fl\u0131 Emniyet&#8217;ten almad\u0131\u011f\u0131, Kayseri Valisi arac\u0131l\u0131\u011f\u0131yla kamuoyuna ula\u015f\u0131nca e\u015finin telefon etmesiyle \u00f6\u011frendi\u011fini dile getirdi. Vali Tan\u0131l\u0131r&#8217;\u0131n daha sonra bu bilginin Kahramanmara\u015f&#8217;tan yay\u0131l\u0131p yay\u0131lmad\u0131\u011f\u0131n\u0131 \u00f6\u011frenmek i\u00e7in emniyet m\u00fcd\u00fcr\u00fc ile g\u00f6r\u00fc\u015ft\u00fc\u011f\u00fc, ancak emniyet m\u00fcd\u00fcr\u00fcn\u00fcn &#8216;bizden \u00e7\u0131kmad\u0131&#8217; demesi \u00fczerine ilk ba\u015fta olay\u0131n \u00fczerine d\u00fc\u015fmedi\u011fi \u00f6\u011frenildi. Konuyu ara\u015ft\u0131ran Meclis Ara\u015ft\u0131rma Komisyonu&#8217;nun kazadan \u00fc\u00e7 ay sonra, 11 Haziran&#8217;da Mara\u015f&#8217;a yapt\u0131\u011f\u0131 ziyarette bu hususu g\u00fcndeme getirmesi \u00fczerine Niyazi Tan\u0131l\u0131r&#8217;\u0131n idari soru\u015fturma ba\u015flatt\u0131\u011f\u0131 ve \u0130\u00e7i\u015fleri Bakanl\u0131\u011f\u0131&#8217;n\u0131n da m\u00fcfetti\u015f g\u00f6ndererek Mara\u015f idari y\u00f6netiminin bu ihmalini soru\u015fturdu\u011fu belirlendi.<\/p>\n<p style=\"text-align: justify;\"><strong>\u0130SMA\u0130L G\u00dcNE\u015e KURTARILMAYI BEKL\u0130YORDU<\/strong><\/p>\n<p style=\"text-align: justify;\">Kahramanmara\u015f Emniyeti&#8217;nden \u00e7evredeki iletilen acil bilgi notu, TBMM Komisyonu raporunda da yer ald\u0131. Rapora g\u00f6re, Dursun \u00d6zmen; Ad\u0131yaman, Gaziantep, Hatay, Osmaniye, Kayseri, Malatya, Kilis, Sivas ve Yozgat&#8217;a olay g\u00fcn\u00fc 17.40 ile 17.45 aras\u0131nda &#8220;Muhsin Yaz\u0131c\u0131o\u011flu kazadan yaral\u0131 halde kurtuldu&#8221; notu ge\u00e7ti.<\/p>\n<p style=\"text-align: justify;\">Arama \u00e7al\u0131\u015fmalar\u0131n\u0131 zaafa u\u011fratan yanl\u0131\u015f bilgi, o esnada enkazda yaral\u0131 bir halde kurtar\u0131lmay\u0131 bekleyen gazeteci \u0130smail G\u00fcne\u015f&#8217;in donarak \u00f6lmesinin nedenlerinden biri oldu. G\u00fcne\u015f, helikopterin d\u00fc\u015fmesi sonras\u0131nda 112 Acil&#8217;i aram\u0131\u015f ve 12 dakika boyunca yard\u0131m \u00e7a\u011fr\u0131s\u0131 yaparak, yetkililerin cep telefonu sinyalinden enkaz yerini belirlemelerini beklemi\u015fti.<\/p>\n<p style=\"text-align: justify;\"><strong>VAL\u0130 B\u0130L\u0130C\u0130 \u00d6NCE &#8216;ASKER&#8217; SONRA &#8216;EMN\u0130YET&#8217; DED\u0130<\/strong><\/p>\n<p style=\"text-align: justify;\">Kayseri Valisi Mevl\u00fct Bilici, kazan\u0131n ard\u0131ndan arama kurtarma faaliyetlerini yava\u015flatan &#8220;Kurtarma ekipleri olay yerine ula\u015ft\u0131. Muhsin Yaz\u0131c\u0131o\u011flu yaral\u0131, \u015fuuru a\u00e7\u0131k. Arkada\u015flar kendisini hastaneye ula\u015ft\u0131racaklar&#8221; a\u00e7\u0131klamas\u0131 yapm\u0131\u015ft\u0131. BBP MKYK \u00fcyesi Sel\u00e7uk \u00d6zda\u011f, olay g\u00fcn\u00fc g\u00f6r\u00fc\u015ft\u00fc\u011f\u00fc Bilici&#8217;nin kendisine bu bilgiyi &#8220;Askeri kaynaktan ald\u0131m&#8221; dedi\u011fini a\u00e7\u0131klam\u0131\u015ft\u0131. Bilici 5 Nisan 2009&#8217;da ise Yeni \u015eafak&#8217;a yapt\u0131\u011f\u0131 a\u00e7\u0131klamada kayna\u011f\u0131n\u0131 &#8216;il emniyeti&#8217; olarak de\u011fi\u015ftirdi.<\/p>\n<p style=\"text-align: justify;\"><strong>HATAYA KOM\u0130K GEREK\u00c7E<\/strong><\/p>\n<p style=\"text-align: justify;\">&#8216;Muhsin Yaz\u0131c\u0131o\u011flu bulundu&#8217; \u015feklinde bilgi notu ge\u00e7erek kamuoyunu yanl\u0131\u015f bilgilendiren Dursun \u00d6zmen&#8217;e, &#8216;bunu neden yapt\u0131\u011f\u0131&#8217; TBMM Komisyonu&#8217;nca sorulmu\u015f. &#8216;Hastanede ya\u015fanan hareketlilik&#8217;ten dolay\u0131 b\u00f6yle bir sonuca ula\u015ft\u0131\u011f\u0131n\u0131 kaydeden Dursun \u00d6zmen&#8217;in ifadeleri &#8216;g\u00fcl\u00fcn\u00e7&#8217; bulundu. \u0130fadeler raporda \u015fu \u015fekilde yer ald\u0131:<\/p>\n<p style=\"text-align: justify;\">&#8220;&#8230; Kahramanmara\u015f \u0130l Emniyet M\u00fcd\u00fcrl\u00fc\u011f\u00fc&#8217;nde g\u00f6revli Emniyet Amiri Dursun \u00d6zmen, ifadesinde kendilerine gelen ihbarlar\u0131 ve hastanelerde ya\u015fanan hareketlili\u011fi de dikkate alarak bir istihbarat bilgi notu haz\u0131rlad\u0131\u011f\u0131n\u0131 ve \u00e7evre illere bu notu \u00e7ekti\u011fini belirtmi\u015ftir.&#8221;<\/p>\n<p style=\"text-align: justify;\"><strong>ENKAZIN ADRES\u0130N\u0130 YANLI\u015e VERM\u0130\u015e<\/strong><\/p>\n<p style=\"text-align: justify;\">Yay\u0131nlad\u0131\u011f\u0131 yanl\u0131\u015f bilgi notuyla arama-kurtarma \u00e7al\u0131\u015fmalar\u0131n\u0131 zaafa u\u011fratan Emniyet Amiri Dursun \u00d6zmen&#8217;in, Muhsin Yaz\u0131c\u0131o\u011flu&#8217;nu ta\u015f\u0131yan helikopterin d\u00fc\u015ft\u00fc\u011f\u00fc yeri de yanl\u0131\u015f verdi\u011fi ortaya \u00e7\u0131kt\u0131. Kahramanmara\u015f&#8217;\u0131n G\u00f6ksun il\u00e7esinde D\u00f6ngel ile Sisne b\u00f6lgeleri aras\u0131ndaki Ke\u015f Da\u011f\u0131&#8217;nda bulunan enkaz, \u00d6zmen&#8217;in notunda &#8220;G\u00f6ksun&#8217;a ba\u011fl\u0131 Temura\u011fa k\u00f6y\u00fc, Kazmadere mevkii&#8221; olarak ge\u00e7iyor. Bu verilen yanl\u0131\u015f adresin arama-kurtarma ekiplerini de yanl\u0131\u015f y\u00f6nlendirdi\u011fi iddia ediliyor.<\/p>\n<p style=\"text-align: justify;\">Emniyet Genel M\u00fcd\u00fcrl\u00fc\u011f\u00fc&#8217;n\u00fcn TBMM Ara\u015ft\u0131rma Komisyonu&#8217;na g\u00f6nderdi\u011fi s\u00f6zkonusu bilgi notunda \u015fu ifadeler yer alm\u0131\u015f:<\/p>\n<p style=\"text-align: justify;\">&#8220;MED A\u0130R firmas\u0131na ait esas havac\u0131l\u0131k \u015firketine ait Ayaza\u011fa Mahallesi Candere Mevkii No:35 adresinde faaliyet g\u00f6steren \u015firkete ait \u00f6zel helikopter, Sivas ilinden 13.10&#8217;da miting i\u00e7in ilimiz \u00c7a\u011flayancerit il\u00e7esi&#8217;ne geldi\u011fi, 14.30&#8217;da miting bitiminde BBP Genel Ba\u015fkan\u0131 Muhsin Yaz\u0131c\u0131o\u011flu ve 6 ki\u015filik m\u00fcrettebat ile birlikte Saat: 14.35 Yozgat ili Yerk\u00f6y il\u00e7esine hareket etti\u011fi, 1 saat ge\u00e7mesine ra\u011fmen intikal etmedi\u011fi bildirilmi\u015ftir.<\/p>\n<p style=\"text-align: justify;\">Devam eden \u00e7al\u0131\u015fmalarda; ilimiz G\u00f6ks\u00fcn \u0130l\u00e7esi Hac\u0131 \u00d6mer K\u00f6y\u00fc, Temura\u011fa K\u00f6y\u00fc, Kazmadere mevkiinde helikopterin enkaz\u0131na ula\u015f\u0131ld\u0131\u011f\u0131, gruptan BBP Genel Ba\u015fkan\u0131 Muhsin Yaz\u0131c\u0131o\u011flu&#8217;nun aya\u011f\u0131n\u0131n k\u0131r\u0131k oldu\u011fu, \u00f6l\u00fc olmad\u0131\u011f\u0131, di\u011fer \u015fah\u0131slar\u0131n yaral\u0131 olduklar\u0131, ilimiz G\u00f6ksun Devlet Hastanesi&#8217;ne intikal ettirilmekte olduklar\u0131, G\u00f6ks\u00fcn Devlet Hastanesi g\u00f6revlilerinin yaral\u0131lara m\u00fcdahale i\u00e7in haz\u0131r bekledikleri \u015feklinde bilgiler intikal etmi\u015f olup geli\u015fmelerle ilgili ayr\u0131ca bilgi verilecektir.&#8221;<\/p>\n<p style=\"text-align: justify;\"><strong>4 ASKER YEN\u0130DEN SORGULANDI<\/strong><\/p>\n<p style=\"text-align: justify;\">\u015e\u00fcpheli helikopter kazas\u0131yla ilgili y\u00fcr\u00fct\u00fclen soru\u015fturma kapsam\u0131nda daha \u00f6nce savc\u0131l\u0131kta ifadeleri al\u0131nan 4 muvazzaf asker Malatya Adliyesi&#8217;nde yeniden sorguland\u0131. Malatya Adliyesinde \u00f6zel yetkili savc\u0131lar \u00d6zden Do\u011fan ve \u015eeref G\u00fcrkan taraf\u0131ndan sorgular\u0131 tamamlanan 9&#8217;u muvazzaf asker 12 ki\u015fi ise tutuklanmalar\u0131 talebiyle mahkemeye sevk edildi.<\/p>\n<p style=\"text-align: justify;\"><a href=\"http:\/\/www.gazeteport.com.tr\/haber\/55412\/olduren_istihbarat_polisten\" target=\"_blank\">Kaynak : GAZETEPORT<\/a><\/p>\n","protected":false},"excerpt":{"rendered":"<p style=\"text-align: center;\">\n<p style=\"text-align: justify;\">BBP lideri Muhsin Yaz\u0131c\u0131o\u011flu&#8217;nun \u00f6ld\u00fc\u011f\u00fc helikopter kazas\u0131yla ilgili yeni iddia.<\/p>\n<p style=\"text-align: justify;\">Muhsin Yaz\u0131c\u0131o\u011flu ile birlikte 6 ki\u015fiye mezar olan helikopter olay\u0131ndaki istihbarat \u00e7al\u0131\u015fmalar\u0131ndaki eksiklik tekrar g\u00fcny\u00fcz\u00fcne \u00e7\u0131karken, olay sonras\u0131 arama-kurtarma \u00e7al\u0131\u015fmalar\u0131n\u0131n aksamas\u0131na neden olan &#8220;Yaz\u0131c\u0131o\u011flu kurtuldu&#8221; haberinin kayna\u011f\u0131n\u0131n Mara\u015f Emniyeti&#8217;nde g\u00f6revli Dursun \u00d6zmen oldu\u011fu kesinle\u015fti. <\/p>\n","protected":false},"author":1,"featured_media":0,"comment_status":"open","ping_status":"open","sticky":false,"template":"","format":"standard","meta":{"footnotes":""},"categories":[105],"tags":[144,103,104],"class_list":["post-40468","post","type-post","status-publish","format-standard","hentry","category-gundem","tag-bbp","tag-helikopter-kazasi","tag-muhsin-yazicioglu","odd"],"_links":{"self":[{"href":"http:\/\/www.korhanyilmaz.com\/index.php?rest_route=\/wp\/v2\/posts\/40468","targetHints":{"allow":["GET"]}}],"collection":[{"href":"http:\/\/www.korhanyilmaz.com\/index.php?rest_route=\/wp\/v2\/posts"}],"about":[{"href":"http:\/\/www.korhanyilmaz.com\/index.php?rest_route=\/wp\/v2\/types\/post"}],"author":[{"embeddable":true,"href":"http:\/\/www.korhanyilmaz.com\/index.php?rest_route=\/wp\/v2\/users\/1"}],"replies":[{"embeddable":true,"href":"http:\/\/www.korhanyilmaz.com\/index.php?rest_route=%2Fwp%2Fv2%2Fcomments&post=40468"}],"version-history":[{"count":0,"href":"http:\/\/www.korhanyilmaz.com\/index.php?rest_route=\/wp\/v2\/posts\/40468\/revisions"}],"wp:attachment":[{"href":"http:\/\/www.korhanyilmaz.com\/index.php?rest_route=%2Fwp%2Fv2%2Fmedia&parent=40468"}],"wp:term":[{"taxonomy":"category","embeddable":true,"href":"http:\/\/www.korhanyilmaz.com\/index.php?rest_route=%2Fwp%2Fv2%2Fcategories&post=40468"},{"taxonomy":"post_tag","embeddable":true,"href":"http:\/\/www.korhanyilmaz.com\/index.php?rest_route=%2Fwp%2Fv2%2Ftags&post=40468"}],"curies":[{"name":"wp","href":"https:\/\/api.w.org\/{rel}","templated":true}]}}