{"id":40457,"date":"2011-10-02T19:22:05","date_gmt":"2011-10-02T16:22:05","guid":{"rendered":"http:\/\/www.korhanyilmaz.com\/?p=40457"},"modified":"2012-01-18T04:46:24","modified_gmt":"2012-01-18T02:46:24","slug":"basbakanin-annesi-yogun-bakima-alindi","status":"publish","type":"post","link":"http:\/\/www.korhanyilmaz.com\/?p=40457","title":{"rendered":"Annesi ameliyat oldu"},"content":{"rendered":"<p><a href=\"http:\/\/www.korhanyilmaz.com\/wp-content\/uploads\/2011\/10\/7098.jpg\"  class=\"lightview\"><img loading=\"lazy\" decoding=\"async\" class=\"aligncenter size-full wp-image-40461\" title=\"\" src=\"http:\/\/www.korhanyilmaz.com\/wp-content\/uploads\/2011\/10\/7098.jpg\" alt=\"\" width=\"312\" height=\"215\" \/><\/a><\/p>\n<p style=\"text-align: justify;\">Ba\u015fbakan Erdo\u011fan, Ko\u015fuyolu Medipol Hastanesi&#8217;nde safra kesesi ameliyat\u0131 olan annesi Tenzile Erdo\u011fan&#8217;\u0131 ziyaret etti.<\/p>\n<p style=\"text-align: justify;\">Ba\u015fbakan Recep Tayyip Erdo\u011fan, d\u00fcn Meclis&#8217;in a\u00e7\u0131l\u0131\u015f t\u00f6reninden sonra \u00f6zel u\u00e7ak &#8220;DAP&#8221; ile \u0130stanbul&#8217;a geldi.<!--more--><\/p>\n<p style=\"text-align: justify;\">Erdo\u011fan&#8217;\u0131 Sabiha G\u00f6k\u00e7en Havaliman\u0131&#8217;nda \u0130stanbul B\u00fcy\u00fck\u015fehir Belediye Ba\u015fkan\u0131 Kadir Topba\u015f, Emniyet M\u00fcd\u00fcr\u00fc H\u00fcseyin \u00c7apk\u0131n ve \u00f6teki ilgililer kar\u015f\u0131lad\u0131. Ba\u015fbakan Erdo\u011fan ile birlikte e\u015fi Emine Erdo\u011fan ve k\u0131z\u0131 S\u00fcmeyye Erdo\u011fan da \u0130stanbul&#8217;a geldi.<\/p>\n<p style=\"text-align: justify;\"><strong>Hastaneye gitti\u00a0<\/strong><\/p>\n<p style=\"text-align: justify;\">Havaliman\u0131ndan ayr\u0131lan Ba\u015fbakan Erdo\u011fan, Ko\u015fuyolu Medipol Hastanesi&#8217;nde safra kesesi ameliyat\u0131 olan annesi Tenzile Erdo\u011fan&#8217;\u0131 ziyarete geldi. Ba\u015fbakan Erdo\u011fan&#8217;\u0131n hastaneye giri\u015finden k\u0131sa s\u00fcre sonra o\u011flu Bilal Erdo\u011fan da hastaneye geldi. Yakla\u015f\u0131k yar\u0131m saat hastanede kalan Bilal Erdo\u011fan, daha sonra hastaneden ayr\u0131ld\u0131. Ba\u015fbakan Erdo\u011fan ise, 1.5 saat kald\u0131\u011f\u0131 hastaneden \u00e7\u0131k\u0131\u015fta protokol \u00fcyelerinin ge\u00e7mi\u015f olsun dileklerini kabul etti. Erdo\u011fan daha sonra hastaneden ayr\u0131larak \u00dcsk\u00fcdar&#8217;daki konutuna ge\u00e7ti.<\/p>\n<p style=\"text-align: justify;\"><strong>Hastaneden a\u00e7\u0131klama\u00a0<\/strong><\/p>\n<p style=\"text-align: justify;\">\u00d6zel Medipol Hastanesi, Ba\u015fbakan Recep Tayyip Erdo\u011fan&#8217;\u0131n annesi Tenzile Erdo\u011fan&#8217;\u0131n safra kesesinin ameliyatla al\u0131nmas\u0131n\u0131n ard\u0131ndan yo\u011fun bak\u0131ma al\u0131nd\u0131\u011f\u0131n\u0131 ve takibinin devam etti\u011fini bildirdi.<\/p>\n<p style=\"text-align: justify;\">Hastaneden yap\u0131lan yaz\u0131l\u0131 a\u00e7\u0131klamada \u015funlar kaydedildi: &#8220;Tenzile Erdo\u011fan Han\u0131mefendi, 30 Eyl\u00fcl 2011 tarihinde saat 18.00 civar\u0131nda kar\u0131n a\u011fr\u0131s\u0131 ve y\u00fcksek ate\u015f \u015fikayetleriyle hastanemize m\u00fcracaat etmi\u015ftir. Yap\u0131lan klinik radyolojik ve laboratuvar tetkikler sonucunda hastam\u0131za akut kolesistit tan\u0131s\u0131 konmu\u015f olup, gerekli ameliyat haz\u0131rl\u0131klar\u0131n\u0131 takiben, d\u00fcn saat 11.00&#8217;de hastanemiz hekimlerinden Prof. Dr. Hasan Ta\u015f\u00e7\u0131 ba\u015fkanl\u0131\u011f\u0131ndaki ekip taraf\u0131ndan kolesistektomi (safra kesesinin al\u0131nmas\u0131) operasyonu ger\u00e7ekle\u015ftirilmi\u015ftir. Ameliyat sonras\u0131 yo\u011fun bak\u0131ma al\u0131nan hastam\u0131z\u0131n takibi devam etmektedir. Han\u0131mefendiye acil \u015fifalar dileriz. &#8220;<\/p>\n<p style=\"text-align: justify;\"><a href=\"http:\/\/www.cnnturk.com\/2011\/guncel\/10\/02\/annesi.ameliyat.oldu\/631461.0\/index.html\" target=\"_blank\">Kaynak : CNN T\u00dcRK<\/a><\/p>\n","protected":false},"excerpt":{"rendered":"<\/p>\n<p style=\"text-align: justify;\">Ba\u015fbakan Erdo\u011fan, Ko\u015fuyolu Medipol Hastanesi&#8217;nde safra kesesi ameliyat\u0131 olan annesi Tenzile Erdo\u011fan&#8217;\u0131 ziyaret etti.<\/p>\n<p style=\"text-align: justify;\">Ba\u015fbakan Recep Tayyip Erdo\u011fan, d\u00fcn Meclis&#8217;in a\u00e7\u0131l\u0131\u015f t\u00f6reninden sonra \u00f6zel u\u00e7ak &#8220;DAP&#8221; ile \u0130stanbul&#8217;a geldi.<\/p>\n","protected":false},"author":1,"featured_media":0,"comment_status":"open","ping_status":"open","sticky":false,"template":"","format":"standard","meta":{"footnotes":""},"categories":[105],"tags":[421,12,422],"class_list":["post-40457","post","type-post","status-publish","format-standard","hentry","category-gundem","tag-ozel-medipol-hastanesi","tag-recep-tayyip-erdogan","tag-tenzile-erdogan","odd"],"_links":{"self":[{"href":"http:\/\/www.korhanyilmaz.com\/index.php?rest_route=\/wp\/v2\/posts\/40457","targetHints":{"allow":["GET"]}}],"collection":[{"href":"http:\/\/www.korhanyilmaz.com\/index.php?rest_route=\/wp\/v2\/posts"}],"about":[{"href":"http:\/\/www.korhanyilmaz.com\/index.php?rest_route=\/wp\/v2\/types\/post"}],"author":[{"embeddable":true,"href":"http:\/\/www.korhanyilmaz.com\/index.php?rest_route=\/wp\/v2\/users\/1"}],"replies":[{"embeddable":true,"href":"http:\/\/www.korhanyilmaz.com\/index.php?rest_route=%2Fwp%2Fv2%2Fcomments&post=40457"}],"version-history":[{"count":0,"href":"http:\/\/www.korhanyilmaz.com\/index.php?rest_route=\/wp\/v2\/posts\/40457\/revisions"}],"wp:attachment":[{"href":"http:\/\/www.korhanyilmaz.com\/index.php?rest_route=%2Fwp%2Fv2%2Fmedia&parent=40457"}],"wp:term":[{"taxonomy":"category","embeddable":true,"href":"http:\/\/www.korhanyilmaz.com\/index.php?rest_route=%2Fwp%2Fv2%2Fcategories&post=40457"},{"taxonomy":"post_tag","embeddable":true,"href":"http:\/\/www.korhanyilmaz.com\/index.php?rest_route=%2Fwp%2Fv2%2Ftags&post=40457"}],"curies":[{"name":"wp","href":"https:\/\/api.w.org\/{rel}","templated":true}]}}