{"id":40440,"date":"2011-10-01T18:05:02","date_gmt":"2011-10-01T15:05:02","guid":{"rendered":"http:\/\/www.korhanyilmaz.com\/?p=40440"},"modified":"2011-10-02T06:19:13","modified_gmt":"2011-10-02T03:19:13","slug":"bdp-milletvekilleri-yemin-etti","status":"publish","type":"post","link":"http:\/\/www.korhanyilmaz.com\/?p=40440","title":{"rendered":"BDP milletvekilleri yemin etti"},"content":{"rendered":"<p style=\"text-align: center;\"><a href=\"http:\/\/www.korhanyilmaz.com\/wp-content\/uploads\/2011\/10\/7094.jpg\"  class=\"lightview\"><img loading=\"lazy\" decoding=\"async\" class=\"aligncenter  wp-image-40441\" src=\"http:\/\/www.korhanyilmaz.com\/wp-content\/uploads\/2011\/10\/7094.jpg\" alt=\"\" width=\"322\" height=\"241\" \/><\/a><\/p>\n<p style=\"text-align: justify;\">YSK vetosu ve tutuklu milletvekillerinin tahliye edilmemesini protesto etmek i\u00e7in se\u00e7imlerden sonra yemin etmeyen BDP&#8217;liler yakla\u015f\u0131k \u00fc\u00e7 ayl\u0131k bir s\u00fcrenin ard\u0131ndan Meclis&#8217;e gelerek yemin etti. BDP Batman Milletvekili Bengi Y\u0131ld\u0131z&#8217;\u0131n kat\u0131lmad\u0131\u011f\u0131 yemin t\u00f6renini Ba\u015fbakan Recep Tayyip Erdo\u011fan ve CHP lideri Kemal K\u0131l\u0131\u00e7daro\u011flu da izlemedi.<!--more--><\/p>\n<p style=\"text-align: justify;\">Ankara &#8211; Meclis Genel Kurulu Cumhurba\u015fkan\u0131 Abdullah G\u00fcl&#8217;\u00fcn konu\u015fmas\u0131n\u0131 bitirdikten sonra verilen 10 dakikal\u0131k aradan sonra BDP&#8217;li milletvekillerinin yemini i\u00e7in topland\u0131.<\/p>\n<p style=\"text-align: justify;\"><strong>CHP&#8217;li Gen\u00e7&#8217;ten itiraz\u00a0<\/strong><\/p>\n<p style=\"text-align: justify;\">Oturum a\u00e7\u0131l\u0131rken Meclis Ba\u015fkan\u0131 Cemil \u00c7i\u00e7ek yemin etmeyen milletvekillerinin bu oturumda yemin edece\u011fini s\u00f6yledi. \u00c7i\u00e7ek&#8217;in bu s\u00f6zlerinin ard\u0131ndan CHP Tunceli milletvekili Kamer Gen\u00e7 yeminin Meclis&#8217;in a\u00e7\u0131l\u0131\u015f\u0131nda yap\u0131lmas\u0131 gerekti\u011fini belirterek itiraz etti. Meclis Ba\u015fkan\u0131 \u00c7i\u00e7ek, Cumhurba\u015fkan\u0131n\u0131n konu\u015fmas\u0131n\u0131n Anayasa 104. maddede d\u00fczenlendi\u011fini belirterek &#8220;Normlar \u00f6l\u00e7\u00fcs\u00fcnde Anayasa i\u00e7t\u00fcz\u00fckten \u00f6nce gelir. 1951 y\u0131l\u0131nda da o zamanki anayasan\u0131n 36. maddesine g\u00f6re \u00f6nce Cumhurba\u015fkan\u0131 genel kurula konu\u015fmu\u015f yemin merasimi burada oldu\u011fu gibi ger\u00e7ekle\u015fmi\u015ftir&#8221; dedi. \u00c7i\u00e7ek bu s\u00f6zlerinin ard\u0131ndan milletvekilleri alfabetik s\u0131raya g\u00f6re k\u00fcrs\u00fcye davet edildi.<\/p>\n<p style=\"text-align: justify;\"><strong>Ba\u015fbakan Erdo\u011fan ve CHP lideri dinlemedi\u00a0<\/strong><\/p>\n<p style=\"text-align: justify;\">BDP&#8217;li milletvekillerinin yemin edece\u011fi oturuma Ba\u015fbakan Erdo\u011fan ve CHP lideri K\u0131l\u0131\u00e7daro\u011flu kat\u0131lmad\u0131. Ba\u015fbakan Yard\u0131mc\u0131s\u0131 B\u00fclent Ar\u0131n\u00e7 yemin t\u00f6renini k\u0131sa bir s\u00fcre izledi. Ar\u0131n\u00e7&#8217;\u0131n yemin t\u00f6renini izlerken bir ka\u00e7 kez alk\u0131\u015flad\u0131\u011f\u0131 g\u00f6r\u00fcld\u00fc. Yemin t\u00f6reni s\u00fcrerken Ar\u0131n\u00e7 Genel Kurul salonundan ayr\u0131ld\u0131. Ar\u0131n\u00e7&#8217;\u0131n ayr\u0131lmas\u0131ndan sonra Ba\u015fbakan Yard\u0131mc\u0131s\u0131 Be\u015fir Atalay Genel Kurul salonuna gelerek yemin t\u00f6renini izledi. BDP&#8217;lilerin yemin t\u00f6renini genel ba\u015fkanlardan sadece MHP Genel Ba\u015fkan\u0131 Bah\u00e7eli izledi.<\/p>\n<p style=\"text-align: justify;\"><strong>BDP&#8217;liler alk\u0131\u015flamad\u0131\u00a0<\/strong><\/p>\n<p style=\"text-align: justify;\">BDP&#8217;liler yemin ederken AKP, CHP ve MHP s\u0131ralar\u0131ndan alk\u0131\u015flayan olmad\u0131. BDP&#8217;lilerin de kendi arkada\u015flar\u0131n\u0131n yeminlerini alk\u0131\u015flamamas\u0131 dikkat \u00e7ekti.<\/p>\n<p style=\"text-align: justify;\"><strong>Bengi Y\u0131ld\u0131z kat\u0131lmad\u0131\u00a0<\/strong><\/p>\n<p style=\"text-align: justify;\">Bodrum&#8217;daki tatil g\u00f6r\u00fcnt\u00fcleri nedeniyle partisinin hakk\u0131nda disiplin soru\u015fturmas\u0131 ba\u015flatt\u0131\u011f\u0131 BDP Batman Milletvekili Bengi Y\u0131ld\u0131z yemin t\u00f6renine kat\u0131lmad\u0131. Bengi Y\u0131ld\u0131z isminin okunmas\u0131ndan sonra &#8220;yok&#8221; olarak yaz\u0131ld\u0131.<\/p>\n<p style=\"text-align: justify;\"><strong>Tutuklu milletvekillerinin ismi okunmad\u0131\u00a0<\/strong><\/p>\n<p style=\"text-align: justify;\">Yemin etmeyen milletvekillerinin ismi okunurken tutuklu bulunan milletvekillerinin isimleri okunmad\u0131. Yemin etmeyen CHP milletvekili \u0130sa G\u00f6k&#8217;\u00fcn ismi okundu. G\u00f6k yemin t\u00f6reninde bulunmad\u0131\u011f\u0131 i\u00e7in &#8220;yok&#8221; yaz\u0131ld\u0131.<\/p>\n<p style=\"text-align: justify;\"><strong>Leyla Zana&#8217;ya b\u00fcy\u00fck ilgi\u00a0<\/strong><\/p>\n<p style=\"text-align: justify;\">17 y\u0131l \u00f6nce K\u00fcrt\u00e7e yemin etmesinden sonra ald\u0131\u011f\u0131 ceza \u00fczerine Meclis&#8217;ten g\u00f6zalt\u0131na al\u0131narak tutuklanan Meclis Diyarbak\u0131r Ba\u011f\u0131ms\u0131z Milletvekili Leyla Zana&#8217;n\u0131n yemin etmesi ilgiyle izlendi.<\/p>\n<p style=\"text-align: justify;\"><strong>\u00c7i\u00e7ek&#8217;ten bakanlara uyar\u0131\u00a0<\/strong><\/p>\n<p style=\"text-align: justify;\">Yemin t\u00f6reni s\u00fcrerken milletvekillerinin ilgisizli\u011fi \u00fczerine Meclis Ba\u015fkan\u0131 Cemil \u00c7i\u00e7ek uyar\u0131da bulundu. Ayakta bulunan vekillere seslenen \u00c7i\u00e7ek, &#8220;Ya otural\u0131m ya kulislere \u00e7\u0131kal\u0131m&#8221; dedi. \u00c7i\u00e7ek&#8217;in uyar\u0131s\u0131ndan Bakanlar da pay\u0131n\u0131 ald\u0131. \u00c7i\u00e7ek milletvekillerini uyard\u0131ktan sonra Bakanlar Kurulu s\u0131ras\u0131nda sohbet eden bakanlar\u0131 g\u00f6r\u00fcnce, &#8220;Bakanlardan da rica ediyorum, g\u00f6r\u00fc\u015fmeleri varsa l\u00fctfen d\u0131\u015far\u0131da&#8221; uyar\u0131s\u0131nda bulundu. \u00c7i\u00e7ek&#8217;in bu s\u00f6zleri CHP s\u0131ralar\u0131ndan alk\u0131\u015f ald\u0131.<\/p>\n<p style=\"text-align: justify;\"><a href=\"http:\/\/www.cumhuriyet.com.tr\/?hn=281718&amp;kw=BDP+milletvekilleri+yemin+etti+\" target=\"_blank\">Kaynak : Cumhuriyet Haber Portal\u0131<\/a><\/p>\n","protected":false},"excerpt":{"rendered":"<p style=\"text-align: center;\">\n<p style=\"text-align: justify;\">YSK vetosu ve tutuklu milletvekillerinin tahliye edilmemesini protesto etmek i\u00e7in se\u00e7imlerden sonra yemin etmeyen BDP&#8217;liler yakla\u015f\u0131k \u00fc\u00e7 ayl\u0131k bir s\u00fcrenin ard\u0131ndan Meclis&#8217;e gelerek yemin etti. BDP Batman Milletvekili Bengi Y\u0131ld\u0131z&#8217;\u0131n kat\u0131lmad\u0131\u011f\u0131 yemin t\u00f6renini Ba\u015fbakan Recep Tayyip Erdo\u011fan ve CHP lideri Kemal K\u0131l\u0131\u00e7daro\u011flu da izlemedi.<\/p>\n","protected":false},"author":1,"featured_media":0,"comment_status":"open","ping_status":"open","sticky":false,"template":"","format":"standard","meta":{"footnotes":""},"categories":[105],"tags":[],"class_list":["post-40440","post","type-post","status-publish","format-standard","hentry","category-gundem","odd"],"_links":{"self":[{"href":"http:\/\/www.korhanyilmaz.com\/index.php?rest_route=\/wp\/v2\/posts\/40440","targetHints":{"allow":["GET"]}}],"collection":[{"href":"http:\/\/www.korhanyilmaz.com\/index.php?rest_route=\/wp\/v2\/posts"}],"about":[{"href":"http:\/\/www.korhanyilmaz.com\/index.php?rest_route=\/wp\/v2\/types\/post"}],"author":[{"embeddable":true,"href":"http:\/\/www.korhanyilmaz.com\/index.php?rest_route=\/wp\/v2\/users\/1"}],"replies":[{"embeddable":true,"href":"http:\/\/www.korhanyilmaz.com\/index.php?rest_route=%2Fwp%2Fv2%2Fcomments&post=40440"}],"version-history":[{"count":0,"href":"http:\/\/www.korhanyilmaz.com\/index.php?rest_route=\/wp\/v2\/posts\/40440\/revisions"}],"wp:attachment":[{"href":"http:\/\/www.korhanyilmaz.com\/index.php?rest_route=%2Fwp%2Fv2%2Fmedia&parent=40440"}],"wp:term":[{"taxonomy":"category","embeddable":true,"href":"http:\/\/www.korhanyilmaz.com\/index.php?rest_route=%2Fwp%2Fv2%2Fcategories&post=40440"},{"taxonomy":"post_tag","embeddable":true,"href":"http:\/\/www.korhanyilmaz.com\/index.php?rest_route=%2Fwp%2Fv2%2Ftags&post=40440"}],"curies":[{"name":"wp","href":"https:\/\/api.w.org\/{rel}","templated":true}]}}