{"id":40436,"date":"2011-10-01T17:38:03","date_gmt":"2011-10-01T14:38:03","guid":{"rendered":"http:\/\/www.korhanyilmaz.com\/?p=40436"},"modified":"2011-10-02T06:07:03","modified_gmt":"2011-10-02T03:07:03","slug":"10-karanfilin-sirri","status":"publish","type":"post","link":"http:\/\/www.korhanyilmaz.com\/?p=40436","title":{"rendered":"10 karanfilin s\u0131rr\u0131"},"content":{"rendered":"<p style=\"text-align: center;\"><a href=\"http:\/\/www.korhanyilmaz.com\/wp-content\/uploads\/2011\/10\/7093.jpg\"  class=\"lightview\"><img loading=\"lazy\" decoding=\"async\" class=\"aligncenter  wp-image-40437\" src=\"http:\/\/www.korhanyilmaz.com\/wp-content\/uploads\/2011\/10\/7093.jpg\" alt=\"\" width=\"396\" height=\"180\" \/><\/a><\/p>\n<p style=\"text-align: justify;\">A\u00e7\u0131l\u0131\u015f t\u00f6reni \u00f6ncesi Meclis bah\u00e7esinde gazetecilerin oda\u011f\u0131nda BDP&#8217;nin destekledi\u011fi Mersin ba\u011f\u0131ms\u0131z milletvekili Ertu\u011frul K\u00fcrk\u00e7\u00fc vard\u0131.<\/p>\n<p style=\"text-align: justify;\">Mersin Milletvekili Ertu\u011frul K\u00fcrk\u00e7\u00fc, TBMM&#8217;nin a\u00e7\u0131l\u0131\u015f t\u00f6renlerine yakas\u0131nda &#8220;10 karanfil&#8221; rozetiyle kat\u0131ld\u0131. Rozetin anlam\u0131n\u0131 soran bir gazeteciye, &#8220;Bilmiyor musunuz&#8221; diye k\u0131zd\u0131. K\u00fcrk\u00e7\u00fc yemin ederken de karanfili \u00e7\u0131kartmad\u0131 ve yeminini karanfili tutarak bitirdi&#8230;\u00a0<!--more--><\/p>\n<p style=\"text-align: justify;\"><strong>\u0130\u015fte o rozetin \u00f6yk\u00fcs\u00fc&#8230;\u00a0<\/strong><\/p>\n<p style=\"text-align: justify;\">K\u00fcrk\u00e7\u00fc&#8217;n\u00fcn, K\u0131z\u0131ldere bask\u0131n\u0131nda hayat\u0131n\u0131 kaybeden 10 arkada\u015f\u0131 i\u00e7in yakas\u0131na &#8220;10 karanfil&#8221; rozeti takt\u0131\u011f\u0131 g\u00f6r\u00fcld\u00fc.<\/p>\n<p style=\"text-align: justify;\"><strong>&#8220;10 KARANF\u0130L&#8221;\u0130N SIRRI<\/strong><\/p>\n<p style=\"text-align: justify;\">Deniz Gezmi\u015f, Yusuf Aslan ve H\u00fcseyin \u0130nan&#8217;\u0131n idamlar\u0131n\u0131 durdurmak isteyen Mahir \u00c7ayan ve aralar\u0131nda Ertu\u011frul K\u00fcrk\u00e7\u00fc&#8217;n\u00fcn de bulundu\u011fu arkada\u015flar\u0131, 26 Mart 1972 g\u00fcn\u00fc Ordu&#8217;nun \u00dcnye il\u00e7esindeki NATO dinleme \u00fcss\u00fcndeki 3 yabanc\u0131 g\u00f6revliyi ka\u00e7\u0131rd\u0131.<\/p>\n<p style=\"text-align: justify;\">27 Mart sabah\u0131 K\u0131z\u0131ldere k\u00f6y\u00fcne ula\u015fan Mahir \u00c7ayan ve arkada\u015flar\u0131 (Ertu\u011frul K\u00fcrk\u00e7\u00fc, H\u00fcdai Ar\u0131kan, Cihan Alptekin, Nihat Y\u0131lmaz, Ertan Sar\u0131han, Ahmet Atasoy, Sinan Kaz\u0131m \u00d6z\u00fcdo\u011fru, Sabahattin Kurt, \u00d6mer Ayna, Saffet Alp) k\u00f6y\u00fcn muhtar\u0131n\u0131n evinde gizlenmeye ba\u015flad\u0131. 30 mart 1972 g\u00fcn\u00fc k\u00f6y\u00fcn muhtar\u0131n\u0131n evine bilgi almak i\u00e7in gelen jandarmalara \u00f6nceden haz\u0131rlanm\u0131\u015f ihbar mektubunu teslim etmesi \u00fczerine operasyon ba\u015flad\u0131.<\/p>\n<p style=\"text-align: justify;\">Gizlendikleri evde etraflar\u0131 sar\u0131lan \u00c7ayan ve arkada\u015flar\u0131 teslim olmay\u0131 reddedince eve \u00e7ok \u015fiddetli bir operasyon yap\u0131ld\u0131. Operasyonda \u00c7ayan ve 9 arkada\u015f\u0131 ile 3 NATO teknisyeni hayatlar\u0131n\u0131 yitirdi. Operasyondan sa\u011f kurtulan tek isim ise K\u00fcrk\u00e7\u00fc oldu. \u0130\u015fte Meclis&#8217;e gelirken K\u00fcrk\u00e7\u00fc&#8217;n\u00fcn yakas\u0131na takt\u0131\u011f\u0131 rozetteki 10 karanfil 1972&#8217;de \u00f6ld\u00fcr\u00fclen o on arkada\u015f\u0131n\u0131 simgeliyor.<\/p>\n<p style=\"text-align: justify;\"><strong>KOLTUKLARI BO\u015e BIRAKTILAR<\/strong><\/p>\n<p style=\"text-align: justify;\">Bu arada BDP deste\u011fiyle se\u00e7ilen ba\u011f\u0131ms\u0131z vekillerin olu\u015fturdu\u011fu grubun oturdu\u011fu koltuklarda, milletvekilli\u011fi d\u00fc\u015f\u00fcr\u00fclen Hatip Dicle ve milletvekili se\u00e7ildikleri halde tutuklu olduklar\u0131 i\u00e7in meclise giremeyen 4 BDP&#8217;li i\u00e7in isimlerinin yaz\u0131l\u0131 oldu\u011fu ka\u011f\u0131tlar b\u0131rak\u0131ld\u0131\u011f\u0131 g\u00f6r\u00fcld\u00fc.<\/p>\n<p style=\"text-align: justify;\">A\u00e7\u0131l\u0131\u015f t\u00f6renini Genelkurmay Ba\u015fkan\u0131 Orgeneral Necdet \u00d6zel ve Kuvvet Komutanlar\u0131 da TBMM locas\u0131ndan t\u00f6renleri izledi.<\/p>\n<p style=\"text-align: justify;\"><strong>MASALARA BIRAKILAN \u00c7\u0130\u00c7EKLE MESAJ<\/strong><\/p>\n<p style=\"text-align: justify;\">Meclis a\u00e7\u0131l\u0131\u015f\u0131 \u00f6ncesi milletvekillerinin masalar\u0131na \u00e7i\u00e7ek buketleri b\u0131rak\u0131ld\u0131. &#8220;\u0130yimserli\u011fi&#8221; simgeleyen gerbera t\u00fcr\u00fc \u00e7i\u00e7eklerdeki k\u0131rm\u0131z\u0131 rengin &#8220;s\u0131ms\u0131cak dostlu\u011fu&#8221; temsil etti\u011fi belirtildi.<\/p>\n<p style=\"text-align: justify;\"><strong>T-SH\u0130RT&#8217;TEK\u0130 MESAJ<\/strong><\/p>\n<p style=\"text-align: justify;\">CHP \u0130stanbul Milletvekili \u015eafak Pavey ise t\u00f6renlere ceketinin alt\u0131na giydi\u011fi &#8220;\u0130mdat do\u011fa&#8221; yaz\u0131l\u0131 t-shirt ile kat\u0131ld\u0131.<\/p>\n<p style=\"text-align: justify;\"><a href=\"http:\/\/www.gazeteport.com.tr\/haber\/55290\/10_karanfilin_sirri\" target=\"_blank\">Kaynak : GAZETEPORT<\/a><\/p>\n","protected":false},"excerpt":{"rendered":"<p style=\"text-align: center;\">\n<p style=\"text-align: justify;\">A\u00e7\u0131l\u0131\u015f t\u00f6reni \u00f6ncesi Meclis bah\u00e7esinde gazetecilerin oda\u011f\u0131nda BDP&#8217;nin destekledi\u011fi Mersin ba\u011f\u0131ms\u0131z milletvekili Ertu\u011frul K\u00fcrk\u00e7\u00fc vard\u0131.<\/p>\n<p style=\"text-align: justify;\">Mersin Milletvekili Ertu\u011frul K\u00fcrk\u00e7\u00fc, TBMM&#8217;nin a\u00e7\u0131l\u0131\u015f t\u00f6renlerine yakas\u0131nda &#8220;10 karanfil&#8221; rozetiyle kat\u0131ld\u0131. Rozetin anlam\u0131n\u0131 soran bir gazeteciye, &#8220;Bilmiyor musunuz&#8221; diye k\u0131zd\u0131. K\u00fcrk\u00e7\u00fc yemin ederken de karanfili \u00e7\u0131kartmad\u0131 ve yeminini karanfili tutarak bitirdi&#8230; <\/p>\n","protected":false},"author":1,"featured_media":0,"comment_status":"open","ping_status":"open","sticky":false,"template":"","format":"standard","meta":{"footnotes":""},"categories":[105],"tags":[],"class_list":["post-40436","post","type-post","status-publish","format-standard","hentry","category-gundem","odd"],"_links":{"self":[{"href":"http:\/\/www.korhanyilmaz.com\/index.php?rest_route=\/wp\/v2\/posts\/40436","targetHints":{"allow":["GET"]}}],"collection":[{"href":"http:\/\/www.korhanyilmaz.com\/index.php?rest_route=\/wp\/v2\/posts"}],"about":[{"href":"http:\/\/www.korhanyilmaz.com\/index.php?rest_route=\/wp\/v2\/types\/post"}],"author":[{"embeddable":true,"href":"http:\/\/www.korhanyilmaz.com\/index.php?rest_route=\/wp\/v2\/users\/1"}],"replies":[{"embeddable":true,"href":"http:\/\/www.korhanyilmaz.com\/index.php?rest_route=%2Fwp%2Fv2%2Fcomments&post=40436"}],"version-history":[{"count":0,"href":"http:\/\/www.korhanyilmaz.com\/index.php?rest_route=\/wp\/v2\/posts\/40436\/revisions"}],"wp:attachment":[{"href":"http:\/\/www.korhanyilmaz.com\/index.php?rest_route=%2Fwp%2Fv2%2Fmedia&parent=40436"}],"wp:term":[{"taxonomy":"category","embeddable":true,"href":"http:\/\/www.korhanyilmaz.com\/index.php?rest_route=%2Fwp%2Fv2%2Fcategories&post=40436"},{"taxonomy":"post_tag","embeddable":true,"href":"http:\/\/www.korhanyilmaz.com\/index.php?rest_route=%2Fwp%2Fv2%2Ftags&post=40436"}],"curies":[{"name":"wp","href":"https:\/\/api.w.org\/{rel}","templated":true}]}}