{"id":40432,"date":"2011-10-01T18:03:54","date_gmt":"2011-10-01T15:03:54","guid":{"rendered":"http:\/\/www.korhanyilmaz.com\/?p=40432"},"modified":"2011-10-02T06:02:09","modified_gmt":"2011-10-02T03:02:09","slug":"erdogandan-kilicdarogluna-mesaj","status":"publish","type":"post","link":"http:\/\/www.korhanyilmaz.com\/?p=40432","title":{"rendered":"Erdo\u011fan&#8217;dan K\u0131l\u0131\u00e7daro\u011flu&#8217;na mesaj"},"content":{"rendered":"<p style=\"text-align: center;\"><a href=\"http:\/\/www.korhanyilmaz.com\/wp-content\/uploads\/2011\/10\/7092.jpg\"  class=\"lightview\"><img loading=\"lazy\" decoding=\"async\" class=\"aligncenter  wp-image-40433\" src=\"http:\/\/www.korhanyilmaz.com\/wp-content\/uploads\/2011\/10\/7092.jpg\" alt=\"\" width=\"416\" height=\"189\" \/><\/a><\/p>\n<p style=\"text-align: justify;\">Ba\u015fbakan Erdo\u011fan, CHP lideri K\u0131l\u0131\u00e7daro\u011flu&#8217;nun &#8220;Ba\u015fbakanl\u0131k yan gelip yatma yeri midir?&#8221; sorusuna yan\u0131t verdi: &#8220;Yan gelip yatanlara millet y\u00fczde 50 oy vermez.&#8221;<\/p>\n<p style=\"text-align: justify;\">TBMM- Ba\u015fbakan Recep Tayyip Erdo\u011fan, kendilerinin yan gelip yatmad\u0131\u011f\u0131n\u0131 milletin bildi\u011fini ve bildi\u011fi i\u00e7in de 2 ki\u015fiden birinin oy verdi\u011fini belirterek, &#8221;Herhalde yan gelip yatanlara bu millet y\u00fczde 50 oy vermez&#8221; dedi.\u00a0<!--more--><\/p>\n<p style=\"text-align: justify;\">Erdo\u011fan, TBMM&#8217;den ayr\u0131l\u0131rken bir gazetecinin, &#8221;Hay\u0131rl\u0131 olsun&#8221; diyerek, yeni yasama y\u0131l\u0131 ile ilgili de\u011ferlendirmesini sormas\u0131 \u00fczerine, &#8221;Arzulad\u0131\u011f\u0131m\u0131z gibi yeni yasama y\u0131l\u0131 b\u00f6ylece a\u00e7\u0131lm\u0131\u015f oldu&#8221; dedi.<\/p>\n<p style=\"text-align: justify;\">\u00dclke ve millet i\u00e7in \u00f6ncelikli olarak, bu yasama y\u0131l\u0131 i\u00e7erisinde yeni Anayasa \u00e7al\u0131\u015fmalar\u0131n\u0131 ba\u015far\u0131yla sonu\u00e7land\u0131rmak istediklerini ifade eden Erdo\u011fan, \u015f\u00f6yle konu\u015ftu:<\/p>\n<p style=\"text-align: justify;\">\u00a0&#8221;B\u00fct\u00fcn ekibimizi adeta buna modlad\u0131k. Bu y\u0131l i\u00e7erisinde, gerek anamuhalefet gerek di\u011fer muhalefet partileri ile uyumlu bir \u00e7al\u0131\u015fma neticesinde komisyon \u00e7al\u0131\u015fmalar\u0131n\u0131 bitirir ve ard\u0131ndan da Meclise sunabilirsek, s\u00fcratle olu\u015facak bir ittifakla bu i\u015fi \u00e7\u00f6zm\u00fc\u015f oluruz. Sivil toplum \u00f6rg\u00fctleriyle Meclis i\u00e7i ve d\u0131\u015f\u0131ndaki partilerin de kat\u0131l\u0131m\u0131n\u0131 almak suretiyle bu sivil Anayasan\u0131n ger\u00e7ekle\u015fmesi, \u00fclkemizi gelece\u011fe \u00e7ok daha g\u00fc\u00e7l\u00fc bir \u015fekilde haz\u0131rlayacakt\u0131r. Biz bu noktada her t\u00fcrl\u00fc kat\u0131l\u0131m\u0131 \u00f6n ko\u015fulsuz vermeye haz\u0131r oldu\u011fumuzu, bu ziyaretleri yapan arkada\u015flar\u0131m\u0131z kendilerine bildirdiler. \u015eu anda BDP yeminini yapt\u0131. Partimizin Genel Sekreterli\u011fi ayn\u0131 \u015fekilde onlara da randevu talebimizi iletecek. Arkada\u015flar\u0131m\u0131z yine ayn\u0131 \u015fekilde gidip, kendilerini ziyaret edecekler, onlarla da bu g\u00f6r\u00fc\u015fmeyi yapacaklar.&#8221;<\/p>\n<p style=\"text-align: justify;\">Ba\u015fbakan Erdo\u011fan, Hatay ziyaretinin netle\u015fip netle\u015fmedi\u011finin sorulmas\u0131 \u00fczerine, gelecek g\u00fcnlerde G\u00fcney Afrika ziyaretinin g\u00fcndemde oldu\u011funu ifade ederek, &#8221;G\u00fcney Afrika&#8217;dan d\u00f6ner d\u00f6nmez o ad\u0131m\u0131 ataca\u011f\u0131z&#8221; dedi.<\/p>\n<p style=\"text-align: justify;\">&#8221;(Beni daha fazla konu\u015fturmay\u0131n) dediniz ama ter\u00f6r konusunda K\u0131l\u0131\u00e7daro\u011flu&#8217;nun baz\u0131 ele\u015ftirileri oldu. Bir de\u011ferlendirmeniz olacak m\u0131?&#8221; sorusunu yan\u0131tlayan Ba\u015fbakan Erdo\u011fan, &#8221;Arkada\u015flar\u0131m zaten gerekli cevab\u0131 verdi&#8221; dedi.<\/p>\n<p style=\"text-align: justify;\"><strong>&#8220;TER\u00d6RLE \u0130LG\u0130L\u0130 KATKILARI NE OLCAK, L\u00dcTFEN SORUN&#8221;<\/strong><\/p>\n<p style=\"text-align: justify;\">Ba\u015fbakan Erdo\u011fan, s\u00f6zlerini \u015f\u00f6yle s\u00fcrd\u00fcrd\u00fc:<\/p>\n<p style=\"text-align: justify;\">&#8221;Anamuhalefet, muhalefet&#8230; Ter\u00f6rle ilgili katk\u0131lar\u0131 ne olacak, l\u00fctfen onlar\u0131 sorun? Bunlar\u0131n ki ter\u00f6re katk\u0131, ne yaz\u0131k ki ter\u00f6rle m\u00fccadele de\u011fil. \u00c7\u00fcnk\u00fc m\u00fccadele olsa, &#8216;\u015funu yaparsak iyi olur demesi laz\u0131m&#8217; de\u011fil mi? Ben bunu gelirken arkada\u015flar\u0131ma da s\u00f6yledim; bunlara sorun, sizin katk\u0131n\u0131z ne olacak? Ne yap\u0131lmas\u0131n\u0131 tavsiye ediyorsunuz?<\/p>\n<p style=\"text-align: justify;\">\u015eu ana kadar siz bunlardan b\u00f6yle bir \u015fey ald\u0131n\u0131z m\u0131? &#8216;\u015eunu yaparsak, H\u00fck\u00fcmet bunu yaparsa isabetli, faydal\u0131 olur&#8217; diye bir \u015fey kendilerinden duydunuz mu? Bunu kendilerinden bir al\u0131n. B\u00f6yle bir \u015fey yok. Bize bunlar\u0131 sormak suretiyle bu adamlar\u0131 me\u015frula\u015ft\u0131r\u0131yorsunuz arkada\u015flar, g\u00fcndemde tutuyorsunuz. Bunlarla ilgili haberlerin \u00e7\u0131kmas\u0131, televizyonlarda programlar\u0131n yap\u0131lmas\u0131 bile ter\u00f6ristin ve ter\u00f6rizmin propagandas\u0131n\u0131 yapmakt\u0131r ki ter\u00f6r odaklar\u0131 burada daha da kendilerine g\u00f6re g\u00fc\u00e7 buluyorlar. Bunlar\u0131 g\u00fcndemden d\u00fc\u015f\u00fcrmek laz\u0131m. Onun i\u00e7in diyorum, daha fazla konu\u015fturmay\u0131n.&#8221;<\/p>\n<p style=\"text-align: justify;\"><a href=\"http:\/\/www.gazeteport.com.tr\/haber\/55294\/erdogandan_kilicdarogluna_mesaj\" target=\"_blank\">Kaynak : GAZETEPORT<\/a><\/p>\n","protected":false},"excerpt":{"rendered":"<p style=\"text-align: center;\">\n<p style=\"text-align: justify;\">Ba\u015fbakan Erdo\u011fan, CHP lideri K\u0131l\u0131\u00e7daro\u011flu&#8217;nun &#8220;Ba\u015fbakanl\u0131k yan gelip yatma yeri midir?&#8221; sorusuna yan\u0131t verdi: &#8220;Yan gelip yatanlara millet y\u00fczde 50 oy vermez.&#8221;<\/p>\n<p style=\"text-align: justify;\">TBMM- Ba\u015fbakan Recep Tayyip Erdo\u011fan, kendilerinin yan gelip yatmad\u0131\u011f\u0131n\u0131 milletin bildi\u011fini ve bildi\u011fi i\u00e7in de 2 ki\u015fiden birinin oy verdi\u011fini belirterek, &#8221;Herhalde yan gelip yatanlara bu <\/p>\n","protected":false},"author":1,"featured_media":0,"comment_status":"open","ping_status":"open","sticky":false,"template":"","format":"standard","meta":{"footnotes":""},"categories":[105],"tags":[],"class_list":["post-40432","post","type-post","status-publish","format-standard","hentry","category-gundem","odd"],"_links":{"self":[{"href":"http:\/\/www.korhanyilmaz.com\/index.php?rest_route=\/wp\/v2\/posts\/40432","targetHints":{"allow":["GET"]}}],"collection":[{"href":"http:\/\/www.korhanyilmaz.com\/index.php?rest_route=\/wp\/v2\/posts"}],"about":[{"href":"http:\/\/www.korhanyilmaz.com\/index.php?rest_route=\/wp\/v2\/types\/post"}],"author":[{"embeddable":true,"href":"http:\/\/www.korhanyilmaz.com\/index.php?rest_route=\/wp\/v2\/users\/1"}],"replies":[{"embeddable":true,"href":"http:\/\/www.korhanyilmaz.com\/index.php?rest_route=%2Fwp%2Fv2%2Fcomments&post=40432"}],"version-history":[{"count":0,"href":"http:\/\/www.korhanyilmaz.com\/index.php?rest_route=\/wp\/v2\/posts\/40432\/revisions"}],"wp:attachment":[{"href":"http:\/\/www.korhanyilmaz.com\/index.php?rest_route=%2Fwp%2Fv2%2Fmedia&parent=40432"}],"wp:term":[{"taxonomy":"category","embeddable":true,"href":"http:\/\/www.korhanyilmaz.com\/index.php?rest_route=%2Fwp%2Fv2%2Fcategories&post=40432"},{"taxonomy":"post_tag","embeddable":true,"href":"http:\/\/www.korhanyilmaz.com\/index.php?rest_route=%2Fwp%2Fv2%2Ftags&post=40432"}],"curies":[{"name":"wp","href":"https:\/\/api.w.org\/{rel}","templated":true}]}}