{"id":40427,"date":"2011-10-01T17:56:10","date_gmt":"2011-10-01T14:56:10","guid":{"rendered":"http:\/\/www.korhanyilmaz.com\/?p=40427"},"modified":"2011-10-02T05:51:18","modified_gmt":"2011-10-02T02:51:18","slug":"tbmmnin-acilis-toreninde-gulden-onemli-mesajlar","status":"publish","type":"post","link":"http:\/\/www.korhanyilmaz.com\/?p=40427","title":{"rendered":"TBMM&#8217;nin a\u00e7\u0131l\u0131\u015f t\u00f6reninde G\u00fcl&#8217;den \u00f6nemli mesajlar"},"content":{"rendered":"<p style=\"text-align: center;\"><a href=\"http:\/\/www.korhanyilmaz.com\/wp-content\/uploads\/2011\/10\/7091.jpg\"  class=\"lightview\"><img loading=\"lazy\" decoding=\"async\" class=\"aligncenter  wp-image-40428\" src=\"http:\/\/www.korhanyilmaz.com\/wp-content\/uploads\/2011\/10\/7091.jpg\" alt=\"\" width=\"462\" height=\"210\" \/><\/a><\/p>\n<p style=\"text-align: justify;\">Cumhurba\u015fkan\u0131 G\u00fcl, TBMM&#8217;nin a\u00e7\u0131l\u0131\u015f konu\u015fmas\u0131nda yeni anayasa s\u00fcrecinden ter\u00f6re, Arap Bahar\u0131&#8217;ndan ekonomi ve Avrupa Birli\u011fi&#8217;ne, yarg\u0131n\u0131n g\u00fcvenilirli\u011fine kadar pek \u00e7ok konuya vurgu yapt\u0131.<\/p>\n<p style=\"text-align: justify;\">ANKARA- Cumhurba\u015fkan\u0131 Abdullah G\u00fcl, yeni yasama y\u0131l\u0131n\u0131n a\u00e7\u0131l\u0131\u015f\u0131nda yapt\u0131\u011f\u0131 konu\u015fmada Meclis\u2019in 1921 ve 1924\u2019ten sonra ilk kez millet iradesine dayal\u0131 bir anayasa yapma sorumlulu\u011funu ta\u015f\u0131d\u0131\u011f\u0131n\u0131 belirtirken yeni anayasan\u0131n esnek ve \u00f6zg\u00fcrl\u00fck\u00e7\u00fc bir karaktere sahip olmas\u0131 gerekti\u011fini vurgulad\u0131. Cumhurba\u015fkan\u0131 G\u00fcl, \u201cYeni anayasa hi\u00e7bir \u00f6zel fikrin, partinin, ideolojinin ve doktrinin m\u00fchr\u00fcn\u00fc ta\u015f\u0131mamal\u0131d\u0131r. Anayasan\u0131n ta\u015f\u0131mas\u0131 gereken tek m\u00fch\u00fcr, milletimizin m\u00fchr\u00fc olmal\u0131d\u0131r\u201d diye konu\u015ftu.\u00a0<!--more--><\/p>\n<p style=\"text-align: justify;\">Cumhurba\u015fkan\u0131 G\u00fcl, TBMM Genel Kurulu\u2019nda yeni yasama y\u0131l\u0131n\u0131n a\u00e7\u0131l\u0131\u015f konu\u015fmas\u0131n\u0131 yapt\u0131. Meclis\u2019in, milletin kay\u0131ts\u0131z \u015farts\u0131z egemenli\u011fini temsil eden en kudretli kurum oldu\u011funu belirten G\u00fcl, 12 Haziran se\u00e7imlerinde halk\u0131n tercihlerini g\u00fc\u00e7l\u00fc bir \u015fekilde yans\u0131tan bir tablonun ortaya \u00e7\u0131kt\u0131\u011f\u0131n\u0131, siyasetin t\u00fcm renk ve e\u011filimlerinin b\u00fcy\u00fck \u00f6l\u00e7\u00fcde Meclis\u2019te temsil edilmesini sa\u011flad\u0131\u011f\u0131n\u0131 ifade etti.<\/p>\n<p style=\"text-align: justify;\"><strong>\u201c1921 VE 1924\u2019TEN SONRA \u0130LK KEZ\u201d<\/strong><\/p>\n<p style=\"text-align: justify;\">13 Haziran sabah\u0131 itibariyle T\u00fcrkiye\u2019nin en \u00f6nemli g\u00fcndem maddesinin yeni bir anayasa haz\u0131rlanmas\u0131 oldu\u011funu vurgulayan Cumhurba\u015fkan\u0131 G\u00fcl, \u201cAziz milletimiz, siz de\u011ferli milletvekillerimize uzun s\u00fcredir \u00f6zlemini duydu\u011fu, 1921 ve 1924 anayasalar\u0131ndan beri ilk defa millet iradesine dayanan bir anayasa yapma mesuliyetini ve \u015ferefini tevdi etmi\u015ftir. Bu \u015ferefli vazifeyi ifa ederken, b\u00fcy\u00fck bir sorumluluk ve \u00f6zg\u00fcven i\u00e7inde hareket etmelisiniz. Zira bu s\u00fcre\u00e7, korku, endi\u015fe, tahamm\u00fcls\u00fczl\u00fck ve k\u0131s\u0131r kavgalarla tekemm\u00fcl ettirilebilecek bir s\u00fcre\u00e7 de\u011fildir\u201d diye konu\u015ftu.<\/p>\n<p style=\"text-align: justify;\"><strong>\u201cYEN\u0130 ANAYASA ESNEK VE \u00d6ZG\u00dcRL\u00dcK\u00c7\u00dc KARAKTERE SAH\u0130P OLMALI\u201d<\/strong><\/p>\n<p style=\"text-align: justify;\">T\u00fcrkiye\u2019nin 200 y\u0131l\u0131 a\u015fk\u0131n bir anayasa s\u00fcreci tecr\u00fcbesinin oldu\u011funu, bu tecr\u00fcbelerin, milleti \u00f6n\u00fcm\u00fczdeki y\u00fczy\u0131la ta\u015f\u0131yacak yeni bir anayasaya \u0131\u015f\u0131k tutaca\u011f\u0131n\u0131 s\u00f6yleyen G\u00fcl, \u201cY\u00fcce meclisimiz, Kurtulu\u015f Sava\u015f\u0131m\u0131z\u0131n yap\u0131ld\u0131\u011f\u0131 en zor \u015fartlarda dahi, sivil bir anayasa yapmaya muktedir olmu\u015f bir meclistir. Bizzat Gazi Mustafa Kemal\u2019in riyaset etti\u011fi Meclisimizin haz\u0131rlad\u0131\u011f\u0131 1921 ve 1924 anayasalar\u0131m\u0131zdan sonra yap\u0131lan t\u00fcm anayasalar, maalesef, demokrasimizin, dolay\u0131s\u0131yla milli iradenin ask\u0131ya al\u0131nd\u0131\u011f\u0131 ara d\u00f6nemlerin \u00fcr\u00fcn\u00fcd\u00fcr\u201d dedi. Bir ara d\u00f6nem \u00fcr\u00fcn\u00fc olan 1982 Anayasas\u0131\u2019n\u0131n son y\u0131llarda yap\u0131lan \u00e7ok kapsaml\u0131 reformlara ra\u011fmen milletin ula\u015ft\u0131\u011f\u0131 demokratik ve ekonomik seviyeye \u201cdar geldi\u011fini\u201d dile getiren G\u00fcl, yeni anayasan\u0131n \u201cesnek ve \u00f6zg\u00fcrl\u00fck\u00e7\u00fc\u201d bir karaktere sahip olmas\u0131 gerekti\u011fini vurgulad\u0131. Anayasalar \u00fczerinden milletin farkl\u0131 siyasi \u00e7izgilerini zapturapt alt\u0131na alma, devlet ve millet aras\u0131nda bir gerginlik olu\u015fturma anlay\u0131\u015f\u0131ndan uzak durulmas\u0131 gerekti\u011fine dikkat \u00e7eken Cumhurba\u015fkan\u0131, \u201cesneklik\u201d kavram\u0131yla yeni toplumsal dinamikleri kapsayan bir anlay\u0131\u015ftan bahsetti\u011fini belirtti.<\/p>\n<p style=\"text-align: justify;\"><strong>\u201cANAYASA VESAYET\u0130 \u00d6RT\u00dcL\u00dc B\u0130R \u015eEK\u0130LDE S\u00dcRD\u00dcRMEMEL\u0130\u201d<\/strong><\/p>\n<p style=\"text-align: justify;\">Cumhurba\u015fkan\u0131 G\u00fcl, 1982 Anayasas\u0131\u2019n\u0131n temel sorununun, toplumsal dinamikleri bir sorun saymas\u0131 oldu\u011funu dile getirerek \u201cYeni anayasa bunun tam aksine, toplumsal dinamiklerden yararlanmal\u0131 ve \u00f6zg\u00fcrl\u00fck\u00e7\u00fc bir zihniyetle haz\u0131rlanmal\u0131d\u0131r\u201d dedi. Yeni anayasan\u0131n temel ilkeleri g\u00fc\u00e7l\u00fc bir \u015fekilde belirleyen ancak fazla detaya girmeyen, temel hak ve \u00f6zg\u00fcrl\u00fckleri her y\u00f6n\u00fcyle e\u015fit vatanda\u015fl\u0131k temelinde g\u00fcvence alt\u0131na alan, herkesin \u00fczerinde mutab\u0131k oldu\u011fu demokratik, laik, sosyal bir hukuk devleti olan cumhuriyetin temel ilkelerinden taviz vermeyen bir anayasa olmas\u0131 gerekti\u011fini belirten G\u00fcl, \u201cBir yandan devletin bekas\u0131 konusunda her t\u00fcrl\u00fc tedbiri al\u0131rken di\u011fer yandan devletin, milletin hizmetinde oldu\u011funu unutmayan bir anayasa olmal\u0131d\u0131r. Bu ba\u011flamda, vesayeti \u00f6rt\u00fcl\u00fc bir \u015fekilde ba\u015fka organlar arac\u0131l\u0131\u011f\u0131yla sa\u011flamak yerine, \u00e7a\u011fda\u015f demokrasilerde oldu\u011fu gibi a\u00e7\u0131k bir \u015fekilde halka tevdi eden bir anlay\u0131\u015f\u0131 hakim k\u0131lmal\u0131d\u0131r\u201d dedi.<\/p>\n<p style=\"text-align: justify;\"><strong>\u201cYEN\u0130 ANAYASA H\u0130\u00c7B\u0130R PART\u0130N\u0130N, \u0130DEOLOJ\u0130N\u0130N M\u00dcHR\u00dcN\u00dc TA\u015eIMAMALI\u201d<\/strong><\/p>\n<p style=\"text-align: justify;\">G\u00fcl, yeni anayasan\u0131n \u00e7a\u011fda\u015f demokrasilerin \u015feffafl\u0131k ve hesap verilebilirlik gibi vas\u0131flar\u0131n\u0131 i\u00e7ermesi gerekti\u011fini, demokrasinin kurum ve gelenekleriyle ilerlemesine izin verecek \u201cfren ve denge\u201d sistemlerini i\u00e7inde bar\u0131nd\u0131rmas\u0131 gerekti\u011fini belirtirken \u201cYeni anayasam\u0131z T\u00fcrk demokrasisini kurumsalla\u015ft\u0131racak t\u00fcm hasletleri i\u00e7inde bar\u0131nd\u0131rmal\u0131d\u0131r. Zira, kurumsalla\u015fm\u0131\u015f bir demokrasi, d\u00f6nemlerden, ki\u015filerden, iktidarlardan ba\u011f\u0131ms\u0131z; s\u00fcrekli, s\u00fcrd\u00fcrebilir ve tutarl\u0131k bir demokrasi demektir\u201d diye konu\u015ftu.<\/p>\n<p style=\"text-align: justify;\">Yeni anayasan\u0131n yap\u0131lmas\u0131nda normlar kadar anayasan\u0131n yap\u0131lma s\u00fcrecinin de \u00f6nemli oldu\u011funu ifade eden Cumhurba\u015fkan\u0131 G\u00fcl, Meclis Ba\u015fkan\u0131 Cemil \u00c7i\u00e7ek\u2019in bilim adamlar\u0131yla ba\u015flatt\u0131\u011f\u0131 ve t\u00fcm partilerin ortak bir anlay\u0131\u015fta bulu\u015fmas\u0131n\u0131 hedefleyen \u00e7al\u0131\u015fmalar\u0131n\u0131n \u00fcmit verici oldu\u011funu kaydederek \u015f\u00f6yle devam etti:<\/p>\n<p style=\"text-align: justify;\">\u201cYeni anayasa hi\u00e7bir \u00f6zel fikrin, partinin, ideolojinin ve doktrinin m\u00fchr\u00fcn\u00fc ta\u015f\u0131mamal\u0131d\u0131r. Anayasan\u0131n ta\u015f\u0131mas\u0131 gereken tek m\u00fch\u00fcr, milletimizin m\u00fchr\u00fc olmal\u0131d\u0131r. Bu bak\u0131mdan sadece y\u00fcce Meclis\u2019te temsil edilen partilerin de\u011fil, di\u011fer siyasi partilerin, sivil toplum kurulu\u015flar\u0131n\u0131n, \u00fcniversitelerin ve meslek kurulu\u015flar\u0131n\u0131n da bu tart\u0131\u015fma s\u00fcrecine kat\u0131l\u0131yor olmas\u0131n\u0131 son derece faydal\u0131 buluyorum.\u201d<\/p>\n<p style=\"text-align: justify;\"><strong>\u201cA\u015eIRI \u0130\u015e Y\u00dcK\u00dc TUTUKLULU\u011eUN CEZAYA D\u00d6N\u00dc\u015eMES\u0130NE SEBEP OLUYOR\u201d<\/strong><\/p>\n<p style=\"text-align: justify;\">Cumhurba\u015fkan\u0131 G\u00fcl, demokrasinin en temel ve vazge\u00e7ilmez ilkelerinden birinin hukukun \u00fcst\u00fcnl\u00fc\u011f\u00fc oldu\u011funu ancak hukukun, siyasi \u00fcst\u00fcnl\u00fck m\u00fccadelesinin bir arac\u0131 olmad\u0131\u011f\u0131n\u0131 ifade ederek \u201cHukukun, insan hayat\u0131n\u0131 ve onurunu el \u00fcst\u00fcnde tutan bir \u00f6zelli\u011fi olmal\u0131d\u0131r. Haks\u0131zl\u0131k ve adaletsizlik hukuk k\u0131l\u0131f\u0131na sar\u0131lmamal\u0131d\u0131r. Hukuk, adalet ilkesini g\u00f6zetmelidir\u201d dedi. Hukukun \u00fcst\u00fcnl\u00fc\u011f\u00fc temelinde g\u00f6rev yapan ba\u011f\u0131ms\u0131z ve tarafs\u0131z bir yarg\u0131 sisteminin, demokrasinin ve hukuk devletinin vazge\u00e7ilmez \u015fartlar\u0131ndan biri oldu\u011funu vurgulayan G\u00fcl, \u015funlar\u0131 kaydetti:<\/p>\n<p style=\"text-align: justify;\">\u201cYarg\u0131n\u0131n adaletli davranmad\u0131\u011f\u0131 y\u00f6n\u00fcnde yayg\u0131n bir kanaat olu\u015fursa, toplum vicdan\u0131nda kapanmas\u0131 zor yaralar a\u00e7\u0131l\u0131r ve g\u00fcven duygusu kaybolur. Bu sebeple yarg\u0131 mercilerinin de fonksiyonlar\u0131n\u0131 yerine getirirken azami \u00f6zen g\u00f6stermesi beklenmektedir. \u015eahsi duygular ve tercihler, siyasi ve felsefi g\u00f6r\u00fc\u015fler yarg\u0131 kararlar\u0131n\u0131 etkilememeli ve adaletsiz sonu\u00e7lara yol a\u00e7mamal\u0131d\u0131r. \u00d6te yandan, mahkemelerimizin \u00f6n\u00fcnde a\u015f\u0131r\u0131 i\u015f y\u00fck\u00fc ve personel eksikli\u011fi nedeniyle zaman\u0131nda sonu\u00e7land\u0131r\u0131lamayan \u00e7ok say\u0131da dosya bulunmaktad\u0131r. Tutukluluklar\u0131n fiili cezaya d\u00f6n\u00fc\u015fmesine ve adaletin tecelli etmesinin gecikmesine sebep olan en \u00f6nemli hususlardan biri de budur. S\u00f6z konusu durum, yarg\u0131n\u0131n etkinli\u011fine g\u00f6lge d\u00fc\u015f\u00fcrmektedir. Dolay\u0131s\u0131yla, bu sorunlar\u0131n elbirli\u011fi i\u00e7inde s\u00fcratle \u00e7\u00f6z\u00fcmlenmesi, temel \u00f6nceli\u011fimiz olmal\u0131d\u0131r.\u201d<\/p>\n<p style=\"text-align: justify;\"><strong>\u201cTER\u00d6RE KAR\u015eI NET TUTUM TAKINMAYANLAR ZARARI KEND\u0130LER\u0130NE VER\u0130RLER\u201d<\/strong><\/p>\n<p style=\"text-align: justify;\">Son d\u00f6nemde artan ter\u00f6r eylemlerinin sadece g\u00fcvenlik g\u00fc\u00e7lerine, masum vatanda\u015flara, milli birlik ve b\u00fct\u00fcnl\u00fc\u011fe de\u011fil, demokrasiye de kastetti\u011fine dikkat \u00e7eken G\u00fcl, ter\u00f6rle m\u00fccadelenin ayn\u0131 zamanda demokrasiyi koruma m\u00fccadelesi oldu\u011funu dile getirerek \u015f\u00f6yle konu\u015ftu:<\/p>\n<p style=\"text-align: justify;\">\u201cDevletin birli\u011fi ve b\u00f6l\u00fcnmez b\u00fct\u00fcnl\u00fc\u011f\u00fc, temel siyasi perspektifimiz ve tart\u0131\u015fmaya a\u00e7\u0131k olmayan ilkemizdir. Ter\u00f6r\u00fcn hi\u00e7bir hakl\u0131 gerek\u00e7esi olamaz. Hi\u00e7bir \u015fekilde, devletin b\u00fct\u00fcnl\u00fc\u011f\u00fcne ve milletin varl\u0131\u011f\u0131na d\u00f6n\u00fck sald\u0131r\u0131lar, bir hak aray\u0131\u015f\u0131 olarak sunulamaz. Ter\u00f6r, zerre kadar m\u00fcsamaha g\u00f6sterilmeyecek, yok edilmesi gereken bir belad\u0131r. Ter\u00f6r hi\u00e7bir davaya hizmet etmez, edemez. Tam tersine bir dava ter\u00f6re bula\u015ft\u0131\u011f\u0131 anda, ne s\u00f6ylerse s\u00f6ylesin onunla m\u00fccadele etmenin yolu bellidir. Ter\u00f6r iklimini yaymaya \u00e7al\u0131\u015fanlar, ter\u00f6re kar\u015f\u0131 net tutum tak\u0131nmayanlar, en b\u00fcy\u00fck zarar\u0131 kendilerine verirler. Bu nedenle \u00fclkemiz, ter\u00f6rle m\u00fccadeleyi en etkin yollarla ve teredd\u00fcts\u00fcz s\u00fcrd\u00fcrecektir.\u201d<\/p>\n<p style=\"text-align: justify;\">Son d\u00f6nemde b\u00f6l\u00fcc\u00fc ter\u00f6r \u00f6rg\u00fct\u00fcn\u00fcn aralar\u0131nda kad\u0131nlar\u0131n ve bebeklerin de bulundu\u011fu masum insanlar\u0131 hedef alan sald\u0131r\u0131lar\u0131n\u0131n \u201cinsanl\u0131k ad\u0131na utan\u00e7 verici cinayetler\u201d oldu\u011funu s\u00f6yleyen G\u00fcl, bu sald\u0131r\u0131lar\u0131n vicdanlar\u0131 derinden yaralad\u0131\u011f\u0131n\u0131 ve tahamm\u00fcl s\u0131n\u0131rlar\u0131n\u0131 zorlad\u0131\u011f\u0131n\u0131 kaydetti. G\u00fcl, \u201cBu nedenle, \u015fehirlerin merkezinde, hi\u00e7bir ayr\u0131m g\u00f6zetmeden kalabal\u0131klar\u0131 hedef alan ter\u00f6ristleri; fikri, zikri, partisi ne olursa olsun herkesin \u015fiddetle telin etmesi, en az\u0131ndan insanl\u0131\u011fa kar\u015f\u0131 bir namus borcudur. Bu s\u00fcre\u00e7te, devletin t\u00fcm kurumlar\u0131 ve siyasetin t\u00fcm e\u011filimleri ortak bir hassasiyetle hareket etmek zorundad\u0131r. Devlete d\u00fc\u015fen g\u00f6rev, ter\u00f6rle m\u00fccadele i\u00e7in gereken ad\u0131mlar\u0131 atmak, hukuk kurallar\u0131 dahilinde b\u00fct\u00fcn metotlar\u0131, kendi prensipleri i\u00e7inde uygulamakt\u0131r. Dolay\u0131s\u0131yla devletimize sahip \u00e7\u0131kmak, devletimizi k\u00f6\u015feye s\u0131k\u0131\u015ft\u0131rmaya veya zafiyete d\u00fc\u015f\u00fcrmeye \u00e7al\u0131\u015fan tertipleri bertaraf etmek hepimizin vazifesidir\u201d diye konu\u015ftu. Vatan ve millet u\u011fruna canlar\u0131n\u0131 feda eden t\u00fcm \u015fehitleri rahmetle anan G\u00fcl, gazilere de \u015f\u00fckranlar\u0131n\u0131 sundu.<\/p>\n<p style=\"text-align: justify;\"><strong>\u201cDEVLET\u0130N \u015eEFKAT\u0130N\u0130 ZAF\u0130YET OLARAK G\u00d6RENLER YANILMAKTADIR\u201d<\/strong><\/p>\n<p style=\"text-align: justify;\">Ter\u00f6rle m\u00fccadelede taleplerini \u015fiddete ba\u015fvurmadan, demokratik sistem i\u00e7inde dile getiren vatanda\u015flar\u0131, ter\u00f6re destek veren, ter\u00f6r\u00fc y\u00fccelten kesimlerden ay\u0131rman\u0131n b\u00fcy\u00fck \u00f6nem ta\u015f\u0131d\u0131\u011f\u0131n\u0131 s\u00f6yleyen G\u00fcl, \u201cDevletimizin \u015fefkat ve hukuk \u00e7er\u00e7evesinde, su\u00e7suzlara zarar vermeden m\u00fccadele etme \u00f6zeni ile milletimizin basireti ve metanetini, bir zafiyet olarak g\u00f6renler yan\u0131lmaktad\u0131r. Ter\u00f6ristler bu politikam\u0131z\u0131 b\u00f6yle alg\u0131lad\u0131klar\u0131 m\u00fcddet\u00e7e, ter\u00f6rle m\u00fccadelemizdeki kararl\u0131l\u0131k devam edecek ve onlar da sonu\u00e7lar\u0131na katlanacaklard\u0131r\u201d diye konu\u015ftu. \u201cKan ve \u015fiddetle hak alma aray\u0131\u015f\u0131nda olanlar, at\u0131lan demokratik ad\u0131mlar\u0131n ter\u00f6r sayesinde elde edildi\u011fini zannedenler, tarihi bir yan\u0131lg\u0131 i\u00e7indedirler\u201d diyen G\u00fcl, \u201cTer\u00f6r olmasayd\u0131, demokratik standartlarda da ekonomik geli\u015fmi\u015flikte de \u00e7ok daha ileride bir T\u00fcrkiye\u2019de ya\u015f\u0131yor olacakt\u0131k\u201d ifadelerini kulland\u0131.<\/p>\n<p style=\"text-align: justify;\">Uzun y\u0131llar\u0131n ihmalinin bir sonucu olan demokratik eksikliklerden kaynaklanan K\u00fcrt sorununun, ortak de\u011ferlere devlete sahip \u00e7\u0131kan bir anlay\u0131\u015fla yine demokrasi i\u00e7inde \u00e7\u00f6z\u00fclebilece\u011fini belirten G\u00fcl, \u201c\u00c7are, ideolojik ve etnik odakl\u0131 bir siyasi dil ile \u00e7atalla\u015fmaya gitmeden, demokratik geli\u015fim yolunda ad\u0131mlar atmakt\u0131r. Bu bak\u0131mdan Meclis\u2019in a\u00e7\u0131l\u0131\u015f g\u00fcn\u00fcnde, t\u00fcm siyasi partilere, kar\u015f\u0131l\u0131kl\u0131 anlay\u0131\u015f, uzla\u015fma ve itidal tavsiye etmeyi bir bor\u00e7 bilirim\u201d diye konu\u015ftu.<\/p>\n<p style=\"text-align: justify;\"><strong>\u201cG-20 DAHA ETK\u0130N \u00c7ALI\u015eTIRILMALI\u201d<\/strong><\/p>\n<p style=\"text-align: justify;\">Konu\u015fmas\u0131nda T\u00fcrkiye ekonomisi ve uluslararas\u0131 ekonomiyle ilgili g\u00f6r\u00fc\u015flerini de payla\u015fan G\u00fcl, 2007 y\u0131l\u0131nda ba\u015flayan k\u00fcresel kriz son bulmadan d\u00fcnyan\u0131n yeni bir ekonomik krizle kar\u015f\u0131 kar\u015f\u0131ya kald\u0131\u011f\u0131n\u0131 ifade etti. May\u0131s 2011\u2019den itibaren d\u00fcnyada tekrar daralma s\u00fcrecinin ya\u015fand\u0131\u011f\u0131na anlatan G\u00fcl, \u00f6nceki krizde kamunun \u00f6zel \u015firketleri kurtarmas\u0131na kar\u015f\u0131n \u015fu anda devletlerin kurtar\u0131lmaya muhta\u00e7 hale geldi\u011fine dikkat \u00e7ekti. G\u00fcl, halihaz\u0131rda ortaya \u00e7\u0131kan \u201cekonomik deh\u015fet dengesinin\u201d k\u00fcresel krize d\u00f6n\u00fc\u015fmemesi i\u00e7in uluslararas\u0131 camian\u0131n elindeki en iyi mekanizma olan G-20 platformunun daha etkin bir \u015fekilde \u00e7al\u0131\u015ft\u0131r\u0131lmas\u0131 gerekti\u011fini vurgulayarak \u015f\u00f6yle devam etti:<\/p>\n<p style=\"text-align: justify;\">\u201cK\u00fcresel ekonomik geli\u015fmeleri, \u00fclkemiz ekonomisi a\u00e7\u0131s\u0131ndan de\u011ferlendirdi\u011fimde ise, \u015fu tabloyu g\u00f6r\u00fcyorum: Her \u015feyden \u00f6nce, halen devam eden k\u00fcresel kriz ve \u00f6nlenmeye \u00e7al\u0131\u015f\u0131lan ikinci ekonomik daralma dalgas\u0131, bizim gibi y\u00fckselen piyasa ekonomilerinin krizi de\u011fildir. Bu krizler geli\u015fmi\u015f \u00fclkelerin neden oldu\u011fu krizlerdir. S\u00f6z konusu k\u00fcresel krizlere ra\u011fmen T\u00fcrk ekonomisi sa\u011flam makro temeller \u00fczerine oturmaktad\u0131r. Bug\u00fcn, kamu maliyesi daha g\u00fc\u00e7l\u00fc, bor\u00e7 dinamikleri s\u00fcrd\u00fcr\u00fclebilir, bankac\u0131l\u0131k sistemi sa\u011flam, kredi piyasalar\u0131 i\u015flevsel ve parasal aktar\u0131m mekanizmalar\u0131 \u00e7al\u0131\u015fan bir ekonomimiz var. Son y\u0131llarda bir miktar art\u0131\u015f olsa da hane halk\u0131 bor\u00e7luluk oran\u0131m\u0131z, di\u011fer \u00fclkelere nazaran hala d\u00fc\u015f\u00fckt\u00fcr. \u00d6te yandan, tasarruf e\u011filimimizin d\u00fc\u015f\u00fck olmas\u0131 bizim i\u00e7in bir zafiyet olu\u015fturmaktad\u0131r.<\/p>\n<p style=\"text-align: justify;\">Bununla birlikte, \u00e7o\u011fu \u00fclkenin \u00e7ok d\u00fc\u015f\u00fck b\u00fcy\u00fcd\u00fc\u011f\u00fc, baz\u0131 \u00fclkelerin hi\u00e7 b\u00fcy\u00fcyemedi\u011fi bir k\u00fcresel ortamda, T\u00fcrk ekonomisi 2010\u2019da y\u00fczde 9, 2011 y\u0131l\u0131n\u0131n ilk yar\u0131s\u0131nda ise y\u00fczde 10.2 oran\u0131nda b\u00fcy\u00fcm\u00fc\u015ft\u00fcr. Bu b\u00fcy\u00fcme, istihdam yaratan bir b\u00fcy\u00fcme olmu\u015ftur. Pek \u00e7ok geli\u015fmi\u015f piyasa ekonomisinin notlar\u0131n\u0131n d\u00fc\u015f\u00fcr\u00fcld\u00fc\u011f\u00fc bir d\u00f6nemde, \u00fclkemizin kredi notunun 2009\u2019dan beri \u00fc\u00e7 kez artt\u0131r\u0131lmas\u0131 takdire \u015fayan bir ba\u015far\u0131d\u0131r. Bunda katk\u0131s\u0131 bulunan t\u00fcm yetkilileri ve \u00e7al\u0131\u015fkan halk\u0131m\u0131z\u0131 y\u00fcrekten kutluyorum.\u2019\u2019<\/p>\n<p style=\"text-align: justify;\"><strong>B\u00dcY\u00dcME HIZI<\/strong><\/p>\n<p style=\"text-align: justify;\">Cumhurba\u015fkan\u0131 G\u00fcl, yap\u0131lan ekonometrik analizlerin, Cumhuriyetin 100. kurulu\u015f y\u0131l\u0131 olan 2023 y\u0131l\u0131na kadar kesintisiz s\u00fcrd\u00fcr\u00fclebilecek y\u00fczde 10\u2019luk bir b\u00fcy\u00fcme h\u0131z\u0131n\u0131n; fert ba\u015f\u0131na d\u00fc\u015fen milli geliri, Avrupa Birli\u011fi\u2019nin bug\u00fcnk\u00fc ortalamas\u0131n\u0131n ancak y\u00fczde 80\u2019i seviyesine ta\u015f\u0131yaca\u011f\u0131n\u0131 g\u00f6sterdi\u011fini belirtti. Cumhurba\u015fkan\u0131 G\u00fcl, \u015f\u00f6yle devam etti:<\/p>\n<p style=\"text-align: justify;\">\u201cAncak d\u00f6viz kuruyla ilgili tart\u0131\u015fmalar, yap\u0131sal sorunlar\u0131n \u00f6telenmesine ve \u00e7\u00f6z\u00fcmlerinin geciktirilmesine neden olmamal\u0131d\u0131r. Son b\u00fcy\u00fcme ve cari a\u00e7\u0131k rakamlar\u0131, \u00fclkemizin cari a\u00e7\u0131k sorununun \u00f6nemli bir b\u00f6l\u00fcm\u00fcn\u00fcn yap\u0131sal oldu\u011funa i\u015faret etmektedir.<\/p>\n<p style=\"text-align: justify;\">\u00dclkemiz nihai \u00fcr\u00fcn \u00fcretimi baz\u0131nda son y\u0131llarda \u00f6nemli ba\u015far\u0131lar elde etmi\u015ftir. Ba\u015fta makine ve te\u00e7hizat olmak \u00fczere, beyaz e\u015fyada ve baz\u0131 end\u00fcstri dallar\u0131nda ortaya konulan performans bunun kan\u0131t\u0131d\u0131r. Ancak uluslararas\u0131 piyasalarda talep edilen bu kaliteli \u00fcr\u00fcnleri \u00fcretmek i\u00e7in \u00fclkemizde yeterince kaliteli ara mal\u0131 ve hammadde \u00fcretemiyoruz.\u201d<\/p>\n<p style=\"text-align: justify;\">G\u00fcl, 1 dolarl\u0131k ihracat yapabilmek i\u00e7in, 82 sentlik ithalat yapmak durumunda olundu\u011funu hat\u0131rlatarak, bu ciddi yap\u0131sal sorunu \u015f\u00f6yle anlatt\u0131:<\/p>\n<p style=\"text-align: justify;\">\u201cG\u00fcmr\u00fck Birli\u011fi ve D\u00fcnya Ticaret \u00d6rg\u00fct\u00fc gibi uluslararas\u0131 anla\u015fmalardan kaynaklanan y\u00fck\u00fcml\u00fcl\u00fcklerimizi de ak\u0131lda tutarak, \u00e7ok t\u00fcketti\u011fimiz, ancak bir k\u0131sm\u0131n\u0131 k\u0131smen \u00fcretti\u011fimiz, bir k\u0131sm\u0131n\u0131 da hi\u00e7 \u00fcretmedi\u011fimiz, hammadde ve ara mallar\u0131n\u0131n yurti\u00e7inde \u00fcretilmesi imkanlar\u0131n\u0131 muhakkak sa\u011flamal\u0131y\u0131z.&#8221;<\/p>\n<p style=\"text-align: justify;\"><strong>\u201cTE\u015eV\u0130K S\u0130STEM\u0130 G\u00d6ZDEN GE\u00c7\u0130R\u0130LMEL\u0130\u201d<\/strong><\/p>\n<p style=\"text-align: justify;\">Kalk\u0131nma s\u00fcre\u00e7lerini \u00fclkemizle mukayese edebilece\u011fimiz baz\u0131 \u00fclkelerin, kendi markalar\u0131n\u0131 olu\u015fturdu\u011fu 60\u2019l\u0131, 70\u2019li ve nihayet 90\u2019l\u0131 y\u0131llarda, siyasi ve sosyal istikrars\u0131zlar nedeniyle yapamad\u0131klar\u0131m\u0131z\u0131, ge\u00e7 de olsa telafi etmek zorunday\u0131z. Bu \u00e7er\u00e7evede, te\u015fvik sistemimizi rasyonel bir \u015fekilde g\u00f6zden ge\u00e7irerek, enerji, hammadde, ara mal\u0131 ve ileri teknoloji \u00fcr\u00fcnleri bak\u0131m\u0131ndan, d\u0131\u015fa ba\u011f\u0131ml\u0131l\u0131\u011f\u0131m\u0131z\u0131 azaltmak mecburiyetindeyiz. Unutmayal\u0131m ki, dinamik bir n\u00fcfusa, stratejik bir co\u011frafyaya ve k\u00f6kl\u00fc bir tarihe sahip \u00fclkemizin, bir yandan milli \u00e7\u0131karlar\u0131n\u0131 korumas\u0131, di\u011fer yandan b\u00f6lgesinde istikrar ve bar\u0131\u015f unsuru olmas\u0131 i\u00e7in, s\u00fcrd\u00fcr\u00fclebilir ve sa\u011flam temellere dayal\u0131 bir ekonomisinin bulunmas\u0131 \u015fartt\u0131r. Bu anlay\u0131\u015fla, son 10 y\u0131lda, y\u00fcksek enflasyon, bozuk kamu maliyesi ve y\u00fcksek faiz sarmal\u0131ndan nas\u0131l kurtulduysak, uygulamaya konulacak yap\u0131sal de\u011fi\u015fimlerle, bu sefer, y\u00fcksek b\u00fcy\u00fcme oranlar\u0131n\u0131 d\u00fc\u015f\u00fck cari a\u00e7\u0131klarla sa\u011flayabilece\u011fine olan inanc\u0131m tamd\u0131r.\u201d<\/p>\n<p style=\"text-align: justify;\"><strong>&#8220;KADINA Y\u00d6NEL\u0130K \u015e\u0130DDET SORUNU \u00c7\u00d6Z\u00dcLMEL\u0130&#8221;<\/strong><\/p>\n<p style=\"text-align: justify;\">Sa\u011fl\u0131kl\u0131 bir toplum ve ekonominin, ancak kad\u0131nlar\u0131n siyaset dahil be\u015feri hayat\u0131n t\u00fcm alanlar\u0131na etkin bir \u015fekilde kat\u0131l\u0131m\u0131yla m\u00fcmk\u00fcn olaca\u011f\u0131n\u0131n a\u015fikar oldu\u011funu belirten G\u00fcl, 12 Haziran se\u00e7imleriyle Meclis\u2019teki kad\u0131n milletvekili say\u0131s\u0131n\u0131n kayda de\u011fer bir \u015fekilde artmas\u0131ndan duydu\u011fu memnuniyeti dile getirdi. Cumhurba\u015fkan\u0131 G\u00fcl, \u201cYeni yasama y\u0131l\u0131nda, kad\u0131n milletvekillerimizin de b\u00fcy\u00fck katk\u0131s\u0131yla, kad\u0131na y\u00f6nelik \u015fiddet ve k\u0131zlar\u0131m\u0131z\u0131n e\u011fitim sorunu gibi meselelerin \u00e7\u00f6z\u00fclerek \u00fclkemizin g\u00fcndeminden \u00e7\u0131kar\u0131lmas\u0131n\u0131 temenni ediyorum\u201d dedi.<\/p>\n<p style=\"text-align: justify;\"><strong>&#8220;ARAP BAHARI \u00d6N\u00dcM\u00dcZDEK\u0130 ON YILLARA DAMGASINI VURACAK&#8221;<\/strong><\/p>\n<p style=\"text-align: justify;\">G\u00fcl, d\u0131\u015f politikada son derece hareketli ve tarihi bir d\u00f6nemden ge\u00e7ildi\u011fini Ortado\u011fu ve Kuzey Afrika\u2019da \u00f6n\u00fcm\u00fczdeki on y\u0131llara damgas\u0131n\u0131 vuracak tarihi bir de\u011fi\u015fim ve d\u00f6n\u00fc\u015f\u00fcm s\u00fcreci ya\u015fanmakta oldu\u011funa dikkat \u00e7ekerek, \u015funlar\u0131 s\u00f6yledi:<\/p>\n<p style=\"text-align: justify;\">\u201cY\u0131llarca, bask\u0131, korku, i\u015fgal, yoksulluk ve yolsuzlu\u011fun k\u0131skac\u0131nda ac\u0131 \u00e7eken b\u00f6lge halklar\u0131, nihayet geleceklerini kendi ellerine almaya ve tarihi yakalamaya karar vermi\u015flerdir. Bu m\u00fccadele, \u00f6zg\u00fcrl\u00fck ve adalet kadar, milli onur ve \u00f6zg\u00fcvenin de yeniden kazan\u0131lmas\u0131 m\u00fccadelesidir. B\u00f6lge halklar\u0131, ya\u015fad\u0131klar\u0131 tarihi d\u00f6n\u00fc\u015f\u00fcm s\u00fcrecinin ba\u015far\u0131ya ula\u015fmas\u0131 i\u00e7in bir ilham kayna\u011f\u0131 olarak g\u00f6rd\u00fckleri T\u00fcrkiye\u2019yi yak\u0131ndan takip etmektedirler. Dost ve karde\u015f b\u00f6lge halklar\u0131n\u0131n bu tarihi ve \u015ferefli m\u00fccadelesinde, T\u00fcrk milletinin yanlar\u0131nda oldu\u011funu bu k\u00fcrs\u00fcden bir kez daha ilan etmek istiyorum. \u00dclkemizin bu anlay\u0131\u015fla yapt\u0131\u011f\u0131 ekonomik, siyasi ve askeri katk\u0131lar ger\u00e7ekten takdire \u015fayand\u0131r.<\/p>\n<p style=\"text-align: justify;\">Bu vesileyle \u00f6nce, Libya\u2019daki 25 bin vatanda\u015f\u0131m\u0131z\u0131n ve \u00e7ok say\u0131da yabanc\u0131n\u0131n tahliyesinde, bilahare, icra edilen NATO operasyonlar\u0131nda g\u00f6sterdikleri \u00fcst\u00fcn ba\u015far\u0131 ve fedakar \u00e7al\u0131\u015fmalardan dolay\u0131, t\u00fcm sivil ve askeri makamlar\u0131m\u0131z\u0131 kutluyorum. Demokratik de\u011fi\u015fim y\u00f6n\u00fcnde b\u00fcy\u00fck fedakarl\u0131klarla \u00f6nemli bir merhaleyi ge\u00e7en Libya halk\u0131n\u0131n, art\u0131k ideolojik ve kabile temelli \u00e7eki\u015fmeleri ard\u0131nda b\u0131rakarak, milli birlik ve b\u00fct\u00fcnl\u00fc\u011f\u00fcn\u00fc tahkim etmesi en b\u00fcy\u00fck temennimizdir.&#8221;<\/p>\n<p style=\"text-align: justify;\"><strong>&#8220;SUR\u0130YE Y\u00d6NET\u0130M\u0130NE ARTIK G\u00dcVEN\u0130M\u0130Z KALMADI&#8221;<\/strong><\/p>\n<p style=\"text-align: justify;\">\u00d6te yandan, \u00fcz\u00fclerek ifade etmek isterim ki son y\u0131llarda en b\u00fcy\u00fck siyasi ve diplomatik yat\u0131r\u0131m yapt\u0131\u011f\u0131m\u0131z kom\u015fumuz Suriye\u2019nin, b\u00f6lgedeki geli\u015fmeleri do\u011fru tahlil etmekte ge\u00e7 kald\u0131\u011f\u0131n\u0131 g\u00f6r\u00fcyoruz. T\u00fcrkiye olarak her zaman Suriye halk\u0131n\u0131n mutlu, Suriye devletinin ise g\u00fc\u00e7l\u00fc olmas\u0131n\u0131 istedik ve bu do\u011frultudaki politikalar\u0131 samimiyetle y\u00fcr\u00fctt\u00fck. Ne var ki Suriye y\u00f6netimi nezdindeki a\u00e7\u0131k ve kapal\u0131 t\u00fcm giri\u015fimlerimize ra\u011fmen, \u00fclkede karde\u015f kan\u0131 akmaya devam etmektedir. Kendi halk\u0131na kar\u015f\u0131 bask\u0131 ve \u015fiddet kullanmay\u0131 s\u00fcrd\u00fcren Suriye y\u00f6netimine art\u0131k g\u00fcvenimiz kalmam\u0131\u015ft\u0131r. T\u00fcrkiye her hal\u00fckarda, kadim dostu Suriye halk\u0131n\u0131n yan\u0131nda olacakt\u0131r.\u201d<\/p>\n<p style=\"text-align: justify;\"><strong>\u201cEKONOM\u0130K \u0130\u015eB\u0130RL\u0130\u011e\u0130 VE G\u00dcVENL\u0130K M\u0130MAR\u0130S\u0130NDE \u00d6NC\u00dcL\u00dcK ETMEL\u0130Y\u0130Z\u201d<\/strong><\/p>\n<p style=\"text-align: justify;\">Cumhurba\u015fkan\u0131 Abdullah G\u00fcl, Ortado\u011fu ve Kuzey Afrika\u2019da bar\u0131\u015f ve istikrar\u0131n kal\u0131c\u0131 olabilmesi i\u00e7in, \u201cArap Bahar\u0131\u2019n\u0131n kazan\u0131mlar\u0131n\u0131n kal\u0131c\u0131 olmas\u0131 i\u00e7in t\u00fcm b\u00f6lgeyi kapsayacak bir ekonomik i\u015fbirli\u011fi mekanizmas\u0131 ile g\u00fcvenlik mimarisi olu\u015fturulmas\u0131na \u00f6nc\u00fcl\u00fck etmeliyiz\u201d dedi.<\/p>\n<p style=\"text-align: justify;\">B\u00f6lgedeki S\u00fcnni-\u015eii ayr\u0131m\u0131 ekseninde i\u00e7ten i\u00e7i derinle\u015fen bir tehlikenin zuhur etti\u011fini vurgulayan G\u00fcl \u015f\u00f6yle devam etti:<\/p>\n<p style=\"text-align: justify;\">\u201cBuradan, \u0130slam d\u00fcnyas\u0131nda b\u00f6ylesi ilkel bir ayr\u0131\u015fmadan nemalanmaya \u00e7al\u0131\u015fan k\u00f6t\u00fc niyetli g\u00fc\u00e7lerin k\u0131\u015fk\u0131rtmalar\u0131na alet olan t\u00fcm y\u00f6netimlere ve \u00f6rg\u00fctlere de seslenmek istiyorum: \u0130slam d\u00fcnyas\u0131n\u0131, 21. y\u00fczy\u0131lda adeta Orta \u00c7a\u011f Avrupa\u2019s\u0131n\u0131n karanl\u0131klar\u0131na d\u00f6nd\u00fcrecek bir s\u00fcrece izin vermeyiniz.<\/p>\n<p style=\"text-align: justify;\"><strong>F\u0130L\u0130ST\u0130N<\/strong><\/p>\n<p style=\"text-align: justify;\">Bu meyanda, Filistin halk\u0131n\u0131n kendi devletinin tan\u0131nmas\u0131 yolunda verdi\u011fi m\u00fccadeleye \u00fclkemizin sa\u011flad\u0131\u011f\u0131 destek, Filistin ile olan karde\u015flik ba\u011flar\u0131m\u0131z\u0131n ve tarihi mesuliyetimizin bir icab\u0131d\u0131r. \u00d6te yandan, b\u00f6lgedeki yeni siyasi iklimi en dikkatli takip ve analiz etmesi gereken \u00fclke \u0130srail\u2019dir. Zira, b\u00f6lgedeki demokratik ve demografik dinamikler \u0130srail\u2019in aleyhine geli\u015fmektedir Ba\u015fkenti Kud\u00fcs olan ba\u011f\u0131ms\u0131z ve onurlu bir Filistin devletinin kurulu\u015funu, i\u015fgal, zorbal\u0131k ve toprak gasp\u0131yla engelledi\u011fi; i\u015fgal etti\u011fi Arap topraklar\u0131ndan \u00e7ekilmedi\u011fi s\u00fcrece, \u0130srail\u2019in ger\u00e7ek bar\u0131\u015f ve g\u00fcvenli\u011fe ula\u015fmas\u0131 imkans\u0131zd\u0131r. \u0130srail\u2019in stratejik bir yakla\u015f\u0131m sergilemedi\u011fi bir ba\u015fka konu da \u00fclkemizle ili\u015fkileridir. \u0130srail, hakl\u0131 taleplerimiz ba\u011flam\u0131nda gerekli ad\u0131mlar\u0131 atmad\u0131\u011f\u0131 m\u00fcddet\u00e7e, ili\u015fkilerimizin normalle\u015fmesi s\u00f6z konusu de\u011fildir.\u2019\u2019<\/p>\n<p style=\"text-align: justify;\"><strong>SOMAL\u0130<\/strong><\/p>\n<p style=\"text-align: justify;\">Di\u011fer taraftan, \u00fclkemizin artan imkan ve kabiliyetlerini k\u00fcresel bir sorumluluk anlay\u0131\u015f\u0131 i\u00e7inde kulland\u0131\u011f\u0131 bir ba\u015fka alan da k\u00fcresel kalk\u0131nma \u00e7abalar\u0131na verdi\u011fi destektir. Bu ba\u011flamda, 20 y\u0131ld\u0131r ya\u015fanan i\u00e7 sava\u015f\u0131n pen\u00e7esinde k\u0131vranan Somali\u2019de ba\u015f g\u00f6steren a\u00e7l\u0131k felaketi t\u00fcm insanl\u0131\u011f\u0131n ay\u0131b\u0131d\u0131r. Asil milletimiz 150 k\u00fcsur y\u0131l \u00f6nce B\u00fcy\u00fck \u0130rlanda K\u0131tl\u0131\u011f\u0131 gibi pek \u00e7ok afet dolay\u0131s\u0131yla g\u00f6sterdi\u011fi alicenapl\u0131\u011f\u0131, bu kez Somali i\u00e7in sergilemi\u015ftir. Bu vesileyle, Somali kampanyas\u0131na b\u00fcy\u00fck \u015fevkle kat\u0131lan halk\u0131m\u0131z\u0131 en i\u00e7ten duygular\u0131mla tebrik ediyorum.\u201d<\/p>\n<p style=\"text-align: justify;\">G\u00fcl, AB ile m\u00fcnasebetlerde \u201cStratejik \u00f6nceliklerimizden asla taviz vermeden, m\u00fczakereler konusunda \u00fczerimize d\u00fc\u015fenleri kararl\u0131l\u0131kla yerine getirmeliyiz\u201d diyerek \u015fu g\u00f6r\u00fc\u015flerini a\u00e7\u0131klad\u0131:<\/p>\n<p style=\"text-align: justify;\"><strong>AB VE KIBRIS<\/strong><\/p>\n<p style=\"text-align: justify;\">\u201cZira, bug\u00fcn ula\u015ft\u0131\u011f\u0131m\u0131z ekonomik istikrar ve ger\u00e7ekle\u015ftirdi\u011fimiz demokratik reformlarda AB m\u00fczakere s\u00fcrecinin \u00e7ok \u00f6nemli katk\u0131lar\u0131 oldu\u011funu unutmayal\u0131m. Netice olarak, t\u0131pk\u0131 Norve\u00e7 gibi m\u00fczakereleri ba\u015far\u0131yla tamamlamam\u0131za imkan verilmesini muhataplar\u0131m\u0131zdan kararl\u0131l\u0131kla talep etmeliyiz. Unutmayal\u0131m ki m\u00fczakere s\u00fcreci tamamland\u0131\u011f\u0131nda, AB\u2019ye kat\u0131l\u0131m konusundaki karar\u0131, sadece AB halklar\u0131 de\u011fil, T\u00fcrk halk\u0131 da verecektir.<\/p>\n<p style=\"text-align: justify;\">Bu arada, pek \u00e7ok AB \u00fcyesinin arkas\u0131na s\u0131\u011f\u0131nd\u0131\u011f\u0131 K\u0131br\u0131s sorununda, uzla\u015fma iradesinden yoksun taraf\u0131n, G\u00fcney K\u0131br\u0131s Rum Y\u00f6netimi oldu\u011fu herkes taraf\u0131ndan bilinmelidir. Herkesin malumu oldu\u011fu \u00fczere, Ada\u2019n\u0131n birle\u015fmesi i\u00e7in y\u00fcr\u00fct\u00fclen m\u00fczakerelerde T\u00fcrk taraf\u0131 olarak her t\u00fcrl\u00fc \u00e7abay\u0131 g\u00f6sterdik. T\u00fcm uluslararas\u0131 camian\u0131n destekledi\u011fi Annan Plan\u0131\u2019n\u0131 reddetmelerine ra\u011fmen, Rum taraf\u0131 AB\u2019ye \u00fcye olabildi. Bu s\u00fcre\u00e7te pek \u00e7ok \u00f6nde gelen AB \u00fclkesinin, G\u00fcney K\u0131br\u0131s Rum Y\u00f6netimi\u2019nin AB\u2019ye, Ada\u2019n\u0131n tamam\u0131n\u0131 temsil etmeden, eksik girdi\u011fine dair yay\u0131nlad\u0131klar\u0131 deklarasyon ve beyanlar hala ar\u015fivlerdedir.<\/p>\n<p style=\"text-align: justify;\">AB ilk defa, kendi i\u00e7 sorunlar\u0131n\u0131 \u00e7\u00f6zmemi\u015f, \u00fclkesinin tamam\u0131n\u0131 temsil etmeyen bir y\u00f6netimi b\u00fcnyesine alarak, kendi ilkelerini ihlal eden bir politika izledi\u011fini belirten G\u00fcl, \u2018\u2018\u015eimdi b\u00f6yle bir \u2018yar\u0131m y\u00f6netim\u2019in, 2012\u2019nin ikinci yar\u0131s\u0131nda AB\u2019ye Ba\u015fkanl\u0131k yap\u0131yor duruma gelmesi, AB\u2019nin zafiyetini g\u00f6sterecektir. Bu, AB taraf\u0131ndan da sorgulanmas\u0131 gereken bir husus olmal\u0131d\u0131r.\u201d<\/p>\n<p style=\"text-align: justify;\">AB\u2019nin t\u00fcm bu olup bitenleri normal gibi g\u00f6rmesinin, m\u00fczakerelerin s\u00fcrd\u00fc\u011f\u00fc bir ortamda, Rum y\u00f6netiminin \u00e7\u00f6z\u00fcm i\u00e7in hi\u00e7bir mecburiyet hissetmemesine yol a\u00e7mas\u0131 oldu\u011funu bildiren G\u00fcl, \u201cBunun da AB\u2019yi \u00e7\u00f6z\u00fcms\u00fczl\u00fc\u011f\u00fcn en b\u00fcy\u00fck cesaretlendiricisi durumuna d\u00fc\u015f\u00fcrd\u00fc\u011f\u00fc a\u015fikard\u0131r. Bu \u015fartlar alt\u0131nda, korkar\u0131m ki AB, Ada\u2019da birle\u015fmeyi tamamen imkans\u0131z k\u0131lacak bir s\u00fcrecin ba\u015flamas\u0131n\u0131n m\u00fcsebbibi olacakt\u0131r. B\u00f6yle bir s\u00fcrecin do\u011furabilece\u011fi neticeleri, herkesin er ya da ge\u00e7 kabullenmek zorunda kalaca\u011f\u0131n\u0131 \u015fimdiden hat\u0131rlatmak isterim\u201d dedi.<\/p>\n<p style=\"text-align: justify;\"><a href=\"http:\/\/www.gazeteport.com.tr\/haber\/55293\/iste_gulun_tbmmyi_acis_konusmasi\" target=\"_blank\">Kaynak : GAZETEPORT<\/a><\/p>\n","protected":false},"excerpt":{"rendered":"<p style=\"text-align: center;\">\n<p style=\"text-align: justify;\">Cumhurba\u015fkan\u0131 G\u00fcl, TBMM&#8217;nin a\u00e7\u0131l\u0131\u015f konu\u015fmas\u0131nda yeni anayasa s\u00fcrecinden ter\u00f6re, Arap Bahar\u0131&#8217;ndan ekonomi ve Avrupa Birli\u011fi&#8217;ne, yarg\u0131n\u0131n g\u00fcvenilirli\u011fine kadar pek \u00e7ok konuya vurgu yapt\u0131.<\/p>\n<p style=\"text-align: justify;\">ANKARA- Cumhurba\u015fkan\u0131 Abdullah G\u00fcl, yeni yasama y\u0131l\u0131n\u0131n a\u00e7\u0131l\u0131\u015f\u0131nda yapt\u0131\u011f\u0131 konu\u015fmada Meclis\u2019in 1921 ve 1924\u2019ten sonra ilk kez millet iradesine dayal\u0131 bir anayasa yapma sorumlulu\u011funu ta\u015f\u0131d\u0131\u011f\u0131n\u0131 <\/p>\n","protected":false},"author":1,"featured_media":0,"comment_status":"open","ping_status":"open","sticky":false,"template":"","format":"standard","meta":{"footnotes":""},"categories":[105],"tags":[],"class_list":["post-40427","post","type-post","status-publish","format-standard","hentry","category-gundem","odd"],"_links":{"self":[{"href":"http:\/\/www.korhanyilmaz.com\/index.php?rest_route=\/wp\/v2\/posts\/40427","targetHints":{"allow":["GET"]}}],"collection":[{"href":"http:\/\/www.korhanyilmaz.com\/index.php?rest_route=\/wp\/v2\/posts"}],"about":[{"href":"http:\/\/www.korhanyilmaz.com\/index.php?rest_route=\/wp\/v2\/types\/post"}],"author":[{"embeddable":true,"href":"http:\/\/www.korhanyilmaz.com\/index.php?rest_route=\/wp\/v2\/users\/1"}],"replies":[{"embeddable":true,"href":"http:\/\/www.korhanyilmaz.com\/index.php?rest_route=%2Fwp%2Fv2%2Fcomments&post=40427"}],"version-history":[{"count":0,"href":"http:\/\/www.korhanyilmaz.com\/index.php?rest_route=\/wp\/v2\/posts\/40427\/revisions"}],"wp:attachment":[{"href":"http:\/\/www.korhanyilmaz.com\/index.php?rest_route=%2Fwp%2Fv2%2Fmedia&parent=40427"}],"wp:term":[{"taxonomy":"category","embeddable":true,"href":"http:\/\/www.korhanyilmaz.com\/index.php?rest_route=%2Fwp%2Fv2%2Fcategories&post=40427"},{"taxonomy":"post_tag","embeddable":true,"href":"http:\/\/www.korhanyilmaz.com\/index.php?rest_route=%2Fwp%2Fv2%2Ftags&post=40427"}],"curies":[{"name":"wp","href":"https:\/\/api.w.org\/{rel}","templated":true}]}}