{"id":40417,"date":"2011-10-01T09:20:04","date_gmt":"2011-10-01T06:20:04","guid":{"rendered":"http:\/\/www.korhanyilmaz.com\/?p=40417"},"modified":"2011-10-01T13:22:50","modified_gmt":"2011-10-01T10:22:50","slug":"chpli-karttan-savci-kansiza-suclama","status":"publish","type":"post","link":"http:\/\/www.korhanyilmaz.com\/?p=40417","title":{"rendered":"CHP&#8217;li Kart&#8217;tan Savc\u0131 Kans\u0131z&#8217;a su\u00e7lama"},"content":{"rendered":"<p style=\"text-align: center;\"><a href=\"http:\/\/www.korhanyilmaz.com\/wp-content\/uploads\/2011\/10\/7072.jpg\"  class=\"lightview\"><img loading=\"lazy\" decoding=\"async\" class=\" wp-image-40418 aligncenter\" src=\"http:\/\/www.korhanyilmaz.com\/wp-content\/uploads\/2011\/10\/7072.jpg\" alt=\"\" width=\"360\" height=\"229\" \/><\/a><\/p>\n<p style=\"text-align: justify;\">CHP Konya Milletvekili Attila Kart, Oda TV iddianamesini haz\u0131rlayan \u0130stanbul Cumhuriyet Savc\u0131s\u0131 Cihan Kans\u0131z hakk\u0131nda H\u00e2kimler ve Savc\u0131lar Y\u00fcksek Kurulu&#8217;na (HSYK) ba\u015fvurdu.<\/p>\n<p style=\"text-align: justify;\">Ankara- CHP Konya Milletvekili Attila Kart, &#8220;Oda TV&#8221; iddianamesini haz\u0131rlayan Cumhuriyet Savc\u0131s\u0131 Cihan Kans\u0131z hakk\u0131nda, haberle\u015fme ve \u00f6zel hayat\u0131n gizlili\u011fini ihlal, g\u00f6revi k\u00f6t\u00fcye kullanmak, soru\u015fturman\u0131n gizlili\u011fini ihlal ve adil yarg\u0131lamay\u0131 etkilemeye te\u015febb\u00fcs su\u00e7lar\u0131ndan soru\u015fturma a\u00e7\u0131lmas\u0131 talebiyle HSYK&#8217;ye su\u00e7 duyurusunda bulundu.\u00a0<!--more--><\/p>\n<p style=\"text-align: justify;\">\u0130lgisiz telefon kay\u0131tlar\u0131n\u0131n ve dava d\u0131\u015f\u0131 konu\u015fmalara Oda TV iddianamesinde yer ald\u0131\u011f\u0131na dikkat \u00e7eken Kart, Oda TV davas\u0131nda aralar\u0131nda Gazeteci Nedim \u015eener&#8217;in de bulundu\u011fu 14 ki\u015fi yarg\u0131land\u0131\u011f\u0131n\u0131 an\u0131msatarak, &#8220;\u0130ddianamenin tutars\u0131zl\u0131\u011f\u0131 ve siyasi niteli\u011fi, delillerin yasa d\u0131\u015f\u0131 yol ve y\u00f6ntemlerle elde edilmi\u015f olmas\u0131, delillere m\u00fcdahale edilmekten \u00f6te delil \u00fcretildi\u011fi y\u00f6n\u00fcnde mevcut olan iddia ve kayg\u0131lar\u0131n ciddi nitelikte oldu\u011funu \u00f6nemle vurguluyoruz&#8221; ifadelerine yer verdi. Kart, Kans\u0131z hakk\u0131ndaki su\u00e7 duyurusuna gerek\u00e7e olarak Oda TV iddianamesindeki ilgisiz telefon kay\u0131tlar\u0131n\u0131 g\u00f6sterdi.<\/p>\n<p style=\"text-align: justify;\"><strong>&#8216;Savc\u0131 polisin haz\u0131rlad\u0131\u011f\u0131 dosyay\u0131 incelemedi&#8217;\u00a0<\/strong><\/p>\n<p style=\"text-align: justify;\">Soru\u015fturman\u0131n gizlili\u011finin ihl\u00e2linin, Savc\u0131lar\u0131n himayesiyle ger\u00e7ekle\u015ftirildi\u011fi iddias\u0131na yer verilen su\u00e7 duyurusunda, &#8220;\u015e\u00fcphelilerin \u00f6zel hayatlar\u0131 ve haberle\u015fme \u00f6zg\u00fcrl\u00fckleri kamuoyuna servis edilmekte, bu s\u00fcre\u00e7ten sonra belli medya gruplar\u0131 taraf\u0131ndan her t\u00fcrl\u00fc tahrifat yap\u0131larak bilgi kirlili\u011fi yarat\u0131lmaktad\u0131r. B\u00f6ylece yarg\u0131s\u0131z infaz\u0131n yolu a\u00e7\u0131lmaktad\u0131r. Haks\u0131z ve keyfi tutuklamalar, bu tutuklamalar\u0131n uzun s\u00fcrmesi ve infaza d\u00f6n\u00fc\u015fmesi, bu s\u00fcrecin sonunda tutuklama merciinin kendi \u015eahsi sorumlulu\u011funu bertaraf etmek i\u00e7in g\u00f6z\u00fc kapal\u0131 bir \u015fekilde tutuklulu\u011fa itiraz\u0131 ret etmeleri, telafi edilemez ma\u011fduriyetlere yol a\u00e7maktad\u0131r&#8221; de\u011ferlendirmesine yer verildi.<\/p>\n<p style=\"text-align: justify;\">Gazeteci Nedim \u015eener ile CHP Genel Ba\u015fkan\u0131 Kemal K\u0131l\u0131\u00e7daro\u011flu aras\u0131nda yap\u0131lan baz\u0131 g\u00f6r\u00fc\u015fmelerin de iddianame ekindeki klas\u00f6rlerde yer ald\u0131\u011f\u0131n\u0131n an\u0131msat\u0131ld\u0131\u011f\u0131 su\u00e7 duyurusunda, &#8220;An\u0131lan Savc\u0131&#8217;n\u0131n, (Kans\u0131z) dosya kapsam\u0131na hakim olmad\u0131\u011f\u0131, polisin haz\u0131rlad\u0131\u011f\u0131 dosyay\u0131 bihakk\u0131n de\u011ferlendirmedi\u011fi, fiili ve hukuki anlamda denetleme yapmadan i\u015fleme koydu\u011fu anla\u015f\u0131lmaktad\u0131r. \u0130ddianameyi haz\u0131rlayan Savc\u0131, iddianamenin g\u00fcvenirlili\u011fiyle ilgili temel ilkeleri bizzat kendisi m\u00fcteaddit defalar ihl\u00e2l etmi\u015ftir&#8221; denildi. \u0130ddianamedeki bilgilere yer verilen su\u00e7 duyurusunda, iddianameyle iddia makam\u0131n\u0131n sayg\u0131nl\u0131\u011f\u0131 ve g\u00fcvenirlili\u011fi ad\u0131na ibret verici bir tablonu ortaya konuldu\u011fu savunuldu.<\/p>\n<p style=\"text-align: justify;\">&#8220;Temel ve anayasal bir kurum olma niteli\u011fi olan HSYK, tarihi misyonuna ki\u015fisel ve siyasi yakla\u015f\u0131mlarla halel vermeye tenezz\u00fcl etmeden, maddi ger\u00e7e\u011fi ve hukuki ger\u00e7ekli\u011fi tespit etmelidir&#8221; ifadelerine yer verilen su\u00e7 duyurusunda, &#8220;A\u00e7\u0131k ve tart\u0131\u015fmas\u0131z olan husus an\u0131lan Savc\u0131&#8217;n\u0131n eylemi, eylemleri yo\u011fun su\u00e7 kasd\u0131 alt\u0131nda i\u015flemi\u015f oldu\u011fu hususudur. Bu durum kayden de sabittir. Keyfiyet ve gere\u011fi sayg\u0131yla talep olunur&#8221; denildi.<\/p>\n<p style=\"text-align: justify;\"><a href=\"http:\/\/www.cumhuriyet.com.tr\/?kn=6&amp;hn=281598\" target=\"_blank\">Kaynak : Cumhuriyet Haber Portal\u0131<\/a><\/p>\n","protected":false},"excerpt":{"rendered":"<p style=\"text-align: center;\">\n<p style=\"text-align: justify;\">CHP Konya Milletvekili Attila Kart, Oda TV iddianamesini haz\u0131rlayan \u0130stanbul Cumhuriyet Savc\u0131s\u0131 Cihan Kans\u0131z hakk\u0131nda H\u00e2kimler ve Savc\u0131lar Y\u00fcksek Kurulu&#8217;na (HSYK) ba\u015fvurdu.<\/p>\n<p style=\"text-align: justify;\">Ankara- CHP Konya Milletvekili Attila Kart, &#8220;Oda TV&#8221; iddianamesini haz\u0131rlayan Cumhuriyet Savc\u0131s\u0131 Cihan Kans\u0131z hakk\u0131nda, haberle\u015fme ve \u00f6zel hayat\u0131n gizlili\u011fini ihlal, g\u00f6revi k\u00f6t\u00fcye kullanmak, soru\u015fturman\u0131n gizlili\u011fini <\/p>\n","protected":false},"author":1,"featured_media":0,"comment_status":"open","ping_status":"open","sticky":false,"template":"","format":"standard","meta":{"footnotes":""},"categories":[105],"tags":[],"class_list":["post-40417","post","type-post","status-publish","format-standard","hentry","category-gundem","odd"],"_links":{"self":[{"href":"http:\/\/www.korhanyilmaz.com\/index.php?rest_route=\/wp\/v2\/posts\/40417","targetHints":{"allow":["GET"]}}],"collection":[{"href":"http:\/\/www.korhanyilmaz.com\/index.php?rest_route=\/wp\/v2\/posts"}],"about":[{"href":"http:\/\/www.korhanyilmaz.com\/index.php?rest_route=\/wp\/v2\/types\/post"}],"author":[{"embeddable":true,"href":"http:\/\/www.korhanyilmaz.com\/index.php?rest_route=\/wp\/v2\/users\/1"}],"replies":[{"embeddable":true,"href":"http:\/\/www.korhanyilmaz.com\/index.php?rest_route=%2Fwp%2Fv2%2Fcomments&post=40417"}],"version-history":[{"count":0,"href":"http:\/\/www.korhanyilmaz.com\/index.php?rest_route=\/wp\/v2\/posts\/40417\/revisions"}],"wp:attachment":[{"href":"http:\/\/www.korhanyilmaz.com\/index.php?rest_route=%2Fwp%2Fv2%2Fmedia&parent=40417"}],"wp:term":[{"taxonomy":"category","embeddable":true,"href":"http:\/\/www.korhanyilmaz.com\/index.php?rest_route=%2Fwp%2Fv2%2Fcategories&post=40417"},{"taxonomy":"post_tag","embeddable":true,"href":"http:\/\/www.korhanyilmaz.com\/index.php?rest_route=%2Fwp%2Fv2%2Ftags&post=40417"}],"curies":[{"name":"wp","href":"https:\/\/api.w.org\/{rel}","templated":true}]}}