{"id":40413,"date":"2011-09-30T20:40:19","date_gmt":"2011-09-30T17:40:19","guid":{"rendered":"http:\/\/www.korhanyilmaz.com\/?p=40413"},"modified":"2011-10-01T12:14:21","modified_gmt":"2011-10-01T09:14:21","slug":"bulent-arinc-bugun-yine-bizi-uzduler","status":"publish","type":"post","link":"http:\/\/www.korhanyilmaz.com\/?p=40413","title":{"rendered":"B\u00fclent Ar\u0131n\u00e7: &#8220;Bug\u00fcn yine bizi \u00fczd\u00fcler&#8221;"},"content":{"rendered":"<p><a href=\"http:\/\/www.korhanyilmaz.com\/wp-content\/uploads\/2011\/10\/7089.jpg\"  class=\"lightview\"><img loading=\"lazy\" decoding=\"async\" class=\"size-full wp-image-40414 aligncenter\" title=\"\" src=\"http:\/\/www.korhanyilmaz.com\/wp-content\/uploads\/2011\/10\/7089.jpg\" alt=\"\" width=\"312\" height=\"215\" \/><\/a><\/p>\n<p style=\"text-align: justify;\">Ba\u015fbakan Yard\u0131mc\u0131s\u0131 B\u00fclent Ar\u0131n\u00e7, \u015e\u0131rnak&#8217;taki ter\u00f6r sald\u0131r\u0131s\u0131na ili\u015fkin olarak, &#8220;Bu al\u00e7aklar, hainler, bu milletin g\u00f6z\u00fcn\u00fcn ya\u015f\u0131n\u0131 d\u00f6kt\u00fcrenler, \u00fcz\u00fcnt\u00fc, feryatla, ac\u0131 ve g\u00f6zya\u015f\u0131yla hayat\u0131m\u0131z\u0131 zehir edenler, bug\u00fcn yine bizi \u00fczd\u00fcler&#8221; dedi.<\/p>\n<p style=\"text-align: justify;\">Ba\u015fbakan Yard\u0131mc\u0131s\u0131 B\u00fclent Ar\u0131n\u00e7, Bursa&#8217;n\u0131n \u0130znik il\u00e7esinde a\u00e7\u0131l\u0131\u015flara kat\u0131ld\u0131. Burada yapt\u0131\u011f\u0131 konu\u015fmada s\u00f6z\u00fc Beyt\u00fc\u015f\u015febap&#8217;taki ter\u00f6r sald\u0131r\u0131s\u0131na getiren Ar\u0131n\u00e7, \u015funlar\u0131 s\u00f6yledi:\u00a0<!--more--><\/p>\n<p style=\"text-align: justify;\">&#8220;Bug\u00fcn g\u00fczel a\u00e7\u0131l\u0131\u015flar yap\u0131yoruz. Herkesin y\u00fcz\u00fc g\u00fcl\u00fcyor. M\u00fcbarek cuma namaz\u0131ndan \u00e7\u0131kt\u0131k. Huzur ve sa\u011fl\u0131k i\u00e7inde \u00f6mr\u00fcm\u00fcz\u00fc s\u00fcrmeye \u00e7al\u0131\u015f\u0131yoruz. Ama y\u00fcre\u011fimize kan damlatanlar var. Bug\u00fcn yine maalesef ac\u0131 haberle kar\u015f\u0131 kar\u015f\u0131yay\u0131z. Gece yar\u0131s\u0131 \u015e\u0131rnak Beyt\u00fc\u015f\u015febap&#8217;ta yeni bir pusu kuruldu ve 2 kahraman askerimiz \u015fehit edildi, yaral\u0131 karde\u015flerimiz de var. Bu al\u00e7aklar, hainler, bu milletin g\u00f6z\u00fcn\u00fcn ya\u015f\u0131n\u0131 d\u00f6kt\u00fcrenler, \u00fcz\u00fcnt\u00fc, feryatla, ac\u0131 ve g\u00f6zya\u015f\u0131yla hayat\u0131m\u0131z\u0131 zehir edenler, bug\u00fcn yine bizi \u00fczd\u00fcler. \u015eehitlerimize Allah&#8217;tan rahmet diliyorum. Ailelerine ve milletimize ba\u015fsa\u011fl\u0131\u011f\u0131, sab\u0131rlar diliyorum. Yaral\u0131lara \u015fifalar diliyorum. Elbette bu caniler, cezalar\u0131n\u0131 bulacaklar, 3 tanesi zaten \u00f6ld\u00fcr\u00fclm\u00fc\u015f. Bunlar\u0131n \u00f6n\u00fcne ge\u00e7mek i\u00e7in h\u00fck\u00fcmet olarak, h\u00fck\u00fcmetin emrinde askerimizle, polisimizle b\u00fct\u00fcn g\u00fcvenlik g\u00fc\u00e7lerimizle yapt\u0131\u011f\u0131m\u0131z \u00e7al\u0131\u015fmalarla, bu cani emellerine bundan sonra muvaffak olamayacaklar. B\u00fct\u00fcn g\u00fcc\u00fcm\u00fczle bunu ger\u00e7ekle\u015ftirece\u011fiz. Her g\u00fcn bu ac\u0131lar ya\u015fan\u0131yor, giderek artt\u0131\u011f\u0131n\u0131 hissediyoruz, \u00fcz\u00fcnt\u00fc ve endi\u015fe duyuyoruz ama bu olaylar bizi ne kadar \u00fcz\u00fcyorsa, ter\u00f6rle m\u00fccadeledeki azmimiz de o kadar art\u0131yor. Elimizden ne geliyorsa 10 fazlas\u0131n\u0131 yap\u0131yoruz, ter\u00f6rle m\u00fccadelede muvaffak olmaya \u00e7al\u0131\u015f\u0131yoruz.&#8221;<\/p>\n<p style=\"text-align: justify;\">\u0130ktidarlar\u0131 d\u00f6nemindeki ekonomi politikalara s\u00f6z\u00fc getiren Ar\u0131n\u00e7, &#8220;Bu oylar\u0131 bo\u015funa alm\u0131yoruz. Kara ka\u015f\u0131m\u0131z, kara g\u00f6z\u00fcm\u00fcz i\u00e7in de de\u011fil. Ba\u015fbakan\u0131m\u0131z\u0131 \u00e7ok seviyorsunuz ama yapt\u0131\u011f\u0131m\u0131z hizmetleri takdir ediyorsunuz. \u00c7ocuklar\u0131m\u0131za daha g\u00fczel okullar yapt\u0131\u011f\u0131m\u0131z i\u00e7in meslek y\u00fcksekokullar\u0131, \u00fcniversiteler yapt\u0131\u011f\u0131m\u0131z i\u00e7in takdir ediyoruz. 5 kuru\u015fa simit devri ge\u00e7ti&#8221; dedi.<\/p>\n<p style=\"text-align: justify;\"><a href=\"http:\/\/www.cnnturk.com\/2011\/turkiye\/09\/30\/bulent.arinc.bugun.yine.bizi.uzduler\/631321.0\/index.html\" target=\"_blank\">Kaynak : CNN T\u00dcRK<\/a><\/p>\n","protected":false},"excerpt":{"rendered":"<\/p>\n<p style=\"text-align: justify;\">Ba\u015fbakan Yard\u0131mc\u0131s\u0131 B\u00fclent Ar\u0131n\u00e7, \u015e\u0131rnak&#8217;taki ter\u00f6r sald\u0131r\u0131s\u0131na ili\u015fkin olarak, &#8220;Bu al\u00e7aklar, hainler, bu milletin g\u00f6z\u00fcn\u00fcn ya\u015f\u0131n\u0131 d\u00f6kt\u00fcrenler, \u00fcz\u00fcnt\u00fc, feryatla, ac\u0131 ve g\u00f6zya\u015f\u0131yla hayat\u0131m\u0131z\u0131 zehir edenler, bug\u00fcn yine bizi \u00fczd\u00fcler&#8221; dedi.<\/p>\n<p style=\"text-align: justify;\">Ba\u015fbakan Yard\u0131mc\u0131s\u0131 B\u00fclent Ar\u0131n\u00e7, Bursa&#8217;n\u0131n \u0130znik il\u00e7esinde a\u00e7\u0131l\u0131\u015flara kat\u0131ld\u0131. Burada yapt\u0131\u011f\u0131 konu\u015fmada s\u00f6z\u00fc Beyt\u00fc\u015f\u015febap&#8217;taki ter\u00f6r sald\u0131r\u0131s\u0131na getiren Ar\u0131n\u00e7, \u015funlar\u0131 s\u00f6yledi: <\/p>\n","protected":false},"author":1,"featured_media":0,"comment_status":"open","ping_status":"open","sticky":false,"template":"","format":"standard","meta":{"footnotes":""},"categories":[105],"tags":[],"class_list":["post-40413","post","type-post","status-publish","format-standard","hentry","category-gundem","odd"],"_links":{"self":[{"href":"http:\/\/www.korhanyilmaz.com\/index.php?rest_route=\/wp\/v2\/posts\/40413","targetHints":{"allow":["GET"]}}],"collection":[{"href":"http:\/\/www.korhanyilmaz.com\/index.php?rest_route=\/wp\/v2\/posts"}],"about":[{"href":"http:\/\/www.korhanyilmaz.com\/index.php?rest_route=\/wp\/v2\/types\/post"}],"author":[{"embeddable":true,"href":"http:\/\/www.korhanyilmaz.com\/index.php?rest_route=\/wp\/v2\/users\/1"}],"replies":[{"embeddable":true,"href":"http:\/\/www.korhanyilmaz.com\/index.php?rest_route=%2Fwp%2Fv2%2Fcomments&post=40413"}],"version-history":[{"count":0,"href":"http:\/\/www.korhanyilmaz.com\/index.php?rest_route=\/wp\/v2\/posts\/40413\/revisions"}],"wp:attachment":[{"href":"http:\/\/www.korhanyilmaz.com\/index.php?rest_route=%2Fwp%2Fv2%2Fmedia&parent=40413"}],"wp:term":[{"taxonomy":"category","embeddable":true,"href":"http:\/\/www.korhanyilmaz.com\/index.php?rest_route=%2Fwp%2Fv2%2Fcategories&post=40413"},{"taxonomy":"post_tag","embeddable":true,"href":"http:\/\/www.korhanyilmaz.com\/index.php?rest_route=%2Fwp%2Fv2%2Ftags&post=40413"}],"curies":[{"name":"wp","href":"https:\/\/api.w.org\/{rel}","templated":true}]}}