{"id":40398,"date":"2011-09-30T21:30:50","date_gmt":"2011-09-30T18:30:50","guid":{"rendered":"http:\/\/www.korhanyilmaz.com\/?p=40398"},"modified":"2011-10-01T10:26:47","modified_gmt":"2011-10-01T07:26:47","slug":"carpici-iddia","status":"publish","type":"post","link":"http:\/\/www.korhanyilmaz.com\/?p=40398","title":{"rendered":"\u00c7arp\u0131c\u0131 iddia!"},"content":{"rendered":"<p style=\"text-align: center;\"><a href=\"http:\/\/www.korhanyilmaz.com\/wp-content\/uploads\/2011\/10\/7084.jpg\"  class=\"lightview\"><img loading=\"lazy\" decoding=\"async\" class=\"aligncenter  wp-image-40399\" src=\"http:\/\/www.korhanyilmaz.com\/wp-content\/uploads\/2011\/10\/7084.jpg\" alt=\"\" width=\"420\" height=\"210\" \/><\/a><\/p>\n<p style=\"text-align: justify;\"><strong>Yaz\u0131c\u0131o\u011flu&#8217;nun ya\u015fam\u0131n\u0131 yitirdi\u011fi kaza sonras\u0131 kay\u0131p denilen cihazlar Seren\u2019in masas\u0131ndayd\u0131&#8230;<\/strong><\/p>\n<p style=\"text-align: justify;\">Yaz\u0131co\u011flu\u2019nun ya\u015fam\u0131n\u0131 yitirdi\u011fi kaza sonras\u0131\u00a0Almanya\u2019dan \u00e7a\u011fr\u0131lan uzman pilot \u201cGPS cihazlar\u0131n\u0131 10 Nisan 2009\u2019da Kaza K\u0131r\u0131m Heyeti Ba\u015fkan\u0131 Ferudun Seren\u2019in masas\u0131nda g\u00f6rd\u00fcm\u201d dedi. Seren\u2019le 6 saat g\u00f6r\u00fc\u015fen Alman uzman\u0131n ise ara\u015ft\u0131rma yapmaktan vazge\u00e7erek paras\u0131n\u0131 dahi almadan \u00fclkesine d\u00f6nd\u00fc\u011f\u00fc ileri s\u00fcr\u00fcld\u00fc.\u00a0<!--more--><\/p>\n<p style=\"text-align: justify;\">BBP lideri Muhsin Yaz\u0131c\u0131o\u011flu ile 5 ki\u015finin \u00f6ld\u00fc\u011f\u00fc helikopter kazas\u0131ndan sonra Almanya\u2019dan helikopterin d\u00fc\u015fme nedenleri konusunda rapor haz\u0131rlamak \u00fczere BBP taraf\u0131ndan \u00e7a\u011fr\u0131lan uzman pilot Volkan S\u00fcrmeli \u00e7arp\u0131c\u0131 iddialarda bulundu. Almanya\u2019da ya\u015fayan uzman pilot S\u00fcrmeli, VATAN\u2019a yapt\u0131\u011f\u0131 a\u00e7\u0131klamada, 28 Mart\u2019ta bulunan helikopterin enkaz\u0131na ili\u015fkin, aralar\u0131nda kay\u0131p oldu\u011fu s\u00f6ylenen GPS cihazlar\u0131n\u0131n da oldu\u011fu par\u00e7alar\u0131 10 Nisan\u2019da Seren\u2019in masas\u0131nda g\u00f6rd\u00fc\u011f\u00fcn\u00fc s\u00f6yledi. S\u00fcrmeli \u015funlar\u0131 anlatt\u0131:<\/p>\n<p style=\"text-align: justify;\">\u201c8 Nisan\u2019da (2009) enkaz b\u00f6lgesinde kazay\u0131 ara\u015ft\u0131rd\u0131k. 9 Nisan\u2019da Ankara\u2019ya geldik. 10 Nisan Cuma g\u00fcn\u00fc Uwe Reibel ile birlikte Seren\u2019in masas\u0131nda o cihazlar\u0131 g\u00f6rd\u00fck. Zaten o cihazlar\u0131 bize g\u00f6stermek i\u00e7in Ankara\u2019ya davet ettiler. Bu konuda Ba\u015fbakan\u2019\u0131m\u0131z\u0131n da bir direktifi olmu\u015ftu. Ba\u015fbakan\u0131m\u0131z da bunu istemi\u015fti. Orada bize s\u00f6ylenen \u015f\u00f6yle bir \u015fey vard\u0131: \u201cCihazlar bulundu, foto\u011fraflar \u00e7ekildi ve savc\u0131ya tutanak tutturuldu&#8230;\u201d Bu foto\u011fraflar\u0131 bize CD ile birlikte teslim ettiler. Bize o zaman cihazlar\u0131n oldu\u011funu ama haf\u0131za kartlar\u0131n\u0131n olmad\u0131\u011f\u0131 s\u00f6ylendi. Fakat bug\u00fcn o cihazlar da yok&#8230;\u201d<\/p>\n<p style=\"text-align: justify;\">S\u00fcrmeli, kazada hayat\u0131n\u0131 kaybeden gazeteci \u0130smail G\u00fcne\u015f\u2019in helikopter i\u00e7inde \u00e7ekti\u011fi baz\u0131 foto\u011fraflarda sabit olarak bu GPS cihazlar\u0131n\u0131n a\u00e7\u0131k ve kullan\u0131mda oldu\u011funun g\u00f6r\u00fcnd\u00fc\u011f\u00fcne de dikkat \u00e7ekti. Cihazlar\u0131 helikopterden s\u00f6kt\u00fc\u011f\u00fc iddia edilen askerlerle kaza k\u0131r\u0131m heyetinin bir ara\u00e7ta birlikte g\u00f6r\u00fcnd\u00fcklerine ili\u015fkin iddialar da oldu\u011funu s\u00f6yleyen S\u00fcrmeli \u201cBir sivil hava arac\u0131 kazas\u0131nda, askeri personelin ara\u015ft\u0131rma yetkisi yoktur. D\u00fcnyan\u0131n her yerinde ge\u00e7erli bir kurald\u0131r bu. O askerlerin orada bulunmas\u0131 bile ba\u015fl\u0131 ba\u015f\u0131na \u00e7ok \u015feyi a\u00e7\u0131kl\u0131yor. Elinde tornovida bulunan bir askerin bir \u015feyi s\u00f6kmeye \u00e7al\u0131\u015fmas\u0131 b\u00fct\u00fcn \u00e7arp\u0131kl\u0131\u011f\u0131 g\u00f6zler \u00f6n\u00fcne seriyor\u201d dedi.<\/p>\n<p style=\"text-align: justify;\"><strong>\u201cAlman uzman vazge\u00e7irildi\u201d\u00a0<\/strong><\/p>\n<p style=\"text-align: justify;\">Cihazlar\u0131 Seren\u2019in masas\u0131nda g\u00f6rd\u00fc\u011f\u00fcn\u00fc hemen avukat Kemal Yavuz\u2019a ve BBP Genel Ba\u015fkan\u0131 Mustafa Destici\u2019ye s\u00f6yledi\u011fini anlatan S\u00fcrmeli, Alman uzman Reibel\u2019in rapor haz\u0131rlamaktan vazge\u00e7mesine ili\u015fkin de \u015funlar\u0131 anlatt\u0131:<\/p>\n<p style=\"text-align: justify;\">\u201cFerudun Seren\u2019in odas\u0131na Uwe\u2019yi ald\u0131lar. 3 saat beni hi\u00e7 i\u00e7eri almad\u0131lar. Daha sonra bir \u00e7ay i\u00e7mek i\u00e7in beni i\u00e7eri ald\u0131lar ama daha sonra yeniden beni \u00e7\u0131kar\u0131p kendisiyle bir 3 saat daha g\u00f6r\u00fc\u015ft\u00fcler. Uwe, odadan \u00e7\u0131kt\u0131ktan sonra bu kaza ara\u015ft\u0131rmas\u0131ndan \u00e7ekilece\u011fini s\u00f6yledi ve \u00f6yle de yapt\u0131. Bu durumu BBP\u2019ye izah edece\u011fini ve bu i\u015fe kar\u0131\u015fmamam gerekti\u011fini, kar\u0131\u015f\u0131rsam beni Almanya\u2019da savc\u0131l\u0131\u011fa verece\u011fini s\u00f6yledi.<\/p>\n<p style=\"text-align: justify;\"><strong>\u201cBBP mafyaym\u0131\u015f\u201d\u00a0<\/strong><\/p>\n<p style=\"text-align: justify;\">Bize \u2018siz hepiniz mafyas\u0131n\u0131z\u2019 dedi. San\u0131r\u0131m o g\u00f6r\u00fc\u015fmede BBP ona mafya diye anlat\u0131lm\u0131\u015f. Daha \u00f6nce BBP\u2019lileri \u00e7ok cana yak\u0131n buldu\u011funu s\u00f6yleyen ki\u015fi, o odadan \u00e7\u0131kt\u0131ktan sonra b\u00f6yle dedi. Hatta kendisine \u00f6denecek mebla\u011flar vard\u0131, onlardan da vazge\u00e7ti \u2018para da istemiyorum\u2019 dedi.<\/p>\n<p style=\"text-align: justify;\">Ben durumu d\u00f6nemin BBP y\u00f6neticisi Ahmet \u015eanverdi\u2019ye anlatt\u0131m. BBP y\u00f6netimi de son ana kadar onu g\u00f6revde tutmak i\u00e7in \u00e7ok u\u011fra\u015ft\u0131. Ben de telefon ve e-mail yoluyla ula\u015fmaya \u00e7al\u0131\u015ft\u0131m ama hi\u00e7birine cevap vermedi, bizimle ba\u011flant\u0131y\u0131 kopard\u0131.<\/p>\n<p style=\"text-align: justify;\">\u0130lgin\u00e7 olan ba\u015fka bir \u015fey de Sivil Havac\u0131l\u0131k Genel M\u00fcd\u00fcrl\u00fc\u011f\u00fc\u2019n\u00fcn bu kazadan sonra helikopter par\u00e7alar\u0131n\u0131 Uwe Reibel\u2019in ya\u015fad\u0131\u011f\u0131 Baden-Baden \u015fehrinde inceletmesiydi. Ama bu konuda as\u0131l merkez oras\u0131 de\u011fildir. As\u0131l merkez Lufthansa\u2019n\u0131n \u00e7ok geli\u015fmi\u015f merkezi olan Bremen veya Hamburg, Berlin gibi \u015fehirlerdir. Ben, par\u00e7alar\u0131n Uwe Reibel\u2019in ya\u015fad\u0131\u011f\u0131 \u015fehirde inceletilmesini \u00e7ok ku\u015fkulu buluyorum\u201d dedi.<\/p>\n<p style=\"text-align: justify;\"><strong>\u2018Suikast\u2019 diyor\u00a0<\/strong><\/p>\n<p style=\"text-align: justify;\">Helikopterin kaza nedeniyle de\u011fil, suikast sonucu d\u00fc\u015ft\u00fc\u011f\u00fcne inand\u0131\u011f\u0131n\u0131 s\u00f6yleyen S\u00fcrmeli, delillerin karart\u0131lmas\u0131yla baz\u0131 ki\u015filerin korunmaya \u00e7al\u0131\u015f\u0131ld\u0131\u011f\u0131n\u0131 iddia etti. Helikopteri Awacs ve F-16\u2019lar\u0131n birlikte d\u00fc\u015f\u00fcrm\u00fc\u015f olabileceklerini \u00f6ne s\u00fcren S\u00fcrmeli \u201cAwacs helikopteri yanl\u0131\u015f y\u00f6nlendirdi. \u00c7\u00fcnk\u00fc Kayseri Havaalan\u0131\u2019na giden bir helikopterin 60 km hatal\u0131 u\u00e7mas\u0131 m\u00fcmk\u00fcn de\u011fil. 1 derece 2 derece hata yapabilirsiniz ama 3-5 km\u2019de bu hata d\u00fczeltilir\u201d dedi. S\u00fcrmeli, helikopterden cihazlar\u0131n s\u00f6k\u00fclmesi s\u0131ras\u0131nda orada bulunan bir askerin cep telefonuyla \u00e7ekti\u011fi g\u00f6r\u00fcnt\u00fcleri BBP\u2019ye ve Cumhurba\u015fkanl\u0131\u011f\u0131\u2019na postayla g\u00f6nderdi\u011fini ve \u201cme\u00e7hul asker\u201din de bu ki\u015fi oldu\u011funu s\u00f6yledi. S\u00fcrmeli daha \u00f6nce g\u00fcndeme getirdi\u011fi Seren\u2019in kendisini \u201cKaza yerinde \u00e7ekti\u011fimiz foto\u011fraflar bir yerde \u00e7\u0131karsa sen de biz de yanar\u0131z. Bir g\u00fcn senin de u\u00e7ak ya da helikopter kazan\u0131 inceleriz\u201d diyerek tehdit etti\u011fi iddias\u0131n\u0131 da tekrarlad\u0131.<\/p>\n<p style=\"text-align: justify;\"><strong>Seren\u2019in ku\u015fku yaratan ifadesi\u00a0<\/strong><\/p>\n<p style=\"text-align: justify;\">Soru\u015fturma kapsam\u0131nda g\u00f6zalt\u0131na al\u0131nan Ferudun Seren ise ge\u00e7en y\u0131l K. Mara\u015f Savc\u0131l\u0131\u011f\u0131\u2019na verdi\u011fi ifadede, GPS cihazlar\u0131n\u0131 29 Mart\u2019ta g\u00f6rd\u00fcklerini ve foto\u011fraflad\u0131klar\u0131n\u0131, ancak iki g\u00fcn sonra 31 Mart\u2019ta tekrar kaza yerine gittiklerinde cihazlar\u0131n olmad\u0131\u011f\u0131n\u0131 g\u00f6rd\u00fcklerini ileri s\u00fcrm\u00fc\u015ft\u00fc. Seren, ancak kay\u0131p cihazlar\u0131n kar\u0131n i\u00e7erisinde kaybolmu\u015f olabilece\u011fi ve enkaz kald\u0131r\u0131ld\u0131\u011f\u0131nda kay\u0131p cihazlara ula\u015fabilecekleri d\u00fc\u015f\u00fcncesiyle tutana\u011f\u0131 sadece kendisinin imzalad\u0131\u011f\u0131n\u0131, arkada\u015flar\u0131n\u0131n imzalamad\u0131\u011f\u0131n\u0131 s\u00f6ylemi\u015fti. Enkaz\u0131n 15 May\u0131s\u2019ta kald\u0131r\u0131lmas\u0131ndan sonra da kay\u0131p cihazlara ula\u015f\u0131lamay\u0131nca arkada\u015flar\u0131n\u0131n tutana\u011fa 20 May\u0131s tarihinde imza att\u0131klar\u0131n\u0131 ileri s\u00fcrm\u00fc\u015ft\u00fc. S\u00fcrmeli\u2019nin 10 Nisan\u2019da GPS cihazlar\u0131n\u0131 Seren\u2019in masas\u0131nda g\u00f6rd\u00fc\u011f\u00fcn\u00fc iddia etmesine kar\u015f\u0131n, Seren\u2019in cihazlar\u0131n kay\u0131p oldu\u011funu 31 Mart\u2019ta g\u00f6rd\u00fcklerini, ancak buna ili\u015fkin tutanaktaki imzalar\u0131n ancak enkaz kald\u0131r\u0131ld\u0131ktan 5 g\u00fcn sonra at\u0131ld\u0131\u011f\u0131n\u0131 s\u00f6ylemesi ku\u015fku \u00e7ekti.<\/p>\n<p style=\"text-align: justify;\"><a href=\"http:\/\/haber.gazetevatan.com\/carpici-iddia\/402807\/1\/Gundem\" target=\"_blank\">Kaynak : VATAN Gazetesi<\/a><\/p>\n","protected":false},"excerpt":{"rendered":"<p style=\"text-align: center;\">\n<p style=\"text-align: justify;\">Yaz\u0131c\u0131o\u011flu&#8217;nun ya\u015fam\u0131n\u0131 yitirdi\u011fi kaza sonras\u0131 kay\u0131p denilen cihazlar Seren\u2019in masas\u0131ndayd\u0131&#8230;<\/p>\n<p style=\"text-align: justify;\">Yaz\u0131co\u011flu\u2019nun ya\u015fam\u0131n\u0131 yitirdi\u011fi kaza sonras\u0131 Almanya\u2019dan \u00e7a\u011fr\u0131lan uzman pilot \u201cGPS cihazlar\u0131n\u0131 10 Nisan 2009\u2019da Kaza K\u0131r\u0131m Heyeti Ba\u015fkan\u0131 Ferudun Seren\u2019in masas\u0131nda g\u00f6rd\u00fcm\u201d dedi. Seren\u2019le 6 saat g\u00f6r\u00fc\u015fen Alman uzman\u0131n ise ara\u015ft\u0131rma yapmaktan vazge\u00e7erek paras\u0131n\u0131 dahi almadan \u00fclkesine d\u00f6nd\u00fc\u011f\u00fc <\/p>\n","protected":false},"author":1,"featured_media":0,"comment_status":"open","ping_status":"open","sticky":false,"template":"","format":"standard","meta":{"footnotes":""},"categories":[105],"tags":[144,410,103,104,320,412,411],"class_list":["post-40398","post","type-post","status-publish","format-standard","hentry","category-gundem","tag-bbp","tag-feridun-seren","tag-helikopter-kazasi","tag-muhsin-yazicioglu","tag-mustafa-destici","tag-uwe-reibel","tag-volkan-surmeli","odd"],"_links":{"self":[{"href":"http:\/\/www.korhanyilmaz.com\/index.php?rest_route=\/wp\/v2\/posts\/40398","targetHints":{"allow":["GET"]}}],"collection":[{"href":"http:\/\/www.korhanyilmaz.com\/index.php?rest_route=\/wp\/v2\/posts"}],"about":[{"href":"http:\/\/www.korhanyilmaz.com\/index.php?rest_route=\/wp\/v2\/types\/post"}],"author":[{"embeddable":true,"href":"http:\/\/www.korhanyilmaz.com\/index.php?rest_route=\/wp\/v2\/users\/1"}],"replies":[{"embeddable":true,"href":"http:\/\/www.korhanyilmaz.com\/index.php?rest_route=%2Fwp%2Fv2%2Fcomments&post=40398"}],"version-history":[{"count":0,"href":"http:\/\/www.korhanyilmaz.com\/index.php?rest_route=\/wp\/v2\/posts\/40398\/revisions"}],"wp:attachment":[{"href":"http:\/\/www.korhanyilmaz.com\/index.php?rest_route=%2Fwp%2Fv2%2Fmedia&parent=40398"}],"wp:term":[{"taxonomy":"category","embeddable":true,"href":"http:\/\/www.korhanyilmaz.com\/index.php?rest_route=%2Fwp%2Fv2%2Fcategories&post=40398"},{"taxonomy":"post_tag","embeddable":true,"href":"http:\/\/www.korhanyilmaz.com\/index.php?rest_route=%2Fwp%2Fv2%2Ftags&post=40398"}],"curies":[{"name":"wp","href":"https:\/\/api.w.org\/{rel}","templated":true}]}}