{"id":40388,"date":"2011-09-30T16:34:39","date_gmt":"2011-09-30T13:34:39","guid":{"rendered":"http:\/\/www.korhanyilmaz.com\/?p=40388"},"modified":"2011-10-01T05:25:12","modified_gmt":"2011-10-01T02:25:12","slug":"mavi-marmara-baskini-hsyknin-gundeminde","status":"publish","type":"post","link":"http:\/\/www.korhanyilmaz.com\/?p=40388","title":{"rendered":"Mavi Marmara bask\u0131n\u0131 HSYK&#8217;n\u0131n g\u00fcndeminde"},"content":{"rendered":"<p style=\"text-align: center;\"><a href=\"http:\/\/www.korhanyilmaz.com\/wp-content\/uploads\/2011\/10\/7082.jpg\"  class=\"lightview\"><img loading=\"lazy\" decoding=\"async\" class=\"aligncenter  wp-image-40389\" src=\"http:\/\/www.korhanyilmaz.com\/wp-content\/uploads\/2011\/10\/7082.jpg\" alt=\"\" width=\"320\" height=\"214\" \/><\/a><\/p>\n<p style=\"text-align: justify;\">Mavi Marmara \u00d6zg\u00fcrl\u00fck ve Dayan\u0131\u015fma Derne\u011fi \u00fcyeleri, Gazze&#8217;ye yard\u0131m g\u00f6t\u00fcren &#8220;Mavi Marmara&#8221; gemisine uluslararas\u0131 sularda \u0130srail askerlerince d\u00fczenlenen sald\u0131r\u0131ya ili\u015fkin \u0130stanbul Cumhuriyet Ba\u015fsavc\u0131l\u0131\u011f\u0131nca y\u00fcr\u00fct\u00fclen soru\u015fturman\u0131n ihmal edildi\u011fi gerek\u00e7esiyle ilgili savc\u0131lar hakk\u0131nda Hakimler ve Savc\u0131lar Y\u00fcksek Kuruluna (HSYK) su\u00e7 duyurusunda bulundu.<!--more--><\/p>\n<p style=\"text-align: justify;\">\u00c7a\u011flayan&#8217;daki \u0130stanbul Adalet Saray\u0131 \u00f6n\u00fcnde toplanan dernek \u00fcyeleri, Filistin bayraklar\u0131 ve \u0130srail&#8217;in gemiye y\u00f6nelik sald\u0131r\u0131s\u0131n\u0131 k\u0131nayan d\u00f6vizler ta\u015f\u0131d\u0131. \u201cMavi Marmara\u201d gemisinde hayatlar\u0131n\u0131 kaybedenlerden \u0130brahim Bilgen&#8217;in o\u011flu \u0130smail Bilgen taraf\u0131ndan grup ad\u0131na yap\u0131lan bas\u0131n a\u00e7\u0131klamas\u0131nda, 31 May\u0131s 2010 tarihinde \u0130srail askerleri taraf\u0131ndan \u201cMavi Marmara\u201d ve filodaki di\u011fer gemilere yap\u0131lan sald\u0131r\u0131y\u0131 T\u00fcrkiye Cumhuriyeti Devleti ve h\u00fck\u00fcmetinin t\u00fcm kurumlar\u0131 ile lanetledi\u011fini ve bunun hesab\u0131n\u0131n hukuken sorulaca\u011f\u0131n\u0131n beyan edildi\u011fi belirtildi.<\/p>\n<p style=\"text-align: justify;\">A\u00e7\u0131klamada, \u201cOlaydan sonra sald\u0131r\u0131y\u0131 soru\u015fturmakla g\u00f6revlendirilen \u0130stanbul Cumhuriyet Ba\u015fsavc\u0131l\u0131\u011f\u0131, aradan ge\u00e7en 1,5 y\u0131la ra\u011fmen soru\u015fturman\u0131n neticelendirilmesi i\u00e7in hi\u00e7bir ad\u0131m atmam\u0131\u015f, kamuoyunu ger\u00e7e\u011fe ayk\u0131r\u0131 beyanlar\u0131 ile oyalamaya devam etmi\u015ftir\u201d denildi. Bu hafta bir gazetede \u201cMavi Marmara\u201d gemisine yap\u0131lan sald\u0131r\u0131ya kat\u0131lan \u0130srailli askerlerin foto\u011fraf ve isimlerinin yay\u0131mlanmas\u0131 \u00fczerine savc\u0131l\u0131ktan bir a\u00e7\u0131klama yap\u0131ld\u0131\u011f\u0131 belirtilen a\u00e7\u0131klamada, \u201cSavc\u0131l\u0131k makam\u0131 T\u00fcrkiye devletinin de\u011fil, \u0130srail devletinin savc\u0131s\u0131 gibi savunmaya ge\u00e7mekte ve &#8216;inan\u0131n biz bulmad\u0131k bu isimleri. Hatta hi\u00e7bir makamdan b\u00f6yle bir talebimiz dahi olmad\u0131&#8217; diyerek adeta birilerinden af dilemektedir\u201d ifadesine yer verildi.<\/p>\n<p style=\"text-align: justify;\">Savc\u0131l\u0131\u011f\u0131n yapt\u0131\u011f\u0131n\u0131n \u201caymazl\u0131k oldu\u011fu\u201d savunulan a\u00e7\u0131klamada, \u015funlar kaydedildi:<\/p>\n<p style=\"text-align: justify;\">\u201cT\u00fcrkiye kamuoyu ve biz ma\u011fdurlar \u015fa\u015fk\u0131nl\u0131\u011f\u0131m\u0131z\u0131 ve k\u0131zg\u0131nl\u0131\u011f\u0131m\u0131z\u0131 daha fazla gizleyemiyoruz. Hukuken hi\u00e7bir ad\u0131m atmamakta direnen ve kamuoyunu oyalamakla me\u015fgul olan \u0130stanbul&#8217;daki savc\u0131lar\u0131n nereden bu cesareti alarak g\u00f6revlerini ihmal ettiklerini bizim kadar h\u00fck\u00fcmetin merak ediyor olmas\u0131 gerekmektedir. Avukatlar\u0131m\u0131z\u0131n Mavi Marmara davas\u0131yla ilgili Adalet Bakan\u0131m\u0131zdan talep ettikleri t\u00fcm g\u00f6r\u00fc\u015fme talepleri kar\u015f\u0131l\u0131ks\u0131z b\u0131rak\u0131lm\u0131\u015ft\u0131r. Bu soru\u015fturman\u0131n hemen her a\u015famas\u0131nda ihmali bulunan savc\u0131l\u0131k makam\u0131, Cenevre&#8217;deki BM \u0130nsan Haklar\u0131 Komisyonu raporunda bile &#8216;vah\u015fice sald\u0131r\u0131&#8217; diye nitelenen ve 9 insan\u0131m\u0131z\u0131n katledildi\u011fi bu sald\u0131r\u0131yla ilgili soru\u015fturmay\u0131 savsaklamaktad\u0131r. Sald\u0131rganlar\u0131 yakalamak bir yana adeta koruyan savc\u0131l\u0131k makam\u0131n\u0131n g\u00f6revini ihmal etti\u011fi a\u00e7\u0131kt\u0131r. Dosyaya bakan ilgili savc\u0131lar, HSYK taraf\u0131ndan derhal dosyadan el \u00e7ektirilmelidir.\u201d<\/p>\n<p style=\"text-align: justify;\">A\u00e7\u0131klaman\u0131n ard\u0131ndan dernek avukatlar\u0131, ilgili savc\u0131lar hakk\u0131nda haz\u0131rlad\u0131klar\u0131 su\u00e7 duyurusu dilek\u00e7esini Hakimler ve Savc\u0131lar Y\u00fcksek Kuruluna g\u00f6nderilmek \u00fczere \u0130stanbul Adalet Komisyonu Ba\u015fkanl\u0131\u011f\u0131na sundu. Dilek\u00e7ede, \u201cSoru\u015fturma i\u015flemlerinin ihmal edilmesi ve savc\u0131lar\u0131n g\u00f6revlerinin gereklerini yapmamas\u0131 nedeniyle haklar\u0131nda disiplin kovu\u015fturmas\u0131 yap\u0131lmas\u0131 ve dosyadan el \u00e7ektirilmeleri\u201d istendi.<\/p>\n<p style=\"text-align: justify;\"><a href=\"http:\/\/www.radikal.com.tr\/Radikal.aspx?aType=RadikalDetayV3&amp;ArticleID=1064922&amp;Date=01.10.2011&amp;CategoryID=77\" target=\"_blank\">Kaynak : Radikal.com.tr<\/a><\/p>\n","protected":false},"excerpt":{"rendered":"<p style=\"text-align: center;\">\n<p style=\"text-align: justify;\">Mavi Marmara \u00d6zg\u00fcrl\u00fck ve Dayan\u0131\u015fma Derne\u011fi \u00fcyeleri, Gazze&#8217;ye yard\u0131m g\u00f6t\u00fcren &#8220;Mavi Marmara&#8221; gemisine uluslararas\u0131 sularda \u0130srail askerlerince d\u00fczenlenen sald\u0131r\u0131ya ili\u015fkin \u0130stanbul Cumhuriyet Ba\u015fsavc\u0131l\u0131\u011f\u0131nca y\u00fcr\u00fct\u00fclen soru\u015fturman\u0131n ihmal edildi\u011fi gerek\u00e7esiyle ilgili savc\u0131lar hakk\u0131nda Hakimler ve Savc\u0131lar Y\u00fcksek Kuruluna (HSYK) su\u00e7 duyurusunda bulundu.<\/p>\n","protected":false},"author":1,"featured_media":0,"comment_status":"open","ping_status":"open","sticky":false,"template":"","format":"standard","meta":{"footnotes":""},"categories":[105],"tags":[],"class_list":["post-40388","post","type-post","status-publish","format-standard","hentry","category-gundem","odd"],"_links":{"self":[{"href":"http:\/\/www.korhanyilmaz.com\/index.php?rest_route=\/wp\/v2\/posts\/40388","targetHints":{"allow":["GET"]}}],"collection":[{"href":"http:\/\/www.korhanyilmaz.com\/index.php?rest_route=\/wp\/v2\/posts"}],"about":[{"href":"http:\/\/www.korhanyilmaz.com\/index.php?rest_route=\/wp\/v2\/types\/post"}],"author":[{"embeddable":true,"href":"http:\/\/www.korhanyilmaz.com\/index.php?rest_route=\/wp\/v2\/users\/1"}],"replies":[{"embeddable":true,"href":"http:\/\/www.korhanyilmaz.com\/index.php?rest_route=%2Fwp%2Fv2%2Fcomments&post=40388"}],"version-history":[{"count":0,"href":"http:\/\/www.korhanyilmaz.com\/index.php?rest_route=\/wp\/v2\/posts\/40388\/revisions"}],"wp:attachment":[{"href":"http:\/\/www.korhanyilmaz.com\/index.php?rest_route=%2Fwp%2Fv2%2Fmedia&parent=40388"}],"wp:term":[{"taxonomy":"category","embeddable":true,"href":"http:\/\/www.korhanyilmaz.com\/index.php?rest_route=%2Fwp%2Fv2%2Fcategories&post=40388"},{"taxonomy":"post_tag","embeddable":true,"href":"http:\/\/www.korhanyilmaz.com\/index.php?rest_route=%2Fwp%2Fv2%2Ftags&post=40388"}],"curies":[{"name":"wp","href":"https:\/\/api.w.org\/{rel}","templated":true}]}}