{"id":40380,"date":"2011-09-30T22:14:51","date_gmt":"2011-09-30T19:14:51","guid":{"rendered":"http:\/\/www.korhanyilmaz.com\/?p=40380"},"modified":"2011-10-01T05:10:41","modified_gmt":"2011-10-01T02:10:41","slug":"kostebek-senin-arkadasin-mi","status":"publish","type":"post","link":"http:\/\/www.korhanyilmaz.com\/?p=40380","title":{"rendered":"K\u00f6stebek senin arkada\u015f\u0131n m\u0131?"},"content":{"rendered":"<p style=\"text-align: center;\"><a href=\"http:\/\/www.korhanyilmaz.com\/wp-content\/uploads\/2011\/10\/7079.jpg\"  class=\"lightview\"><img loading=\"lazy\" decoding=\"async\" class=\"aligncenter  wp-image-40381\" src=\"http:\/\/www.korhanyilmaz.com\/wp-content\/uploads\/2011\/10\/7079.jpg\" alt=\"\" width=\"400\" height=\"356\" \/><\/a><\/p>\n<p style=\"text-align: justify;\">Deniz Feneri soru\u015fturmas\u0131nda \u201cK\u00f6stebek kim?\u201d diye sordu\u011funu hat\u0131rlatan CHP lideri Kemal K\u0131l\u0131\u00e7daro\u011flu, yine Ba\u015fbakan Erdo\u011fan\u2019a seslendi: Arama karar\u0131n\u0131 Deniz Feneri yetkililerine bildiren kim? Bu k\u00f6stebek senin en yak\u0131n \u00e7al\u0131\u015fma arkada\u015flar\u0131ndan biri mi?\u00a0<!--more--><\/p>\n<p style=\"text-align: justify;\"><strong>K\u0131l\u0131\u00e7daro\u011flu: K\u00f6stebek senin arkada\u015f\u0131n m\u0131?<\/strong><\/p>\n<p style=\"text-align: justify;\">CHP lideri K\u0131l\u0131\u00e7daro\u011flu, \u201cDeniz Feneri soru\u015fturmas\u0131nda Ba\u015fbakan\u2019a \u2018K\u00f6stebek kim?\u2019 diye sordum. Bir laf etsem elli yerden cevap gelirdi, buna tek ses gelmedi\u201d dedi.<\/p>\n<p style=\"text-align: justify;\">CHP Genel Ba\u015fkan\u0131 Kemal K\u0131l\u0131\u00e7daro\u011flu, insanlar\u0131n inan\u00e7lar\u0131n\u0131 s\u00f6m\u00fcrerek toplad\u0131klar\u0131 paralar\u0131 kullanan bir mekanizmaya AKP\u2019nin \u201ckol kanat gerdi\u011fini\u201d savunarak, \u201cHangi ahlak, hangi din, hangi k\u00fclt\u00fcrde var bu, \u00e7\u0131k\u0131p anlats\u0131nlar. E\u011fer bana bunun cevab\u0131n\u0131 verirlerse, eyvallah. Diyece\u011fim ki falan dinde, falan k\u00fclt\u00fcrde, falan ahlakta varm\u0131\u015f, bunlar da o gruptanm\u0131\u015f. E\u011fer b\u00f6yle bir grup d\u00fcnyada yoksa o zaman AKP yeni bir ahlak, yeni bir k\u00fclt\u00fcr, yeni bir din aray\u0131\u015f\u0131 i\u00e7indedir. Yolsuzlu\u011fu \u00f6rten, kul hakk\u0131 yiyenlere kol kanat geren bir anlay\u0131\u015f. Bunun M\u00fcsl\u00fcmanl\u0131kla yak\u0131ndan uzaktan ilgisi yoktur\u201d dedi.<\/p>\n<p style=\"text-align: justify;\"><strong>Dut yemi\u015f b\u00fclb\u00fcl<\/strong><\/p>\n<p style=\"text-align: justify;\">K\u0131l\u0131\u00e7daro\u011flu, parti genel merkezinde d\u00fczenlenen CHP Kad\u0131n Kollar\u0131 \u00c7al\u0131\u015fma Toplant\u0131s\u0131\u2019n\u0131n a\u00e7\u0131l\u0131\u015f\u0131nda konu\u015ftu. Ge\u00e7en haftalarda Deniz Feneri soru\u015fturmas\u0131 konusunda bir bas\u0131n toplant\u0131s\u0131 d\u00fczenledi\u011fini ve bu toplant\u0131da Ba\u015fbakan\u2019a \u201cMahkemenin arama karar\u0131n\u0131 Deniz Feneri\u2019nin yetkililerine bildiren k\u00f6stebek kim, bu k\u00f6stebek senin en yak\u0131n \u00e7al\u0131\u015fma arkada\u015flar\u0131ndan birisi mi?\u201d diye sordu\u011funu an\u0131msatan K\u0131l\u0131\u00e7daro\u011flu, \u201cBir laf etsem elli yerden cevap gelir, bu laf\u0131ma hi\u00e7bir yerden cevap gelmiyor. Niye gelmiyor, merak ediyorum. Her t\u00fcrl\u00fc hakareti yaparlard\u0131 de\u011fil mi, pekiyi burada niye dut yemi\u015f b\u00fclb\u00fcle d\u00f6nd\u00fcler?\u201d diye konu\u015ftu. Ba\u015fbakan\u2019a Deniz Feneri\u2019nde arama yap\u0131laca\u011f\u0131n\u0131 ilgililere bildiren k\u00f6stebe\u011fin kim oldu\u011funu tekrar soran K\u0131l\u0131\u00e7daro\u011flu, \u015f\u00f6yle konu\u015ftu:<\/p>\n<p style=\"text-align: justify;\"><strong>Y\u00fczy\u0131l\u0131n \u00f6rt\u00fcs\u00fcne d\u00f6n\u00fc\u015ft\u00fc<\/strong><\/p>\n<p style=\"text-align: justify;\">\u201cAlmanya\u2019da y\u00fczy\u0131l\u0131n soygunu diye adland\u0131r\u0131l\u0131yordu, bizde de y\u00fczy\u0131l\u0131n \u00f6rt\u00fcs\u00fcne d\u00f6n\u00fc\u015ft\u00fc. Ak\u0131l mant\u0131k alacak \u015fey de\u011fil. Yeri gelince kul hakk\u0131 derler, mangalda k\u00fcl b\u0131rakmazlar. Ben merak ediyorum, insanlar\u0131n en temiz duygular\u0131n\u0131, inan\u00e7lar\u0131n\u0131 s\u00f6m\u00fcr\u00fcp onlardan toplad\u0131klar\u0131 paralarla \u00f6zel \u00e7\u0131karlar\u0131 i\u00e7in bu paralar\u0131 kullanan bir mekanizmaya siz nas\u0131l kol kanat gerersiniz? Hangi ahlak, hangi din, hangi k\u00fclt\u00fcrde var bu, \u00e7\u0131k\u0131p anlats\u0131nlar.<\/p>\n<p style=\"text-align: justify;\"><strong>M\u00fcsl\u00fcmanl\u0131kla ilgisi yok<\/strong><\/p>\n<p style=\"text-align: justify;\">E\u011fer bana bunun cevab\u0131n\u0131 verirlerse, eyvallah. Diyece\u011fim ki falan dinde, falan k\u00fclt\u00fcrde, falan ahlakta varm\u0131\u015f, bunlar da o gruptanm\u0131\u015f. E\u011fer b\u00f6yle bir grup d\u00fcnyada yoksa o zaman AKP yeni bir ahlak, yeni bir k\u00fclt\u00fcr, yeni bir din aray\u0131\u015f\u0131 i\u00e7indedir. Yolsuzlu\u011fu \u00f6rten, kul hakk\u0131 yiyenlere kol kanat geren bir anlay\u0131\u015f. Bunun M\u00fcsl\u00fcmanl\u0131kla yak\u0131ndan uzaktan ilgisi yoktur. Bunu yapan adam\u0131n da M\u00fcsl\u00fcmanl\u0131kla ilgisi yoktur.\u201d<\/p>\n<p style=\"text-align: justify;\"><strong>Yan gelip yatma yeri mi?<\/strong><\/p>\n<p style=\"text-align: justify;\">CHP Genel Ba\u015fkan\u0131 Kemal K\u0131l\u0131\u00e7daro\u011flu, konu\u015fmas\u0131nda, Ba\u015fbakan Erdo\u011fan\u2019\u0131n ter\u00f6r sald\u0131r\u0131lar\u0131yla ilgili olarak yapt\u0131\u011f\u0131 \u201cCi\u011ferim yan\u0131yor\u201d a\u00e7\u0131klamas\u0131na da yan\u0131t vererek, \u201cAllah a\u015fk\u0131na ci\u011ferin yan\u0131yorsa, bu ter\u00f6r belas\u0131na kar\u015f\u0131 \u00f6zel temsilcini g\u00f6nderdin. \u00d6zel temsilciyi niye g\u00f6nderiyor, \u2019Se\u00e7imlerde bir \u015fey olmas\u0131n da ben iktidar\u0131m\u0131 koruyay\u0131m\u2019diye. Sen ter\u00f6r\u00fc bitirmek i\u00e7in \u00e7aba harcam\u0131yorsun\u201d dedi. Ter\u00f6r\u00fcn birinci sorumlusunun \u201cs\u0131f\u0131r ter\u00f6rle \u00fclkeyi devral\u0131p ter\u00f6r bata\u011f\u0131na \u00fclkeyi s\u00fcr\u00fckleyen mevcut iktidar\u201d oldu\u011funu s\u00f6yleyen K\u0131l\u0131\u00e7daro\u011flu, \u201c\u015eimdi ben sormayacak m\u0131y\u0131m, Ba\u015fbakanl\u0131k yan gelip yatma yeri midir? Tabii beyefendiler i\u00e7in bir \u015fey yok, bir yere giderken bin tane koruma var, onlara bir \u015fey olmaz. Olan kime oluyor, korumas\u0131z garibana oluyor, kad\u0131na k\u0131za, \u00e7olu\u011fa \u00e7ocu\u011fa oluyor\u201d diye konu\u015ftu.<\/p>\n<p style=\"text-align: justify;\"><a href=\"http:\/\/www.yg.yenicaggazetesi.com.tr\/habergoster.php?haber=56932\" target=\"_blank\">Kaynak : Yeni\u00e7a\u011f Gazetesi<\/a><\/p>\n","protected":false},"excerpt":{"rendered":"<p style=\"text-align: center;\">\n<p style=\"text-align: justify;\">Deniz Feneri soru\u015fturmas\u0131nda \u201cK\u00f6stebek kim?\u201d diye sordu\u011funu hat\u0131rlatan CHP lideri Kemal K\u0131l\u0131\u00e7daro\u011flu, yine Ba\u015fbakan Erdo\u011fan\u2019a seslendi: Arama karar\u0131n\u0131 Deniz Feneri yetkililerine bildiren kim? Bu k\u00f6stebek senin en yak\u0131n \u00e7al\u0131\u015fma arkada\u015flar\u0131ndan biri mi? <\/p>\n","protected":false},"author":1,"featured_media":0,"comment_status":"open","ping_status":"open","sticky":false,"template":"","format":"standard","meta":{"footnotes":""},"categories":[105],"tags":[],"class_list":["post-40380","post","type-post","status-publish","format-standard","hentry","category-gundem","odd"],"_links":{"self":[{"href":"http:\/\/www.korhanyilmaz.com\/index.php?rest_route=\/wp\/v2\/posts\/40380","targetHints":{"allow":["GET"]}}],"collection":[{"href":"http:\/\/www.korhanyilmaz.com\/index.php?rest_route=\/wp\/v2\/posts"}],"about":[{"href":"http:\/\/www.korhanyilmaz.com\/index.php?rest_route=\/wp\/v2\/types\/post"}],"author":[{"embeddable":true,"href":"http:\/\/www.korhanyilmaz.com\/index.php?rest_route=\/wp\/v2\/users\/1"}],"replies":[{"embeddable":true,"href":"http:\/\/www.korhanyilmaz.com\/index.php?rest_route=%2Fwp%2Fv2%2Fcomments&post=40380"}],"version-history":[{"count":0,"href":"http:\/\/www.korhanyilmaz.com\/index.php?rest_route=\/wp\/v2\/posts\/40380\/revisions"}],"wp:attachment":[{"href":"http:\/\/www.korhanyilmaz.com\/index.php?rest_route=%2Fwp%2Fv2%2Fmedia&parent=40380"}],"wp:term":[{"taxonomy":"category","embeddable":true,"href":"http:\/\/www.korhanyilmaz.com\/index.php?rest_route=%2Fwp%2Fv2%2Fcategories&post=40380"},{"taxonomy":"post_tag","embeddable":true,"href":"http:\/\/www.korhanyilmaz.com\/index.php?rest_route=%2Fwp%2Fv2%2Ftags&post=40380"}],"curies":[{"name":"wp","href":"https:\/\/api.w.org\/{rel}","templated":true}]}}