{"id":40375,"date":"2011-09-30T14:24:52","date_gmt":"2011-09-30T11:24:52","guid":{"rendered":"http:\/\/www.korhanyilmaz.com\/?p=40375"},"modified":"2011-09-30T23:32:34","modified_gmt":"2011-09-30T20:32:34","slug":"kostebek-kim","status":"publish","type":"post","link":"http:\/\/www.korhanyilmaz.com\/?p=40375","title":{"rendered":"&#8220;Bu K\u00f6stebek kim?&#8221;"},"content":{"rendered":"<p style=\"text-align: center;\"><a href=\"http:\/\/www.korhanyilmaz.com\/wp-content\/uploads\/2011\/09\/7078.jpg\"  class=\"lightview\"><img loading=\"lazy\" decoding=\"async\" class=\"aligncenter  wp-image-40376\" src=\"http:\/\/www.korhanyilmaz.com\/wp-content\/uploads\/2011\/09\/7078.jpg\" alt=\"\" width=\"261\" height=\"267\" \/><\/a><\/p>\n<p style=\"text-align: justify;\">CHP Genel Ba\u015fkan\u0131 Kemal K\u0131l\u0131\u00e7daro\u011flu, &#8221;Ter\u00f6r\u00fcn birinci sorumlusu, o evlere d\u00fc\u015fen ate\u015fin birinci sorumlusu, s\u0131f\u0131r ter\u00f6rle \u00fclkeyi devral\u0131p, ter\u00f6r bata\u011f\u0131na \u00fclkeyi s\u00fcr\u00fckleyen mevcut iktidard\u0131r, bunu sak\u0131n unutmay\u0131n&#8221; dedi.<\/p>\n<p style=\"text-align: justify;\">Kemal K\u0131l\u0131\u00e7daro\u011flu, partisinin genel merkezinde d\u00fczenlenen ve iki g\u00fcn s\u00fcrecek CHP Kad\u0131n Kollar\u0131 \u0130l Ba\u015fkanlar\u0131 Toplant\u0131s\u0131&#8217;n\u0131n a\u00e7\u0131l\u0131\u015f\u0131ndaki konu\u015fmas\u0131nda, k\u00fcrs\u00fcye gelirken \u00e7al\u0131nan Z\u00fclf\u00fc Livaneli&#8217;nin &#8221;\u00d6zg\u00fcrl\u00fck&#8221; \u015fark\u0131s\u0131na at\u0131fta bulundu. \u015eark\u0131n\u0131n g\u00fcn\u00fcm\u00fcze uygun d\u00fc\u015ft\u00fc\u011f\u00fcn\u00fc belirten K\u0131l\u0131\u00e7daro\u011flu, &#8221;\u00d6zg\u00fcrl\u00fc\u011f\u00fc hayat\u0131m\u0131z\u0131n her alan\u0131nda isteyece\u011fiz, tabii ki tutuklu milletvekillerimiz i\u00e7in de isteyece\u011fiz&#8221; diye konu\u015ftu.\u00a0<!--more--><\/p>\n<p style=\"text-align: justify;\">Zorlu bir s\u00fcrecin ba\u015f\u0131nda olduklar\u0131n\u0131 ifade eden K\u0131l\u0131\u00e7daro\u011flu, demokrasi, \u00f6zg\u00fcrl\u00fck, kad\u0131n-erkek e\u015fitli\u011fi, \u00e7ocuklar\u0131n gelece\u011fi konusunda kayg\u0131lar\u0131 oldu\u011funu s\u00f6yledi.<\/p>\n<p style=\"text-align: justify;\">Kemal K\u0131l\u0131\u00e7daro\u011flu, kayg\u0131lar\u0131n b\u00fct\u00fcn T\u00fcrkiye taraf\u0131ndan payla\u015f\u0131lamad\u0131\u011f\u0131n\u0131 savunarak, bunun nedeninin ise \u00f6zg\u00fcr medya olmamas\u0131ndan kaynakland\u0131\u011f\u0131n\u0131, medyan\u0131n \u00f6zg\u00fcr olmad\u0131\u011f\u0131 bir yerde, toplumun da \u00f6zg\u00fcr olamayaca\u011f\u0131n\u0131 bildirdi.<\/p>\n<p style=\"text-align: justify;\">T\u00fcrkiye&#8217;deki t\u00fcm kad\u0131nlara \u00e7a\u011fr\u0131da bulunan K\u0131l\u0131\u00e7daro\u011flu, &#8221;Evinize geliniz, CHP sizin evinizdir&#8221; \u00e7ar\u0131s\u0131nda bulundu. Kad\u0131nlara se\u00e7me ve se\u00e7ilme hakk\u0131n\u0131 veren partinin CHP oldu\u011funu an\u0131msatan K\u0131l\u0131\u00e7daro\u011flu, kad\u0131nlardan CHP&#8217;ye \u00fcye olmalar\u0131n\u0131 istedi.<\/p>\n<p style=\"text-align: justify;\">Kad\u0131n-erkek e\u015fitli\u011fine inanmayan bir toplumda demokrasiden s\u00f6z edilemeyece\u011fini ifade eden K\u0131l\u0131\u00e7daro\u011flu, &#8221;Demokrasiden bahsedilebilmesi i\u00e7in siyasete kad\u0131n eli de\u011fmesi laz\u0131m. Nezaketin, direni\u015fin de\u011fmesi laz\u0131m. Erzurum&#8217;daki kad\u0131n\u0131n direni\u015fini nas\u0131l sayg\u0131yla anmay\u0131z. Nas\u0131l o kad\u0131nlar\u0131 alk\u0131\u015flamay\u0131z. Onun i\u00e7in CHP, kad\u0131nlar\u0131n \u00f6zg\u00fcrce siyaset yapabilecekleri bir yerdir&#8221; diye konu\u015ftu.<\/p>\n<p style=\"text-align: justify;\">K\u0131l\u0131\u00e7daro\u011flu, kad\u0131n kollar\u0131ndan daha \u00e7ok \u00fcye yapmalar\u0131n\u0131 isteyerek, kad\u0131nlar\u0131n \u00fcye olmas\u0131yla siyasette daha fazla yer alacaklar\u0131na inand\u0131\u011f\u0131n\u0131, kad\u0131nlar\u0131n bunun i\u00e7in m\u00fccadele vermesi gerekti\u011fini s\u00f6yledi. \u0130l Ba\u015fkanlar\u0131ndan 81 ile selamlar\u0131n\u0131 g\u00f6t\u00fcrmesini isteyen K\u0131l\u0131\u00e7daro\u011flu, &#8221;B\u00fct\u00fcn kad\u0131nlar\u0131n en sa\u011fl\u0131kl\u0131 adresi siyasette CHP&#8217;dir&#8221; dedi.<\/p>\n<p style=\"text-align: justify;\"><strong>&#8221;KURULTAYLARDAN KORKMAMAK LAZIM&#8230;&#8221;<\/strong><\/p>\n<p style=\"text-align: justify;\">En son kad\u0131n kollar\u0131 kurultay\u0131n\u0131 1996&#8217;ta yapt\u0131klar\u0131n\u0131 an\u0131msatan K\u0131l\u0131\u00e7daro\u011flu, en k\u0131sa s\u00fcrede kad\u0131n kollar\u0131 kurultay\u0131n\u0131 yapacaklar\u0131n\u0131 s\u00f6yledi.<\/p>\n<p style=\"text-align: justify;\">K\u0131l\u0131\u00e7daro\u011flu, \u015f\u00f6yle devam etti: &#8221;Atama ile kad\u0131n kollar\u0131 olmaz arkada\u015flar, direnecekseniz, m\u00fccadele edecekseniz se\u00e7imle geleceksiniz. Ayn\u0131 \u015fey, gen\u00e7lik kollar\u0131 i\u00e7in de ge\u00e7erli. Atamayla gen\u00e7lik kollar\u0131 m\u0131 olur? \u00d6nce kendi evlerinde m\u00fccadele ederek, belli yerlere gelmeliler. M\u00fccadelenin ne oldu\u011funu bilecekler ki partiyi iktidara ta\u015f\u0131yacaklar. Onun i\u00e7in m\u00fccadelenin yolu kurultaylardan ge\u00e7iyor. Kurultaylardan korkmamak laz\u0131m, \u00e7\u00fcnk\u00fc o kurultaylar heyecan, g\u00fc\u00e7 kararl\u0131l\u0131k, daha onurlu bir duru\u015f verir. Atamayla oldu\u011fu zaman bu maya tutmuyor arkada\u015flar, bug\u00fcn atad\u0131k, ertesi g\u00fcn de\u011fi\u015ftirdik, olmaz. Bu ba\u011flamda CHP&#8217;li kad\u0131nlara her zamankinden daha fazla ihtiya\u00e7 var. Demokrasi a\u00e7\u0131s\u0131ndan, partinin iktidar\u0131 a\u00e7\u0131s\u0131ndan ihtiya\u00e7 var.&#8221;<\/p>\n<p style=\"text-align: justify;\">K\u0131l\u0131\u00e7daro\u011flu, kendisini ziyaret eden Gaziantepli bir i\u015fadam\u0131n\u0131n, 30 y\u0131ldan bu yana ilk kez ge\u00e7en se\u00e7imlerde evine CHP&#8217;nin se\u00e7im bro\u015f\u00fcr\u00fcn\u00fcn geldi\u011fini anlatt\u0131\u011f\u0131n\u0131 belirterek, bu anlamda yolun ba\u015f\u0131nda olduklar\u0131n\u0131 s\u00f6yledi.<\/p>\n<p style=\"text-align: justify;\"><strong>&#8221;TER\u00d6R BELASI B\u0130R T\u00dcRL\u00dc YAKAMIZI BIRAKMADI&#8230;&#8221;<\/strong><\/p>\n<p style=\"text-align: justify;\">CHP Genel Ba\u015fkan\u0131 K\u0131l\u0131\u00e7daro\u011flu, kad\u0131n kollar\u0131 il ba\u015fkanl\u0131\u011f\u0131 g\u00f6revinin \u00f6nemine de de\u011findi.<\/p>\n<p style=\"text-align: justify;\">Kad\u0131nlar\u0131n bir toplumda ya\u015fanan ac\u0131lar\u0131, en derinden hisseden ki\u015filer oldu\u011funu vurgulayan K\u0131l\u0131\u00e7daro\u011flu, \u015funlar\u0131 s\u00f6yledi: &#8221;Ter\u00f6r belas\u0131 bir t\u00fcrl\u00fc yakam\u0131z\u0131 b\u0131rakmad\u0131. Ge\u00e7en g\u00fcn do\u011fuda bir ilimizde, 4 k\u0131z \u00e7ocu\u011funun \u00f6ld\u00fcr\u00fclmesi&#8230; Hangi vicdan kald\u0131rabilir bunu? Bu masum insanlara, bomba atmak, kur\u015funlamak, hangi vicdan\u0131n kabul edece\u011fi bir olayd\u0131r. Ter\u00f6r\u00fc bu toplumdan silip atmak zorunday\u0131z. Ucuz bir laf bulmu\u015fuz, &#8216;analar a\u011flamas\u0131n&#8230;&#8217; S\u00f6ylemek kolayd a ate\u015fin d\u00fc\u015ft\u00fc\u011f\u00fc yerdeki anaya nas\u0131l a\u011flama diyeceksiniz? Ci\u011feri yan\u0131yor birilerinin, Allah a\u015fk\u0131na ci\u011ferin yan\u0131yorsa, peki bu ter\u00f6r belas\u0131na kar\u015f\u0131 \u00f6zel temsilcini niye g\u00f6nderdin? \u00d6zel temsilciyi niye g\u00f6nderiyor&#8230; &#8216;Se\u00e7imlerde bir \u015fey olmas\u0131n da ben de iktidar\u0131m\u0131 koruyay\u0131m&#8217; diye. Sen ter\u00f6r\u00fc bitirmek i\u00e7in \u00e7aba harcam\u0131yorsun.&#8221;<\/p>\n<p style=\"text-align: justify;\">&#8221;F\u0131rat&#8217;\u0131n kenar\u0131nda bir koyun kaybolsa, bunun hesab\u0131n\u0131 Hazreti \u00d6mer&#8217;den sorar\u0131m&#8221; diye g\u00fczel bir s\u00f6ylem oldu\u011funu an\u0131msatan K\u0131l\u0131\u00e7daro\u011flu, &#8221;B\u0131rak\u0131n kenar\u0131nda koyun kaybolmay\u0131, \u00f6\u011fretmenlerimiz ka\u00e7\u0131r\u0131l\u0131yor, insanlar\u0131m\u0131z \u00f6ld\u00fcr\u00fcl\u00fcyor peki ben bunun hesab\u0131n\u0131 Recep Tayyip Erdo\u011fan&#8217;dan sormayacak m\u0131y\u0131m?&#8221; diye konu\u015ftu.<\/p>\n<p style=\"text-align: justify;\">K\u0131l\u0131\u00e7daro\u011flu, s\u00f6zlerini \u015f\u00f6yle s\u00fcrd\u00fcrd\u00fc: &#8221;Ter\u00f6r\u00fc bitirmek i\u00e7in \u00e7aba m\u0131 harcamak istiyorsun? Adresi, \u00e7\u00f6z\u00fcm\u00fcn merkezi TBMM mi? Gel karde\u015fim, sana her t\u00fcrl\u00fc deste\u011fi verelim. \u015eu ter\u00f6r belas\u0131ndan T\u00fcrkiye&#8217;yi kurtaral\u0131m. Var m\u0131 bir yan\u0131t, yan\u0131t yok. Bu anlay\u0131\u015fla olmaz. Bu anlay\u0131\u015fla T\u00fcrkiye&#8217;de ter\u00f6r bitmez. Yine ate\u015f d\u00fc\u015ft\u00fc\u011f\u00fc yeri yakar, \u00f6yle birilerinin ci\u011ferini falan yakmaz. Ate\u015f nereye d\u00fc\u015ft\u00fcyse oray\u0131 yakar&#8230; Bak\u0131n geldi\u011fimiz noktaya de\u011ferli kad\u0131n karde\u015flerim, \u015fehitlerimiz oldu\u011funda &#8216;vatan sa\u011folsun&#8217; denirdi. \u015eimdi anneler bu s\u00f6z\u00fc kullanmak istemiyor. \u0130syan ediyorlar, isyanda hakl\u0131lar m\u0131? Hakl\u0131lar. Ter\u00f6r\u00fcn birinci sorumlusu o evlere d\u00fc\u015fen ate\u015fin birinci sorumlusu, s\u0131f\u0131r ter\u00f6rle \u00fclkeyi devral\u0131p, ter\u00f6r bata\u011f\u0131na \u00fclkeyi s\u00fcr\u00fckleyen mevcut iktidard\u0131r, bunu sak\u0131n unutmay\u0131n. Bir d\u00f6nem ne diyordu, &#8216;askerlik yan gelip yatma yeri de\u011fildir.&#8217; Peki \u015fehitlerimiz var, \u015fimdi ben sormayacak m\u0131y\u0131m? &#8216;Ba\u015fbakanl\u0131k yan gelip yatma yeri midir?&#8217; Sormayacak m\u0131y\u0131m? Tabii beyefendiler i\u00e7in bir sorun yok, bir yere giderken, bin tane, bin 500 tane korumalar\u0131 var. Onlara bir \u015fey olmaz, olan kime oluyor, korumas\u0131z gariban halka. Bu a\u00e7\u0131dan hepimizin \u00fczerine d\u00fc\u015fen g\u00f6rev, ter\u00f6re kar\u015f\u0131y\u0131z ama onunla ili\u015fkilerini kapal\u0131 kap\u0131lar ard\u0131nda, \u00f6zel g\u00f6r\u00fc\u015fmeye d\u00f6n\u00fc\u015ft\u00fcren AKP&#8217;nin de maskesini indirmek zorunday\u0131z. Bu bizim de sizin de g\u00f6reviniz.&#8221;<\/p>\n<p style=\"text-align: justify;\"><strong>DEN\u0130Z FENER\u0130 SORU\u015eTURMASI<\/strong><\/p>\n<p style=\"text-align: justify;\">Duyarl\u0131l\u0131klar\u0131n her zaman korunmas\u0131 gerekti\u011fini bildiren K\u0131l\u0131\u00e7daro\u011flu, &#8221;Ter\u00f6r konusundaki duyarl\u0131l\u0131\u011f\u0131m\u0131z\u0131 da koruyaca\u011f\u0131z. Deniz Feneri yolsuzlu\u011fu konusundaki duyarl\u0131l\u0131\u011f\u0131m\u0131z\u0131 da&#8221; dedi.<\/p>\n<p style=\"text-align: justify;\">Bas\u0131n toplant\u0131s\u0131 d\u00fczenleyerek, Ba\u015fbakan&#8217;a \u00e7e\u015fitli sorular sordu\u011funu an\u0131msatan K\u0131l\u0131\u00e7daro\u011flu, \u015funlar\u0131 s\u00f6yledi: &#8221;Mahkeme arama tarama yap\u0131yor, kime g\u00f6nderecek, polise g\u00f6nderecek. Arama karar\u0131n\u0131 Deniz Feneri&#8217;nin yetkililerine bildiriyorlar. Haber veriyorlar, &#8216;arama yap\u0131lacak, delilleri yok edin&#8217; diye. Ba\u015fbakan&#8217;a sordu\u011fum soru \u015fuydu; &#8216;bu k\u00f6stebek kim ve bu k\u00f6stebek senin en yak\u0131n \u00e7al\u0131\u015fma arkada\u015flar\u0131ndan birisi mi?&#8217; diye. Bir laf etsem 50 yerden cevap gelir, bu laf\u0131ma hi\u00e7 bir yerden cevap gelmiyor, niye gelmiyor? Merak ediyorum, her t\u00fcrl\u00fc hakareti yaparlard\u0131 de\u011fil mi? Peki burada niye dut yemi\u015f b\u00fclb\u00fcle d\u00f6nd\u00fcler? Yine soruyorum; kad\u0131nlar\u0131n \u00f6n\u00fcnde soruyorum, &#8216;Ey Recep Tayyip Erdo\u011fan, Deniz Feneri&#8217;nde arama yap\u0131laca\u011f\u0131n\u0131, ilgililere bildiren kimdir? O senin en yak\u0131n \u00e7al\u0131\u015fma arkada\u015flar\u0131ndan birisi midir?&#8217; \u00c7\u0131k milletin \u00f6n\u00fcnde s\u00f6yle bakal\u0131m.<\/p>\n<p style=\"text-align: justify;\">Almanya&#8217;da &#8216;y\u00fczy\u0131l\u0131n soygunu&#8217; diye adland\u0131r\u0131l\u0131yordu, bizde de &#8216;y\u00fczy\u0131l\u0131n \u00f6rt\u00fcs\u00fcne&#8217; d\u00f6n\u00fc\u015ft\u00fc. Yolsuzluklar\u0131 nas\u0131l \u00f6rteriz, ak\u0131l mant\u0131k alacak \u015fey de\u011fil. Yeri gelince kul hakk\u0131 derler, yeri gelince mangalda k\u00fcl b\u0131rakmazlar, peki ben merak ediyorum; insanlar\u0131n en temiz duygular\u0131n\u0131, inan\u00e7lar\u0131n\u0131 s\u00f6m\u00fcr\u00fcp, onlardan toplad\u0131klar\u0131 paralarla, \u00f6zel \u00e7\u0131karlar\u0131 i\u00e7in bu paralar\u0131 kullanan bir mekanizmaya siz nas\u0131l kol kanat oluyorsunuz. Hangi ahlak, hangi din, hangi k\u00fclt\u00fcrde var bu \u00e7\u0131k\u0131p anlats\u0131nlar. E\u011fer bana bunun cevab\u0131n\u0131 verirlerse, eyvallah, \u00e7\u0131k\u0131p diyece\u011fim ki &#8216;falan dinde, falan k\u00fclt\u00fcrde, falan ahlak da varm\u0131\u015f bunlar da o gruptanm\u0131\u015f.&#8217; E\u011fer b\u00f6yle bir grup d\u00fcnyada yoksa, o zaman AKP, yeni bir ahlak, yeni bir k\u00fclt\u00fcr yeni bir din anlay\u0131\u015f\u0131 i\u00e7indedir. Yolsuzlu\u011fu \u00f6rten, kul hakk\u0131n\u0131 yiyenlere kol kanat geren bir anlay\u0131\u015f. Bunun M\u00fcsl\u00fcmanl\u0131kla yak\u0131ndan uzaktan ilgisi yoktur, bunu yapan adam\u0131n da M\u00fcsl\u00fcmanl\u0131kla ilgisi yoktur.&#8221;<\/p>\n<p style=\"text-align: justify;\"><strong>&#8220;EN B\u00dcY\u00dcK G\u00dcVENCEM KADIN KOLLARI&#8221;<\/strong><\/p>\n<p style=\"text-align: justify;\">Zorlu bir m\u00fccadeleleri oldu\u011funu anlatan K\u0131l\u0131\u00e7daro\u011flu, en b\u00fcy\u00fck g\u00fcvencesinin ise kad\u0131n kollar\u0131 oldu\u011funu bildirdi. K\u0131l\u0131\u00e7daro\u011flu, hi\u00e7 kimseyi \u00f6tekile\u015ftirmeden, herkese gidip ger\u00e7eklerin anlat\u0131lmas\u0131 gerekti\u011fini s\u00f6yledi. K\u0131l\u0131\u00e7daro\u011flu, &#8221;Bu \u00fclkede demokrasi g\u00fc\u00e7lenecekse, bunun yolu kad\u0131n hareketinden ge\u00e7ecektir. Bu g\u00f6revinizde ba\u015far\u0131lar diliyorum&#8221; diye konu\u015ftu. Kad\u0131nlardan d\u00fc\u015f\u00fcncelerini \u00f6zg\u00fcrce s\u00f6ylemelerini isteyen K\u0131l\u0131\u00e7daro\u011flu, toplant\u0131n\u0131n ba\u015far\u0131l\u0131 ge\u00e7mesi dile\u011finde bulundu.<\/p>\n<p style=\"text-align: justify;\"><a href=\"http:\/\/www.haberturk.com\/gundem\/haber\/674691-kostebek-kim\" target=\"_blank\">Kaynak : HaberT\u00fcrk<\/a><\/p>\n","protected":false},"excerpt":{"rendered":"<p style=\"text-align: center;\">\n<p style=\"text-align: justify;\">CHP Genel Ba\u015fkan\u0131 Kemal K\u0131l\u0131\u00e7daro\u011flu, &#8221;Ter\u00f6r\u00fcn birinci sorumlusu, o evlere d\u00fc\u015fen ate\u015fin birinci sorumlusu, s\u0131f\u0131r ter\u00f6rle \u00fclkeyi devral\u0131p, ter\u00f6r bata\u011f\u0131na \u00fclkeyi s\u00fcr\u00fckleyen mevcut iktidard\u0131r, bunu sak\u0131n unutmay\u0131n&#8221; dedi.<\/p>\n<p style=\"text-align: justify;\">Kemal K\u0131l\u0131\u00e7daro\u011flu, partisinin genel merkezinde d\u00fczenlenen ve iki g\u00fcn s\u00fcrecek CHP Kad\u0131n Kollar\u0131 \u0130l Ba\u015fkanlar\u0131 Toplant\u0131s\u0131&#8217;n\u0131n a\u00e7\u0131l\u0131\u015f\u0131ndaki konu\u015fmas\u0131nda, k\u00fcrs\u00fcye gelirken <\/p>\n","protected":false},"author":1,"featured_media":0,"comment_status":"open","ping_status":"open","sticky":false,"template":"","format":"standard","meta":{"footnotes":""},"categories":[105],"tags":[],"class_list":["post-40375","post","type-post","status-publish","format-standard","hentry","category-gundem","odd"],"_links":{"self":[{"href":"http:\/\/www.korhanyilmaz.com\/index.php?rest_route=\/wp\/v2\/posts\/40375","targetHints":{"allow":["GET"]}}],"collection":[{"href":"http:\/\/www.korhanyilmaz.com\/index.php?rest_route=\/wp\/v2\/posts"}],"about":[{"href":"http:\/\/www.korhanyilmaz.com\/index.php?rest_route=\/wp\/v2\/types\/post"}],"author":[{"embeddable":true,"href":"http:\/\/www.korhanyilmaz.com\/index.php?rest_route=\/wp\/v2\/users\/1"}],"replies":[{"embeddable":true,"href":"http:\/\/www.korhanyilmaz.com\/index.php?rest_route=%2Fwp%2Fv2%2Fcomments&post=40375"}],"version-history":[{"count":0,"href":"http:\/\/www.korhanyilmaz.com\/index.php?rest_route=\/wp\/v2\/posts\/40375\/revisions"}],"wp:attachment":[{"href":"http:\/\/www.korhanyilmaz.com\/index.php?rest_route=%2Fwp%2Fv2%2Fmedia&parent=40375"}],"wp:term":[{"taxonomy":"category","embeddable":true,"href":"http:\/\/www.korhanyilmaz.com\/index.php?rest_route=%2Fwp%2Fv2%2Fcategories&post=40375"},{"taxonomy":"post_tag","embeddable":true,"href":"http:\/\/www.korhanyilmaz.com\/index.php?rest_route=%2Fwp%2Fv2%2Ftags&post=40375"}],"curies":[{"name":"wp","href":"https:\/\/api.w.org\/{rel}","templated":true}]}}