{"id":40369,"date":"2011-09-30T16:57:46","date_gmt":"2011-09-30T13:57:46","guid":{"rendered":"http:\/\/www.korhanyilmaz.com\/?p=40369"},"modified":"2011-09-30T23:03:03","modified_gmt":"2011-09-30T20:03:03","slug":"antalyada-canli-bomba-eylemi","status":"publish","type":"post","link":"http:\/\/www.korhanyilmaz.com\/?p=40369","title":{"rendered":"Antalya&#8217;da canl\u0131 bomba eylemi"},"content":{"rendered":"<p style=\"text-align: center;\"><a href=\"http:\/\/www.korhanyilmaz.com\/wp-content\/uploads\/2011\/09\/7077.jpg\"  class=\"lightview\"><img loading=\"lazy\" decoding=\"async\" class=\"aligncenter  wp-image-40371\" src=\"http:\/\/www.korhanyilmaz.com\/wp-content\/uploads\/2011\/09\/7077.jpg\" alt=\"\" width=\"396\" height=\"180\" \/><\/a><\/p>\n<p style=\"text-align: justify;\">Antalya&#8217;n\u0131n G\u00f6yn\u00fck Beldesi&#8217;ndeki jandarma Komutanl\u0131\u011f\u0131 \u00f6n\u00fcnde patlama oldu.<\/p>\n<p style=\"text-align: justify;\">Antalya&#8217;n\u0131n Kemer \u0130l\u00e7esi G\u00f6yn\u00fck Beldesi&#8217;ndeki jandarma asayi\u015f kontrol noktas\u0131 yak\u0131n\u0131nda saat 16.10 s\u0131ralar\u0131nda canl\u0131 bomba, \u00fczerindeki patlay\u0131c\u0131y\u0131 infilak ettirdi. Canl\u0131 bomba olay yerinde parampar\u00e7a olurken, 2 ki\u015fi hafif yaraland\u0131.<!--more--><\/p>\n<p style=\"text-align: justify;\">Kemer&#8217;in G\u00f6yn\u00fck Beldesi merkezinden ge\u00e7en Antalya- Kemer Karayolu \u00fczerinde, G\u00f6yn\u00fck Jandarma Karakol Komutanl\u0131\u011f\u0131&#8217;na ba\u011fl\u0131 jandarma asayi\u015f noktas\u0131na 10 metre mesafede canl\u0131 bomba eylemi ger\u00e7ekle\u015fti.<\/p>\n<p style=\"text-align: justify;\">Saat 16.10 s\u0131ralar\u0131nda \u00fczerinde bomba bulunan bir ki\u015fi, belde merkezine giri\u015fte yer alan tak\u0131n alt\u0131na geldi. Askerlerin yol kontrol\u00fc yapt\u0131\u011f\u0131 noktaya yakla\u015fan canl\u0131 bomba, \u00fczerindeki patlay\u0131c\u0131y\u0131 infilak ettirdi. Patlama s\u0131ras\u0131nda olay yerinden ge\u00e7en 07 VDV 24 plakal\u0131 minib\u00fcs b\u00fcy\u00fck hasar g\u00f6rd\u00fc. Olayda canl\u0131 bomba par\u00e7alanarak \u00f6l\u00fcrken, bir uzman \u00e7avu\u015f ile minib\u00fcs \u015fof\u00f6r\u00fc hafif yaraland\u0131. Yaral\u0131lar, olay yerine ula\u015fan sa\u011fl\u0131k ekipleri taraf\u0131ndan Kemer&#8217;deki hastalere g\u00f6t\u00fcr\u00fcld\u00fc.<\/p>\n<p style=\"text-align: justify;\"><strong>Valilik a\u00e7\u0131klamas\u0131: men\u015fe-i belli de\u011fil\u00a0<\/strong><\/p>\n<p style=\"text-align: justify;\">Antalya Valili\u011fi&#8217;nden yap\u0131lan yaz\u0131l\u0131 a\u00e7\u0131klamada, &#8220;G\u00f6yn\u00fck&#8217;te yerle\u015fim alan\u0131 ve turistik noktalardan uzak bir mevkide yol kenar\u0131nda kimli\u011fi hen\u00fcz tespit edilemeyen bir \u015fah\u0131s men\u015fe-i hen\u00fcz bilinmeyen bir patlama nedeniyle hayat\u0131n\u0131 kaybetmi\u015f olup, civarda bulunan iki ki\u015fi de hafif \u015fekilde yaralanm\u0131\u015ft\u0131r. Olayla ilgili ara\u015ft\u0131rmalar devam etmektedir&#8221; denildi.<\/p>\n<p style=\"text-align: justify;\"><strong>Az ilerisinde pazar yeri vard\u0131\u00a0<\/strong><\/p>\n<p style=\"text-align: justify;\">Olay yerinde incelemelerde bulunan G\u00f6yn\u00fck Belediye Ba\u015fkan\u0131 CHP&#8217;li Necati Topal, korkun\u00e7 bir manzarayla kar\u015f\u0131la\u015ft\u0131\u011f\u0131n\u0131 s\u00f6yledi. Canl\u0131 bomban\u0131n kafas\u0131n\u0131n bir yerde, g\u00f6vde ve bacaklar\u0131n\u0131n ayr\u0131 bir yerde oldu\u011funu belirten Ba\u015fkan Topal, &#8220;Askerlerden can kayb\u0131 olmamas\u0131 tek tesellimiz. Patlama asayi\u015f noktas\u0131na 10- 15 metrede. Patlaman\u0131n meydana geldi\u011fi noktadan 200 metre ileride ise pazar yeri vard\u0131. Bug\u00fcn G\u00f6yn\u00fck Pazar\u0131 kurulmu\u015ftu. Patlaman\u0131n orada meydana gelmesi tam bir felaket olurdu&#8221; dedi.<\/p>\n<p style=\"text-align: justify;\">G\u00f6rg\u00fc tan\u0131\u011f\u0131: kopan ba\u015f erke\u011fe ait<\/p>\n<p style=\"text-align: justify;\">Olay\u0131n g\u00f6rg\u00fc tan\u0131\u011f\u0131 Recep G\u00fcler adl\u0131 tur \u015fof\u00f6r\u00fc, patlama s\u0131ras\u0131nda jandarma kontrol noktas\u0131na 200- 250 metre mesafedeki akaryak\u0131t istasyonunda olduklar\u0131n\u0131 belirterek, &#8220;Patlamayla berebar jandarma noktas\u0131na do\u011fru gittik. Olay yerine ula\u015ft\u0131\u011f\u0131mda, karakolun camlar\u0131n\u0131n k\u0131r\u0131ld\u0131\u011f\u0131n\u0131, yolcu minib\u00fcs\u00fcnde hasar oldu\u011funu g\u00f6rd\u00fck. Yerde g\u00f6vdesinden ayr\u0131lm\u0131\u015f k\u0131sa sa\u00e7l\u0131 bir erkek ba\u015f\u0131 ve kopmu\u015f bacaklar vard\u0131. Her tarafa et par\u00e7alar\u0131 savrulmu\u015ftu&#8221;<\/p>\n<p style=\"text-align: justify;\"><a href=\"http:\/\/www.cnnturk.com\/2011\/turkiye\/09\/30\/antalyada.canli.bomba.eylemi\/631323.0\/index.html\" target=\"_blank\">Kaynak : CNN T\u00dcRK<\/a><\/p>\n","protected":false},"excerpt":{"rendered":"<p style=\"text-align: center;\">\n<p style=\"text-align: justify;\">Antalya&#8217;n\u0131n G\u00f6yn\u00fck Beldesi&#8217;ndeki jandarma Komutanl\u0131\u011f\u0131 \u00f6n\u00fcnde patlama oldu.<\/p>\n<p style=\"text-align: justify;\">Antalya&#8217;n\u0131n Kemer \u0130l\u00e7esi G\u00f6yn\u00fck Beldesi&#8217;ndeki jandarma asayi\u015f kontrol noktas\u0131 yak\u0131n\u0131nda saat 16.10 s\u0131ralar\u0131nda canl\u0131 bomba, \u00fczerindeki patlay\u0131c\u0131y\u0131 infilak ettirdi. Canl\u0131 bomba olay yerinde parampar\u00e7a olurken, 2 ki\u015fi hafif yaraland\u0131.<\/p>\n","protected":false},"author":1,"featured_media":0,"comment_status":"open","ping_status":"open","sticky":false,"template":"","format":"standard","meta":{"footnotes":""},"categories":[105],"tags":[],"class_list":["post-40369","post","type-post","status-publish","format-standard","hentry","category-gundem","odd"],"_links":{"self":[{"href":"http:\/\/www.korhanyilmaz.com\/index.php?rest_route=\/wp\/v2\/posts\/40369","targetHints":{"allow":["GET"]}}],"collection":[{"href":"http:\/\/www.korhanyilmaz.com\/index.php?rest_route=\/wp\/v2\/posts"}],"about":[{"href":"http:\/\/www.korhanyilmaz.com\/index.php?rest_route=\/wp\/v2\/types\/post"}],"author":[{"embeddable":true,"href":"http:\/\/www.korhanyilmaz.com\/index.php?rest_route=\/wp\/v2\/users\/1"}],"replies":[{"embeddable":true,"href":"http:\/\/www.korhanyilmaz.com\/index.php?rest_route=%2Fwp%2Fv2%2Fcomments&post=40369"}],"version-history":[{"count":0,"href":"http:\/\/www.korhanyilmaz.com\/index.php?rest_route=\/wp\/v2\/posts\/40369\/revisions"}],"wp:attachment":[{"href":"http:\/\/www.korhanyilmaz.com\/index.php?rest_route=%2Fwp%2Fv2%2Fmedia&parent=40369"}],"wp:term":[{"taxonomy":"category","embeddable":true,"href":"http:\/\/www.korhanyilmaz.com\/index.php?rest_route=%2Fwp%2Fv2%2Fcategories&post=40369"},{"taxonomy":"post_tag","embeddable":true,"href":"http:\/\/www.korhanyilmaz.com\/index.php?rest_route=%2Fwp%2Fv2%2Ftags&post=40369"}],"curies":[{"name":"wp","href":"https:\/\/api.w.org\/{rel}","templated":true}]}}