{"id":40345,"date":"2011-09-28T21:40:20","date_gmt":"2011-09-28T18:40:20","guid":{"rendered":"http:\/\/www.korhanyilmaz.com\/?p=40345"},"modified":"2011-09-29T00:09:58","modified_gmt":"2011-09-28T21:09:58","slug":"3-ogretmen-daha-kacirildi","status":"publish","type":"post","link":"http:\/\/www.korhanyilmaz.com\/?p=40345","title":{"rendered":"3 \u00f6\u011fretmen daha ka\u00e7\u0131r\u0131ld\u0131"},"content":{"rendered":"<p style=\"text-align: center;\"><a href=\"http:\/\/www.korhanyilmaz.com\/wp-content\/uploads\/2011\/09\/7070.jpg\"  class=\"lightview\"><img loading=\"lazy\" decoding=\"async\" class=\"aligncenter  wp-image-40346\" src=\"http:\/\/www.korhanyilmaz.com\/wp-content\/uploads\/2011\/09\/7070.jpg\" alt=\"\" width=\"274\" height=\"206\" \/><\/a><\/p>\n<p style=\"text-align: justify;\">PKK\u2019l\u0131 ter\u00f6ristlerin Diyarbak\u0131r\u2019\u0131n Lice \u0130l\u00e7esi Birlik K\u00f6y\u00fc \u0130lk\u00f6\u011fretim Okulu\u2019nda g\u00f6rev yapan 3 \u00f6\u011fretmeni de d\u00fcn gece ka\u00e7\u0131rd\u0131\u011f\u0131 ortaya \u00e7\u0131kt\u0131. Son ka\u00e7\u0131rma olay\u0131n\u0131n ard\u0131ndan PKK\u2019n\u0131n son 1 hafta i\u00e7inde ka\u00e7\u0131rd\u0131\u011f\u0131 \u00f6\u011fretmenlerin say\u0131s\u0131 12\u2019ye y\u00fckseldi.<!--more--><\/p>\n<p style=\"text-align: justify;\"><strong>3 \u00d6\u011eRETMEN DAHA KA\u00c7IRILDI, PKK\u2019DAK\u0130 \u00d6\u011eRETMEN SAYISI 12\u2019YE Y\u00dcKSELD\u0130<\/strong><\/p>\n<p style=\"text-align: justify;\">PKK\u2019l\u0131 ter\u00f6ristlerin Diyarbak\u0131r\u2019\u0131n Lice \u0130l\u00e7esi Birlik K\u00f6y\u00fc \u0130lk\u00f6\u011fretim Okulu\u2019nda g\u00f6rev yapan 3 \u00f6\u011fretmeni de d\u00fcn gece ka\u00e7\u0131rd\u0131\u011f\u0131 ortaya \u00e7\u0131kt\u0131. Diyarbak\u0131r Valili\u011fi\u2019nden ka\u00e7\u0131r\u0131lmayla ilgili yap\u0131lan a\u00e7\u0131klamada, &#8220;27 Eyl\u00fcl 2011 tarihinde ilimiz Lice \u0130l\u00e7esi Birlik K\u00f6y\u00fc \u0130lk\u00f6\u011fretim Okulu\u2019nda g\u00f6revli 3 \u00f6\u011fretmenden gece haber al\u0131namamas\u0131 \u00fczerine yap\u0131lan incelemeler neticesinde, \u00f6\u011fretmenlerin b\u00f6l\u00fcc\u00fc ter\u00f6r \u00d6rg\u00fct\u00fc PKK mensuplar\u0131 taraf\u0131ndan ka\u00e7\u0131r\u0131ld\u0131\u011f\u0131 anla\u015f\u0131lm\u0131\u015ft\u0131r. Olayla ilgili adli makamlarca tahkikata ba\u015flanm\u0131\u015ft\u0131r&#8221; denildi.<\/p>\n<p style=\"text-align: justify;\">Son ka\u00e7\u0131rma olay\u0131n\u0131n ard\u0131ndan PKK\u2019n\u0131n son 1 hafta i\u00e7inde ka\u00e7\u0131rd\u0131\u011f\u0131 \u00f6\u011fretmenlerin say\u0131s\u0131 12\u2019ye y\u00fckseldi.<\/p>\n<p style=\"text-align: justify;\">D\u0130YARBAKIR\u2019\u0131n Hazro \u0130l\u00e7esi\u2019ne ba\u011fl\u0131 \u00c7iftlibah\u00e7e K\u00f6y\u00fc Canayd\u0131n \u0130lk\u00f6\u011fretim okulu \u00f6\u011fretmeni Ahmet \u00dcr\u00fcn, d\u00fcn ak\u015fam kald\u0131\u011f\u0131 evde kimli\u011fi belirlenemeyen silahl\u0131 ki\u015filer taraf\u0131ndan ka\u00e7\u0131r\u0131ld\u0131.<\/p>\n<p style=\"text-align: justify;\">Hazro\u2019ya 20 kilometre mesafede bulunan \u00c7iftlibah\u00e7e K\u00f6y\u00fc Canayd\u0131n \u0130lk\u00f6\u011fretim Okulu \u00f6\u011fretmeni Ahmet \u00dcr\u00fcn, d\u00fcn gece k\u00f6yde kald\u0131\u011f\u0131 eve gelen ve kimlikleri hen\u00fcz belirlenemeyen silahl\u0131 iki ki\u015fi taraf\u0131ndan ka\u00e7\u0131r\u0131ld\u0131. Galatasaray eski kul\u00fcp ba\u015fkanlar\u0131ndan \u00d6zhan Canayd\u0131n taraf\u0131ndan yapt\u0131r\u0131lan yakla\u015f\u0131k 50 \u00f6\u011frencisi bulunan \u00c7iftlibah\u00e7e K\u00f6y\u00fc Canayd\u0131n \u0130lk\u00f6\u011fretim Okulu \u00f6\u011fretmeni Ahmet \u00dcr\u00fcn\u2019\u00fc ka\u00e7\u0131ranlar\u0131n bulunabilmesi i\u00e7in g\u00fcvenlik g\u00fc\u00e7leri ara\u015ft\u0131rma ba\u015flatt\u0131. Hakarili olan Ahmet \u00dcr\u00fcn\u2019\u00fc ka\u00e7\u0131ranlar\u0131n PKK\u2019l\u0131 olma ihtimalerinin y\u00fcksek oldu\u011fu, ancak bu konuda hen\u00fcz kesin bir bilgiye ula\u015f\u0131lamad\u0131\u011f\u0131 belirtildi.<\/p>\n<p style=\"text-align: justify;\">Diyarbak\u0131r\u2019\u0131n Lice \u0130l\u00e7esi\u2019ne ba\u011fl\u0131 Baharlar K\u00f6y\u00fc \u0130lk\u00f6\u011fretim Okulu\u2019nda g\u00f6rev yapan \u00f6\u011fretmen Mehmet G\u00f6zba\u015f\u0131 da, ge\u00e7en hafta kald\u0131\u011f\u0131 lojmana bask\u0131n d\u00fczenleyen bir grup PKK\u2019l\u0131 taraf\u0131ndan ka\u00e7\u0131r\u0131lm\u0131\u015ft\u0131. Kayserili olan \u00d6\u011fretmen Mehmet G\u00f6zba\u015f\u0131 2 y\u0131ld\u0131r Lice\u2019de g\u00f6rev yap\u0131yordu.<\/p>\n<p style=\"text-align: justify;\">ELAZI\u011e\u2019\u0131n Ar\u0131cak \u0130l\u00e7esi\u2019nde PKK\u2019l\u0131 ter\u00f6ristler \u00f6\u011fretmenleri k\u00f6ye ta\u015f\u0131yan servis minib\u00fcs\u00fcn\u00fcn \u00f6n\u00fcn\u00fc kesip, 3 erkek \u00f6\u011fretmeni silah zoruyla ka\u00e7\u0131rd\u0131.<\/p>\n<p style=\"text-align: justify;\">Ar\u0131cak\u2019\u0131n Yo\u011funbilek K\u00f6y\u00fc\u2019ne i\u00e7inde 4\u2019\u00fc kad\u0131n 3\u2019\u00fc erkek 7 \u00f6\u011fretmeni ta\u015f\u0131yan servis minib\u00fcs\u00fcn\u00fcn yolu bug\u00fcn saat 17.15 s\u0131ralar\u0131nda bir grup PKK\u2019l\u0131 ter\u00f6rist taraf\u0131ndan kesildi. Silah zoru ile \u00f6\u011fretmenleri minib\u00fcsten indiren ter\u00f6ristler, minib\u00fcste bulunan 4 kad\u0131n \u00f6\u011fretmeni serbest b\u0131rakt\u0131. Ter\u00f6ristler 3 erkek \u00f6\u011fretmeni yanlar\u0131na al\u0131p ormanl\u0131k alana ka\u00e7t\u0131. Serbet b\u0131rak\u0131lan kad\u0131n \u00f6\u011fretmenlerin haber vermesiyle \u00f6\u011fretmenleri kurtarmak, ter\u00f6ristleri etkisiz hale getirmek i\u00e7in ba\u015flat\u0131lan operasyonlar s\u00fcrd\u00fcr\u00fcl\u00fcyor.<\/p>\n<p style=\"text-align: justify;\">ELAZI\u011e\u2019\u0131n Ar\u0131cak \u0130l\u00e7esi\u2019nde PKK\u2019l\u0131 ter\u00f6ristler, i\u00e7inde 4\u2019\u00fc kad\u0131n 8 \u00f6\u011fretmenin bulundu\u011fu servis minib\u00fcs\u00fcn\u00fc, bir s\u00fcre takip ettikten sonra tenha bir yerde durdurdu. \u015eof\u00f6r ile 4 kad\u0131n \u00f6\u011fretmeni serbest b\u0131rakan ter\u00f6ristler, 1\u2019i vekil 4 erkek \u00f6\u011fretmeni ise silah tehditiyle beraberlerinde g\u00f6t\u00fcrd\u00fc. G\u00fcvenlik g\u00fc\u00e7leri, ka\u00e7\u0131r\u0131lan \u00f6\u011fretmenleri kurtarmak i\u00e7in b\u00f6lgede geni\u015f kapsaml\u0131 operasyon ba\u015flatt\u0131.<\/p>\n<p style=\"text-align: justify;\">Ar\u0131cak\u2019\u0131n Yo\u011funbilek K\u00f6y\u00fc \u0130lk\u00f6\u011fretim Okulu\u2019nda g\u00f6rev yapan 8 \u00f6\u011fretmen, bug\u00fcn saat 17.15 s\u0131ralar\u0131nda okulun da\u011f\u0131l\u0131m\u0131yla birlikte ikamet ettikleri il\u00e7e merkezine gitmek i\u00e7in Ali Eren y\u00f6netimindeki 23 P 2873 plakal\u0131 servis minib\u00fcslerine bindi. \u0130ddiaya g\u00f6re \u00f6\u011fretmenlerin minib\u00fcse bindi\u011fin s\u0131rada \u00e7evrede sivil giyimli olarak g\u00f6zc\u00fcl\u00fck yapan ter\u00f6ristler de ba\u015fka bir ara\u00e7la \u00f6\u011fretmenleri ta\u015f\u0131yan minib\u00fcs\u00fc takibe ald\u0131. Ter\u00f6ristler, minib\u00fcs\u00fc yolun bo\u015f oldu\u011fu G\u00fcndo\u011fdu ile \u00c7evrecilek k\u00f6yleri aras\u0131nda silah tehdidi ile durdurdu. PKK\u2019l\u0131lar minib\u00fcs s\u00fcrc\u00fcs\u00fc Ali Eren ile ara\u00e7ta bulunan kad\u0131n \u00f6\u011fretmenler Ay\u015fe Harkt\u0131, \u00d6zge Akman, Hadice O\u011fuz ve Sevilay Y\u0131lmaz\u2019\u0131 serbest b\u0131rakt\u0131. Ter\u00f6ristler daha sonra tamam\u0131 Elaz\u0131\u011f n\u00fcfusuna kay\u0131tl\u0131 olan G\u00f6khan Y\u0131ld\u0131z, Abdullah Karan, \u0130rfan Sar\u0131kaya ve vekil \u00f6\u011fretmen \u0130smail Y\u00fccel\u2019i silah tehdidi ile yanlar\u0131na alarak ka\u00e7t\u0131.<\/p>\n<p style=\"text-align: justify;\">Elaz\u0131\u011f Valili\u011fi, ka\u00e7\u0131r\u0131lma olay\u0131yla ilgili yapt\u0131\u011f\u0131 a\u00e7\u0131klamada, ter\u00f6ristlerin ka\u00e7\u0131rd\u0131klar\u0131 \u00f6\u011fretmenlerle birlikte yaya olarak Diyarbak\u0131r il s\u0131n\u0131rlar\u0131 i\u00e7inde kalan G\u00f6rese Da\u011f\u0131\u2019na g\u00f6t\u00fcr\u00fcld\u00fc\u011f\u00fcn\u00fc bildirdi. B\u00f6lgede ka\u00e7\u0131r\u0131lan \u00f6\u011fretmenleri kurtarmak ve PKK\u2019l\u0131 ter\u00f6ristleri etkisiz hale getirmek i\u00e7in ba\u015flat\u0131lan operasyon s\u00fcrd\u00fcr\u00fcl\u00fcyor.<\/p>\n<p style=\"text-align: justify;\">PKK\u2019l\u0131lar\u0131n serbet b\u0131rakt\u0131\u011f\u0131 kad\u0131n \u00f6\u011fretmenlerin de il\u00e7e merkezine ula\u015ft\u0131\u011f\u0131 belirtildi.<\/p>\n<p style=\"text-align: justify;\">D\u0130YARBAKIR\u2019\u0131n Lice \u0130l\u00e7esi\u2019nin iki ayr\u0131 k\u00f6y\u00fcnde g\u00f6rev yapan 3 \u00f6\u011fretmen d\u00fcn gece PKK\u2019l\u0131 ter\u00f6ristler taraf\u0131ndan ka\u00e7\u0131r\u0131ld\u0131. B\u00f6ylece bir hafta i\u00e7inde b\u00f6lgede ka\u00e7\u0131r\u0131lan \u00f6\u011fretmen say\u0131s\u0131 9\u2019a \u00e7\u0131kt\u0131.<\/p>\n<p style=\"text-align: justify;\">Lice\u2019nin Dolunay K\u00f6y\u00fc\u2019ne d\u00fcn gece gelen PKK\u2019l\u0131 ter\u00f6ristler burada g\u00f6rev yapan 2 \u00f6\u011fretmeni, \u00c7avundur K\u00f6y\u00fc\u2019nden de 1 \u00f6\u011fretmeni silah tehdidi ile ka\u00e7\u0131rd\u0131. \u00d6\u011fretmenleri yaya olarak da\u011fl\u0131k alana g\u00f6t\u00fcrd\u00fc\u011f\u00fc belirtilen PKK\u2019l\u0131lar\u0131n yakalanmas\u0131 i\u00e7in ba\u015flat\u0131lan operasyonlar s\u00fcrd\u00fcr\u00fcl\u00fcyor.<\/p>\n<p style=\"text-align: justify;\">Diyarbak\u0131r\u2019\u0131n Hazra \u0130l\u00e7esi\u2019ne ba\u011fl\u0131 \u00c7iftlibah\u00e7e K\u00f6y\u00fc \u00f6\u011fretmei Ahmet \u00dcr\u00fcn ile Lice \u0130l\u00e7esi\u2019ne ba\u011fl\u0131 Baharlar K\u00f6y\u00fcn\u2019de g\u00f6revli \u00f6\u011fretmeni Mehmet G\u00f6zba\u015f\u0131, Elaz\u0131\u011f\u2019\u0131n Ar\u0131cak \u0130l\u00e7esi\u2019ne ba\u011fl\u0131 Yo\u011funbilek K\u00f6y\u00fc \u00f6\u011fretmenleri G\u00f6khan Y\u0131ld\u0131z, Abdullah Karan, \u0130rfan Sar\u0131kaya ve \u0130smail Y\u00fccel de ka\u00e7\u0131r\u0131lm\u0131\u015ft\u0131.<\/p>\n<p style=\"text-align: justify;\"><strong>ELAZI\u011e\u2019DA \u00d6\u011eRETMENLER\u0130 KA\u00c7IRAN PKK\u2019LILAR K\u00d6YL\u00dc G\u0130B\u0130 G\u0130Y\u0130NM\u0130\u015e<\/strong><\/p>\n<p style=\"text-align: justify;\">Elaz\u0131\u011f\u2019\u0131n Ar\u0131cak \u0130l\u00e7esi\u2019ne ba\u011fl\u0131 Yo\u011funbilek K\u00f6y\u00fc \u00f6\u011fretmenleri G\u00f6khan Y\u0131ld\u0131z, Abdullah Karan, \u0130rfan Sar\u0131kaya ve \u0130smail Y\u00fccel\u2019i d\u00fcn servis minib\u00fcslerini \u00f6n\u00fcn\u00fc keserek ka\u00e7\u0131ran PKK\u2019l\u0131 ter\u00f6ristlerin k\u00f6yl\u00fc gibi giyindikleri ortaya \u00e7\u0131kt\u0131.<\/p>\n<p style=\"text-align: justify;\">Ar\u0131cak\u2019\u0131n Yo\u011funbilek K\u00f6y\u00fc \u0130lk\u00f6\u011fretim Okulu\u2019nda g\u00f6rev yapan 8 \u00f6\u011fretmen, d\u00fcn saat 17.15 s\u0131ralar\u0131nda derslerin bitmesinin ard\u0131ndan oturduklar\u0131 il\u00e7e merkezine gitmek i\u00e7in Ali Eren y\u00f6netimindeki 23 P 2873 plakal\u0131 servis minib\u00fcslerine bindi. K\u00f6y\u00fcn biraz d\u0131\u015f\u0131nda bulunan okulunun \u00f6n\u00fcnden \u00f6\u011fretmenlerin servisi bindi\u011fi s\u0131rada orada bulunan ve \u00fczerlerinde k\u00f6yl\u00fc k\u0131yafeti bulunan 4 ki\u015fi de s\u0131rtlar\u0131nda ta\u015f\u0131d\u0131klar\u0131 ve i\u00e7inde \u00e7al\u0131 \u00e7\u0131rp\u0131 g\u00f6r\u00fcnt\u00fcs\u00fc verilen \u00e7uvallarla minib\u00fcs\u00fcn yan\u0131na gelerek araca bindi.<\/p>\n<p style=\"text-align: justify;\">Ter\u00f6ristler minib\u00fcse bindikten sonra \u00e7uvallardaki uzun namlulu silahlar\u0131 \u00e7\u0131kararak s\u00fcr\u00fcc\u00fc Ali Eren\u2019den minib\u00fcs\u00fc k\u00f6y d\u0131\u015f\u0131na \u00e7\u0131karmas\u0131n\u0131 istedi. Minib\u00fcs \u00c7evrecik K\u00f6y\u00fc\u2019n\u00fc ge\u00e7tikten sonra arac\u0131 durduran ter\u00f6ristler, s\u00fcr\u00fcc\u00fc Ali Eren ile ara\u00e7ta bulunan kad\u0131n \u00f6\u011fretmenler Ay\u015fe Harkt\u0131, \u00d6zge Akman, Hadice O\u011fuz ve Sevilay Y\u0131lmaz\u2019\u0131 serbest b\u0131rakt\u0131. Ter\u00f6ristler daha sonra tamam\u0131 Elaz\u0131\u011f n\u00fcfusuna kay\u0131tl\u0131 olan G\u00f6khan Y\u0131ld\u0131z, Abdullah Karan, \u0130rfan Sar\u0131kaya ve vekil \u00f6\u011fretmen \u0130smail Y\u00fccel\u2019i silah tehdidi ile yanlar\u0131na alarak G\u00f6rese Da\u011f\u0131\u2019na yaya olarak ka\u00e7\u0131rd\u0131.<\/p>\n<p style=\"text-align: justify;\">Bu s\u0131rada okul \u00f6n\u00fcnden minib\u00fcse binenlerin silah \u00e7\u0131kard\u0131\u011f\u0131 g\u00f6ren \u00f6\u011frenciler durumu k\u00f6yl\u00fclere bildirdi. K\u00f6yl\u00fcler durumu g\u00fcvenlik g\u00fc\u00e7lerine bildirdikten sonra kendi imkanlar\u0131yla \u00f6\u011fretmenleri aramaya ba\u015flad\u0131. Ancak bulamad\u0131. Bir s\u00fcre sonra serbest b\u0131rak\u0131lan \u00f6\u011fretmenler minib\u00fcsle k\u00f6ye d\u00f6nd\u00fc.<\/p>\n<p style=\"text-align: justify;\">Yo\u011funbilek \u0130lk\u00f6\u011fretim Okulu\u2019ndaki 4 \u00f6\u011fretmenin ka\u00e7\u0131r\u0131lmas\u0131n\u0131n ard\u0131ndan okulda bug\u00fcn e\u011fitim ara verildi. 250 \u00f6\u011frencili okulda 12 \u00f6\u011fretmenin g\u00f6rev yapt\u0131\u011f\u0131 \u00f6\u011frenildi. Arkada\u015flar\u0131n\u0131n ka\u00e7\u0131r\u0131lmas\u0131n\u0131 ard\u0131ndan psikolojileri bulunan \u00f6\u011fretmenler derse girmedi. K\u00f6yl\u00fc \u00e7ocuklar ise bug\u00fcn okul bah\u00e7esinde oyunlar oynad\u0131. \u00c7ocuklar, okul \u00f6n\u00fcnde bulunduklar\u0131 s\u0131rada \u00f6\u011fretmenlerinin minib\u00fcs\u00fcne binen 4 ki\u015fi g\u00f6rd\u00fcklerini belirterek, &#8220;K\u00f6yl\u00fcler gibi giyinmi\u015flerdi, \u00f6\u011fretmenlerimiz ka\u00e7\u0131rd\u0131lar. Biz okula gitmek istiyoruz&#8221; dedi.<\/p>\n<p style=\"text-align: justify;\">G\u00fcvenlik g\u00fc\u00e7leri \u00f6\u011fretmenlerin ka\u00e7\u0131r\u0131ld\u0131\u011f\u0131 G\u00f6rese Da\u011f\u0131\u2019nda operasyonlar\u0131n\u0131 s\u00fcrd\u00fcr\u00fcyor.<\/p>\n<p style=\"text-align: justify;\"><a href=\"http:\/\/gundem.milliyet.com.tr\/3-ogretmen-daha-kacirildi\/gundem\/gundemdetay\/28.09.2011\/1444333\/default.htm\" target=\"_blank\">Kaynak : Milliyet.com.tr<\/a><\/p>\n","protected":false},"excerpt":{"rendered":"<p style=\"text-align: center;\">\n<p style=\"text-align: justify;\">PKK\u2019l\u0131 ter\u00f6ristlerin Diyarbak\u0131r\u2019\u0131n Lice \u0130l\u00e7esi Birlik K\u00f6y\u00fc \u0130lk\u00f6\u011fretim Okulu\u2019nda g\u00f6rev yapan 3 \u00f6\u011fretmeni de d\u00fcn gece ka\u00e7\u0131rd\u0131\u011f\u0131 ortaya \u00e7\u0131kt\u0131. Son ka\u00e7\u0131rma olay\u0131n\u0131n ard\u0131ndan PKK\u2019n\u0131n son 1 hafta i\u00e7inde ka\u00e7\u0131rd\u0131\u011f\u0131 \u00f6\u011fretmenlerin say\u0131s\u0131 12\u2019ye y\u00fckseldi.<\/p>\n","protected":false},"author":1,"featured_media":0,"comment_status":"open","ping_status":"open","sticky":false,"template":"","format":"standard","meta":{"footnotes":""},"categories":[105],"tags":[],"class_list":["post-40345","post","type-post","status-publish","format-standard","hentry","category-gundem","odd"],"_links":{"self":[{"href":"http:\/\/www.korhanyilmaz.com\/index.php?rest_route=\/wp\/v2\/posts\/40345","targetHints":{"allow":["GET"]}}],"collection":[{"href":"http:\/\/www.korhanyilmaz.com\/index.php?rest_route=\/wp\/v2\/posts"}],"about":[{"href":"http:\/\/www.korhanyilmaz.com\/index.php?rest_route=\/wp\/v2\/types\/post"}],"author":[{"embeddable":true,"href":"http:\/\/www.korhanyilmaz.com\/index.php?rest_route=\/wp\/v2\/users\/1"}],"replies":[{"embeddable":true,"href":"http:\/\/www.korhanyilmaz.com\/index.php?rest_route=%2Fwp%2Fv2%2Fcomments&post=40345"}],"version-history":[{"count":0,"href":"http:\/\/www.korhanyilmaz.com\/index.php?rest_route=\/wp\/v2\/posts\/40345\/revisions"}],"wp:attachment":[{"href":"http:\/\/www.korhanyilmaz.com\/index.php?rest_route=%2Fwp%2Fv2%2Fmedia&parent=40345"}],"wp:term":[{"taxonomy":"category","embeddable":true,"href":"http:\/\/www.korhanyilmaz.com\/index.php?rest_route=%2Fwp%2Fv2%2Fcategories&post=40345"},{"taxonomy":"post_tag","embeddable":true,"href":"http:\/\/www.korhanyilmaz.com\/index.php?rest_route=%2Fwp%2Fv2%2Ftags&post=40345"}],"curies":[{"name":"wp","href":"https:\/\/api.w.org\/{rel}","templated":true}]}}