{"id":40331,"date":"2011-09-28T16:39:10","date_gmt":"2011-09-28T13:39:10","guid":{"rendered":"http:\/\/www.korhanyilmaz.com\/?p=40331"},"modified":"2011-09-28T19:43:05","modified_gmt":"2011-09-28T16:43:05","slug":"gencten-akp-kapatilsin-dilekcesi","status":"publish","type":"post","link":"http:\/\/www.korhanyilmaz.com\/?p=40331","title":{"rendered":"Gen\u00e7&#8217;ten &#8216;AKP kapat\u0131ls\u0131n&#8217; dilek\u00e7esi"},"content":{"rendered":"<p style=\"text-align: center;\"><a href=\"http:\/\/www.korhanyilmaz.com\/wp-content\/uploads\/2011\/09\/7067.jpg\"  class=\"lightview\"><img loading=\"lazy\" decoding=\"async\" class=\"aligncenter  wp-image-40332\" src=\"http:\/\/www.korhanyilmaz.com\/wp-content\/uploads\/2011\/09\/7067.jpg\" alt=\"\" width=\"322\" height=\"241\" \/><\/a><\/p>\n<p style=\"text-align: justify;\">CHP Tunceli Milletvekili Kamer Gen\u00e7, Yarg\u0131tay Cumhuriyet Ba\u015fsavc\u0131l\u0131\u011f\u0131&#8217;na AKP&#8217;nin kapat\u0131lmas\u0131 i\u00e7in ba\u015fvurdu.<\/p>\n<p style=\"text-align: justify;\">Ankara- CHP Tunceli Milletvekili Kamer Gen\u00e7, Yarg\u0131tay Cumhuriyet Ba\u015fsavc\u0131l\u0131\u011f\u0131&#8217;na yapt\u0131\u011f\u0131 ba\u015fvuruda, AKP&#8217;nin kapat\u0131lmas\u0131 i\u00e7in Anayasa Mahkemesi&#8217;ne kapatma davas\u0131 a\u00e7\u0131lmas\u0131n\u0131 istedi.\u00a0<!--more--><\/p>\n<p style=\"text-align: justify;\">Anayasan\u0131n 68. maddesinde; siyasal partilerin t\u00fcz\u00fck ve programlar\u0131 ile eylemlerinin demokratik ve laik cumhuriyet ilkelerine ayk\u0131r\u0131 olmayaca\u011f\u0131n\u0131n belirtildi\u011fine i\u015faret eden Gen\u00e7, \u015f\u00f6yle dedi:<\/p>\n<p style=\"text-align: justify;\">&#8220;Ayr\u0131ca Siyasi Partiler Yasas\u0131n\u0131n 78-84-88. maddelerinde bu h\u00fckme paralel yasaklamalar \u00f6ng\u00f6r\u00fclm\u00fc\u015f oluyor. Bu yasaklamaya ayk\u0131r\u0131 hareket eden siyasi partilerin kapat\u0131laca\u011f\u0131 ayn\u0131 yasada h\u00fckme ba\u011flanm\u0131\u015ft\u0131r. Di\u011fer taraftan Anayasan\u0131n 68. maddesinde de siyasi partilerin kapat\u0131lmas\u0131n\u0131n Yarg\u0131tay Cumhuriyet Ba\u015fsavc\u0131s\u0131n\u0131n a\u00e7aca\u011f\u0131 kapatma davas\u0131 \u00fczerine Anayasa Mahkemesince karar verece\u011fi ayr\u0131ca belirtilmi\u015ftir.&#8221;<\/p>\n<p style=\"text-align: justify;\"><strong>Ba\u015fbakan&#8217;\u0131n s\u00f6zlerini \u00f6rnek verdi\u00a0<\/strong><\/p>\n<p style=\"text-align: justify;\">Ba\u015fbakan Recep Tayyip Erdo\u011fan&#8217;\u0131n M\u0131s\u0131r gezisinde yapt\u0131\u011f\u0131 konu\u015fmada &#8220;Kendisinin laik olmad\u0131\u011f\u0131 M\u00fcsl\u00fcman oldu\u011funu, ancak laik bir devletin Ba\u015fbakanl\u0131\u011f\u0131n\u0131 yapt\u0131\u011f\u0131n\u0131&#8221; belirtti\u011fini ifade eden Gen\u00e7, \u015f\u00f6yle dedi:<\/p>\n<p style=\"text-align: justify;\">&#8220;Bu s\u00f6ylemle ad\u0131 gecen devleti laiklik ilkesiyle de\u011fil \u0130slamc\u0131 bir anlay\u0131\u015fla y\u00f6netti\u011fini ilan etmi\u015ftir. Laik olmayan bir ki\u015finin devleti laiklik ilkesine ba\u011fl\u0131 olarak y\u00f6netmesi olanaks\u0131zd\u0131r. Tayyip Erdo\u011fan&#8217;\u0131n bu beyan\u0131 ayr\u0131ca;<\/p>\n<p style=\"text-align: justify;\">Anayasan\u0131n 24\/4 maddesinde belirtilen (kimse, devletin, sosyal, ekonomik, siyasi veya hukuki temel d\u00fczenini k\u0131smen de olsa, din kurallar\u0131na dayand\u0131rma veya siyasi veya ki\u015fisel \u00e7\u0131kar yahut n\u00fcfuz sa\u011flamak amac\u0131yla her ne olursa olsun, dini veya din duygular\u0131n\u0131 yahut dince kutsal say\u0131lan \u015feyleri istismar edemez ve k\u00f6t\u00fcye kullanamaz) ilkesine de ayk\u0131r\u0131d\u0131r.&#8221;<\/p>\n<p style=\"text-align: justify;\"><strong>AKP&#8217;nin kapat\u0131lmas\u0131n\u0131 istedi\u00a0<\/strong><\/p>\n<p style=\"text-align: justify;\">AKP&#8217;nin kapat\u0131lmas\u0131 i\u00e7in Anayasa Mahkemesi&#8217;ne dava a\u00e7\u0131lmas\u0131n\u0131 isteyen Gen\u00e7, \u015f\u00f6yle dedi:<\/p>\n<p style=\"text-align: justify;\">&#8220;Di\u011fer taraftan daha \u00f6nce AKP&#8217;nin kapat\u0131lmas\u0131na ili\u015fkin olarak a\u00e7\u0131lan davada Anayasa Mahkemesi bu partinin demokratik laik cumhuriyet ilkelerine ayk\u0131r\u0131 eylemlerinin oda\u011f\u0131 oldu\u011funa karar vermi\u015f olmakla beraber partiyi kapatmam\u0131\u015ft\u0131r. Ancak ad\u0131 ge\u00e7en Partinin Genel Ba\u015fkan\u0131 ve y\u00f6netimi laik T\u00fcrkiye Cumhuriyetini ortadan kald\u0131rarak devleti \u0130slamc\u0131 bir yap\u0131ya d\u00f6n\u00fc\u015ft\u00fcrmeye y\u00f6nelik her t\u00fcrl\u00fc eylem ve i\u015flemler yapmaya devam etmektedir.<\/p>\n<p style=\"text-align: justify;\">A\u00e7\u0131klanan nedenlerle Adalet ve Kalk\u0131nma Partisinin kapat\u0131lmas\u0131 i\u00e7in Anayasa Mahkemesine kapatma davas\u0131 a\u00e7\u0131lmas\u0131n\u0131 arz ederim.&#8221;<\/p>\n<p style=\"text-align: justify;\"><a href=\"http:\/\/www.cumhuriyet.com.tr\/?hn=280860&amp;kw=Gen%E7'ten+'AKP+kapat%FDls%FDn'+dilek%E7esi\" target=\"_blank\">Kaynak : Cumhuriyet Haber Portal\u0131<\/a><\/p>\n","protected":false},"excerpt":{"rendered":"<p style=\"text-align: center;\">\n<p style=\"text-align: justify;\">CHP Tunceli Milletvekili Kamer Gen\u00e7, Yarg\u0131tay Cumhuriyet Ba\u015fsavc\u0131l\u0131\u011f\u0131&#8217;na AKP&#8217;nin kapat\u0131lmas\u0131 i\u00e7in ba\u015fvurdu.<\/p>\n<p style=\"text-align: justify;\">Ankara- CHP Tunceli Milletvekili Kamer Gen\u00e7, Yarg\u0131tay Cumhuriyet Ba\u015fsavc\u0131l\u0131\u011f\u0131&#8217;na yapt\u0131\u011f\u0131 ba\u015fvuruda, AKP&#8217;nin kapat\u0131lmas\u0131 i\u00e7in Anayasa Mahkemesi&#8217;ne kapatma davas\u0131 a\u00e7\u0131lmas\u0131n\u0131 istedi. <\/p>\n","protected":false},"author":1,"featured_media":0,"comment_status":"open","ping_status":"open","sticky":false,"template":"","format":"standard","meta":{"footnotes":""},"categories":[105],"tags":[],"class_list":["post-40331","post","type-post","status-publish","format-standard","hentry","category-gundem","odd"],"_links":{"self":[{"href":"http:\/\/www.korhanyilmaz.com\/index.php?rest_route=\/wp\/v2\/posts\/40331","targetHints":{"allow":["GET"]}}],"collection":[{"href":"http:\/\/www.korhanyilmaz.com\/index.php?rest_route=\/wp\/v2\/posts"}],"about":[{"href":"http:\/\/www.korhanyilmaz.com\/index.php?rest_route=\/wp\/v2\/types\/post"}],"author":[{"embeddable":true,"href":"http:\/\/www.korhanyilmaz.com\/index.php?rest_route=\/wp\/v2\/users\/1"}],"replies":[{"embeddable":true,"href":"http:\/\/www.korhanyilmaz.com\/index.php?rest_route=%2Fwp%2Fv2%2Fcomments&post=40331"}],"version-history":[{"count":0,"href":"http:\/\/www.korhanyilmaz.com\/index.php?rest_route=\/wp\/v2\/posts\/40331\/revisions"}],"wp:attachment":[{"href":"http:\/\/www.korhanyilmaz.com\/index.php?rest_route=%2Fwp%2Fv2%2Fmedia&parent=40331"}],"wp:term":[{"taxonomy":"category","embeddable":true,"href":"http:\/\/www.korhanyilmaz.com\/index.php?rest_route=%2Fwp%2Fv2%2Fcategories&post=40331"},{"taxonomy":"post_tag","embeddable":true,"href":"http:\/\/www.korhanyilmaz.com\/index.php?rest_route=%2Fwp%2Fv2%2Ftags&post=40331"}],"curies":[{"name":"wp","href":"https:\/\/api.w.org\/{rel}","templated":true}]}}