{"id":40328,"date":"2011-09-28T09:58:45","date_gmt":"2011-09-28T06:58:45","guid":{"rendered":"http:\/\/www.korhanyilmaz.com\/?p=40328"},"modified":"2011-09-28T13:16:25","modified_gmt":"2011-09-28T10:16:25","slug":"hasim-kilic-onursuzluk-sayarim","status":"publish","type":"post","link":"http:\/\/www.korhanyilmaz.com\/?p=40328","title":{"rendered":"Ha\u015fim K\u0131l\u0131\u00e7: Onursuzluk sayar\u0131m"},"content":{"rendered":"<p style=\"text-align: center;\"><a href=\"http:\/\/www.korhanyilmaz.com\/wp-content\/uploads\/2011\/09\/7066.jpg\"  class=\"lightview\"><img loading=\"lazy\" decoding=\"async\" class=\"aligncenter  wp-image-40329\" src=\"http:\/\/www.korhanyilmaz.com\/wp-content\/uploads\/2011\/09\/7066.jpg\" alt=\"\" width=\"420\" height=\"210\" \/><\/a><\/p>\n<p style=\"text-align: justify;\">&#8221;Bu ziyaret s\u0131ras\u0131nda, \u00fclke meseleleri ve d\u00fcnya meseleleri konusunda sohbet gere\u011fi olarak konu\u015fmalar yap\u0131lm\u0131\u015ft\u0131r. Ben, ellerinde ne varsa, s\u00f6ylediklerim neyse, onlar\u0131n arkas\u0131nday\u0131m. Ben, \u00fclkemi hi\u00e7bir zaman iddia edildi\u011fi gibi bir konuma sokmam\u201d<\/p>\n<p style=\"text-align: justify;\">WikiLeaks belgelerinde Anayasa Mahkemesi Ba\u015fkan\u0131 Ha\u015fim K\u0131l\u0131\u00e7\u2019\u0131n, ABD B\u00fcy\u00fckel\u00e7isi Jeffrey\u2019i ziyaret edip \u00f6nemli kararlar hakk\u0131nda bilgi verdi\u011fi iddia ediliyor.\u00a0<!--more--><\/p>\n<p style=\"text-align: justify;\">Eski CHP Milletvekili \u015eahin Meng\u00fc taraf\u0131ndan kamuoyuna duyurulan belgelerde, Anayasa Mahkemesi Ba\u015fkan\u0131 Ha\u015fim K\u0131l\u0131\u00e7\u2019\u0131n, 29 Ocak 2010\u2019da ABD B\u00fcy\u00fckel\u00e7isi James Jeffrey\u2019i ziyaret edip, siyasi parti davalar\u0131, askerlerin sivil mahkemede yarg\u0131lanmalar\u0131 gibi konularda verdi\u011fi kararlar hakk\u0131nda bilgi aktard\u0131\u011f\u0131 iddias\u0131 yer al\u0131yor.<\/p>\n<p style=\"text-align: justify;\">Yine iddialara g\u00f6re, K\u0131l\u0131\u00e7, partilerin kapat\u0131lmas\u0131na kar\u015f\u0131 oldu\u011funu ancak DTP\u2019yi anayasaya ayk\u0131r\u0131 bir\u00e7ok fiile imza atmas\u0131 nedeniyle kapatmak zorunda kald\u0131klar\u0131n\u0131 anlat\u0131yor. Askerlerin sivil mahkemede yarg\u0131lanmas\u0131na y\u00f6nelik d\u00fczenlemeyi ise demokratik bir d\u00fczenleme olmas\u0131na ra\u011fmen anayasaya ayk\u0131r\u0131 oldu\u011fu i\u00e7in iptalden ba\u015fka se\u00e7enek olmad\u0131\u011f\u0131ndan iptal ettiklerini s\u00f6yl\u00fcyor. K\u0131l\u0131\u00e7, anayasan\u0131n bug\u00fcne kadar 83 maddesinin de\u011fi\u015fti\u011fini, halkoylamas\u0131 ile kabul edilen anayasayla ilgisinin kalmad\u0131\u011f\u0131n\u0131 belirterek anayasan\u0131n de\u011fi\u015fmesi gerekti\u011fini ifade ediyor.<\/p>\n<p style=\"text-align: justify;\">\u0130ddiay\u0131 belgelerdeki ifadelere dayand\u0131ran Meng\u00fc, belgelere g\u00f6re, K\u0131l\u0131\u00e7\u2019\u0131n bu bilgileri ABD B\u00fcy\u00fckel\u00e7isi\u2019ne \u201carz etti\u011fini\u201d ifade ediyor.<\/p>\n<p style=\"text-align: justify;\"><strong>\u2018ONURSUZLUK SAYARIM\u2019\u00a0<\/strong><\/p>\n<p style=\"text-align: justify;\">Anayasa Mahkemesi Ba\u015fkan\u0131 Ha\u015fim K\u0131l\u0131\u00e7 ise Milliyet&#8217;ten Fikret Bila ile g\u00f6r\u00fc\u015ferek iddialar\u0131 yalanlad\u0131.<\/p>\n<p style=\"text-align: justify;\">Bila\u2019n\u0131n yaz\u0131s\u0131 \u015f\u00f6yle:<\/p>\n<p style=\"text-align: justify;\">Anayasa Mahkemesi Ba\u015fkan\u0131 Ha\u015fim K\u0131l\u0131\u00e7, ABD eski B\u00fcy\u00fckel\u00e7isi James Jeffrey\u2019yi ziyareti s\u0131ras\u0131nda Ak Parti\u2019nin kapat\u0131lmas\u0131 davas\u0131 ba\u015fta olmak \u00fczere davalarla ile ilgili bilgi verdi\u011fi iddias\u0131n\u0131 sert bir dille yalanlad\u0131.<\/p>\n<p style=\"text-align: justify;\">K\u0131l\u0131\u00e7, d\u00fcnk\u00fc g\u00f6r\u00fc\u015fmemizde, bu t\u00fcr iddialar\u0131 onursuzluk sayaca\u011f\u0131n\u0131 ifade ederek, \u015fu de\u011ferlendirmeyi yapt\u0131:<\/p>\n<p style=\"text-align: justify;\">\u201cBu iddialar\u0131 ahlaks\u0131zl\u0131k olarak niteliyorum. Anayasa Mahkemesi Ba\u015fkan\u0131 olarak, bir b\u00fcy\u00fckel\u00e7iye ya da herhangi birine bilgi sunmak, rapor vermek, arz etmek gibi kavramlarla ifade edilebilecek bir konumum ve \u00fcslubum olamaz. Bunu onursuzluk sayar\u0131m. Bu onursuzluk, bu yorumu yapanlara aittir.\u201d<\/p>\n<p style=\"text-align: justify;\"><strong>\u2018DAVA NET\u0130CELENM\u0130\u015eT\u0130\u2019\u00a0<\/strong><\/p>\n<p style=\"text-align: justify;\">Anayasa Mahkemesi Ba\u015fkan\u0131 Ha\u015fim K\u0131l\u0131\u00e7, ABD B\u00fcy\u00fckel\u00e7isi\u2019nin, AKP\u2019nin kapat\u0131lmas\u0131 davas\u0131 ile ilgili bilgi verdi\u011fi iddialar\u0131n\u0131 yan\u0131tlarken, \u201cTamamen as\u0131ls\u0131z bir iddiad\u0131r. Ben b\u00fcy\u00fckel\u00e7iyi ziyaret etti\u011fimde kapatma davas\u0131 neticelenmi\u015fti. Bu nedenle konu da olmad\u0131. Elbette bu ziyaret s\u0131ras\u0131nda, \u00fclke meseleleri ve d\u00fcnya meseleleri konusunda sohbet gere\u011fi olarak konu\u015fmalar yap\u0131lm\u0131\u015ft\u0131r. Ben, ellerinde ne varsa, s\u00f6ylediklerim neyse, onlar\u0131n arkas\u0131nday\u0131m. Ben, \u00fclkemi hi\u00e7bir zaman iddia edildi\u011fi gibi bir konuma sokmam\u201d dedi.<\/p>\n<p style=\"text-align: justify;\"><strong>&#8216;\u0130ADE-\u0130 Z\u0130YARETT\u0130&#8217;\u00a0<\/strong><\/p>\n<p style=\"text-align: justify;\">Anayasa Mahkemesi Ba\u015fkan\u0131 K\u0131l\u0131\u00e7, s\u00f6z konusu ziyaret ile ilgili olarak da \u015fu bilgiyi verdi:<\/p>\n<p style=\"text-align: justify;\">\u201cABD B\u00fcy\u00fckel\u00e7isi beni, 19 Haziran 2009 tarihinde saat 15.00\u2019te makam\u0131mda ziyaret etti. Ben i\u015f yo\u011funlu\u011fum nedeniyle, hemen iade-i ziyarette bulunamad\u0131m. Ayr\u0131ca araya adli tatil girdi. 29 Ocak 2010 tarihinde b\u00fcy\u00fckel\u00e7iye iade-i ziyarette bulundum. Bu tamamen bir nezaket ziyaretiydi. Ayr\u0131ca sadece ABD B\u00fcy\u00fckel\u00e7isi de\u011fil, Fransa, \u0130ngiltere, Almanya gibi bir\u00e7ok \u00fclkenin b\u00fcy\u00fckel\u00e7ileri beni ziyaret etmi\u015flerdir. Ben de onlara iade-i ziyarette bulunmu\u015fumdur.<\/p>\n<p style=\"text-align: justify;\">Ba\u015fta CHP lideri Kemal K\u0131l\u0131\u00e7daro\u011flu olmak \u00fczere, \u00e7ok say\u0131da ki\u015fi ve grup, iddialar\u0131n g\u00fcndeme gelmesinden sonra Anayasa Mahkemesi Ba\u015fkan\u0131\u2019n\u0131n istifas\u0131n\u0131n gerekti\u011fini s\u00f6ylemi\u015fti.<\/p>\n<p style=\"text-align: justify;\">Anayasa Mahkemesi Ba\u015fkan\u0131 Ha\u015fim K\u0131l\u0131\u00e7 ise bas\u0131nda yer alan istifa davetlerini ciddiye almad\u0131\u011f\u0131n\u0131, yan\u0131t vermeye bile de\u011fer bulmad\u0131\u011f\u0131n\u0131 vurgulad\u0131.<\/p>\n<p style=\"text-align: justify;\"><a href=\"http:\/\/haber.gazetevatan.com\/hasim-kilic-onursuzluk-sayarim\/402312\/1\/Gundem\" target=\"_blank\">Kaynak : VATAN Gazetesi<\/a><\/p>\n","protected":false},"excerpt":{"rendered":"<p style=\"text-align: center;\">\n<p style=\"text-align: justify;\">&#8221;Bu ziyaret s\u0131ras\u0131nda, \u00fclke meseleleri ve d\u00fcnya meseleleri konusunda sohbet gere\u011fi olarak konu\u015fmalar yap\u0131lm\u0131\u015ft\u0131r. Ben, ellerinde ne varsa, s\u00f6ylediklerim neyse, onlar\u0131n arkas\u0131nday\u0131m. Ben, \u00fclkemi hi\u00e7bir zaman iddia edildi\u011fi gibi bir konuma sokmam\u201d<\/p>\n<p style=\"text-align: justify;\">WikiLeaks belgelerinde Anayasa Mahkemesi Ba\u015fkan\u0131 Ha\u015fim K\u0131l\u0131\u00e7\u2019\u0131n, ABD B\u00fcy\u00fckel\u00e7isi Jeffrey\u2019i ziyaret edip \u00f6nemli kararlar hakk\u0131nda bilgi <\/p>\n","protected":false},"author":1,"featured_media":0,"comment_status":"open","ping_status":"open","sticky":false,"template":"","format":"standard","meta":{"footnotes":""},"categories":[105],"tags":[],"class_list":["post-40328","post","type-post","status-publish","format-standard","hentry","category-gundem","odd"],"_links":{"self":[{"href":"http:\/\/www.korhanyilmaz.com\/index.php?rest_route=\/wp\/v2\/posts\/40328","targetHints":{"allow":["GET"]}}],"collection":[{"href":"http:\/\/www.korhanyilmaz.com\/index.php?rest_route=\/wp\/v2\/posts"}],"about":[{"href":"http:\/\/www.korhanyilmaz.com\/index.php?rest_route=\/wp\/v2\/types\/post"}],"author":[{"embeddable":true,"href":"http:\/\/www.korhanyilmaz.com\/index.php?rest_route=\/wp\/v2\/users\/1"}],"replies":[{"embeddable":true,"href":"http:\/\/www.korhanyilmaz.com\/index.php?rest_route=%2Fwp%2Fv2%2Fcomments&post=40328"}],"version-history":[{"count":0,"href":"http:\/\/www.korhanyilmaz.com\/index.php?rest_route=\/wp\/v2\/posts\/40328\/revisions"}],"wp:attachment":[{"href":"http:\/\/www.korhanyilmaz.com\/index.php?rest_route=%2Fwp%2Fv2%2Fmedia&parent=40328"}],"wp:term":[{"taxonomy":"category","embeddable":true,"href":"http:\/\/www.korhanyilmaz.com\/index.php?rest_route=%2Fwp%2Fv2%2Fcategories&post=40328"},{"taxonomy":"post_tag","embeddable":true,"href":"http:\/\/www.korhanyilmaz.com\/index.php?rest_route=%2Fwp%2Fv2%2Ftags&post=40328"}],"curies":[{"name":"wp","href":"https:\/\/api.w.org\/{rel}","templated":true}]}}