{"id":40303,"date":"2011-09-27T23:36:20","date_gmt":"2011-09-27T20:36:20","guid":{"rendered":"http:\/\/www.korhanyilmaz.com\/?p=40303"},"modified":"2011-09-28T10:17:40","modified_gmt":"2011-09-28T07:17:40","slug":"bakandan-istiklal-marsi-tepkisi","status":"publish","type":"post","link":"http:\/\/www.korhanyilmaz.com\/?p=40303","title":{"rendered":"Bakan&#8217;dan \u0130stiklal Mar\u015f\u0131 tepkisi"},"content":{"rendered":"<p style=\"text-align: center;\"><a href=\"http:\/\/www.korhanyilmaz.com\/wp-content\/uploads\/2011\/09\/7051.jpg\"  class=\"lightview\"><img loading=\"lazy\" decoding=\"async\" class=\"aligncenter  wp-image-40304\" src=\"http:\/\/www.korhanyilmaz.com\/wp-content\/uploads\/2011\/09\/7051.jpg\" alt=\"\" width=\"336\" height=\"232\" \/><\/a><\/p>\n<p style=\"text-align: justify;\">GIDA, Tar\u0131m ve Hayvanc\u0131l\u0131k Bakan\u0131 Mehdi Eker, Ni\u011fde&#8217;de kat\u0131ld\u0131\u011f\u0131 temel atma t\u00f6reninde zaman darl\u0131\u011f\u0131 nedeniyle \u0130stiklal Mar\u015f\u0131&#8217;n\u0131n okunmas\u0131n\u0131n programdan \u00e7\u0131kart\u0131lmas\u0131na tepki g\u00f6sterip, korumas\u0131na talimat vererek okutulmas\u0131n\u0131 sa\u011flad\u0131.<!--more--><\/p>\n<p style=\"text-align: justify;\">Bir dizi a\u00e7\u0131l\u0131\u015f ve ziyaretlerde bulunmak i\u00e7in Ni\u011fde&#8217;ye giden Bakan Mehmet Mehdi Eker, C\u0131ng\u0131ll\u0131 Organik Tar\u0131m \u0130\u015fletmeleri Hayvanc\u0131l\u0131k Tesisi&#8217;nin temel atma t\u00f6renine kat\u0131ld\u0131. Eker, davul zurna e\u015fli\u011finde kar\u015f\u0131lan\u0131rken bu s\u0131rada zaman darl\u0131\u011f\u0131 nedeniyle temel atma t\u00f6reninin k\u0131sa tutulup, sayg\u0131 duru\u015fu ve \u0130stiklal Mar\u015f\u0131&#8217;n\u0131n okunmas\u0131n\u0131n programdan \u00e7\u0131kart\u0131ld\u0131\u011f\u0131 anons edildi. Bunun \u00fczerine Eker, korumas\u0131n\u0131 yan\u0131na \u00e7a\u011f\u0131r\u0131p, &#8220;Olmaz \u00f6yle \u015fey, program\u0131 ba\u015ftan als\u0131nlar&#8221; dedi. Koruman\u0131n Bakan Eker&#8217;in talebini iletmesi \u00fczerine \u00f6nce sayg\u0131 duru\u015fu ard\u0131ndan da \u0130stiklal Mar\u015f\u0131 okundu. Burada bir konu\u015fma yapan Eker, h\u00fck\u00fcmet olarak tar\u0131m\u0131n alt yap\u0131 sorunun \u00e7\u00f6zmek i\u00e7in \u00e7al\u0131\u015ft\u0131klar\u0131n\u0131 s\u00f6yledi.<\/p>\n<p style=\"text-align: justify;\">\u00d6zellikle meralar\u0131n \u00f6zel sekt\u00f6re a\u00e7\u0131lmas\u0131yla ilgili d\u00fczenlemeler yap\u0131labilece\u011fini ifade eden Eker, &#8220;Meralar\u0131n \u00f6zel sekt\u00f6re a\u00e7\u0131lmas\u0131 halinde buraya bina yap\u0131lmas\u0131na izin verilmeyecek. Sadece i\u015fletmeyle ilgili binalar yap\u0131labilecek. T\u00fcrkiye&#8217;de tar\u0131m arazileri 1926&#8217;dan bu yana babadan o\u011fula ge\u00e7erken par\u00e7alana par\u00e7alana kullan\u0131lamaz hale gelmi\u015f, \u00fczerinde \u00fcretim yap\u0131lamaz hale gelmi\u015f, ne miras\u00e7\u0131 istifade edebiliyor ne di\u011fer insanlar istifade edebiliyor. Biz buna h\u00fck\u00fcmetimiz d\u00f6neminde 20 d\u00f6n\u00fcm\u00fcn alt\u0131ndakilerin b\u00f6l\u00fcnmemesi i\u00e7in bir \u00e7\u00f6z\u00fcm getirdik. \u015eimdi miras yoluyla babadan o\u011fula ge\u00e7menin yasak oldu\u011fu bir d\u00fczenleme yap\u0131yoruz. Tasla\u011f\u0131m\u0131z haz\u0131r ve en k\u0131sa s\u00fcrede meclis g\u00fcndemine ta\u015f\u0131yarak tasar\u0131m\u0131z yasala\u015fm\u0131\u015f olacak. \u0130kincisi mevcut da\u011f\u0131lm\u0131\u015f arazi yap\u0131lar\u0131n\u0131n toplula\u015ft\u0131r\u0131lmas\u0131 \u00e7al\u0131\u015fmas\u0131. Bir yandan s\u00fcrekli b\u00f6l\u00fcn\u00fcyor ama bu b\u00f6l\u00fcnmeyi durdurup arkas\u0131ndan toplula\u015ft\u0131ramazsak projemiz yar\u0131m kal\u0131r. Konya Ovas\u0131 projesinde 800 bin hektar arazinin de toplula\u015ft\u0131rmas\u0131n\u0131 bu h\u00fck\u00fcmetin \u00e7al\u0131\u015fma d\u00f6neminin sonuna yeti\u015ftirilecek&#8221; dedi. Eker, sulanabilir arazilerinin tamam\u0131n\u0131n sulanabilmesi i\u00e7in alt yap\u0131 \u00e7al\u0131\u015fmas\u0131 y\u00fcr\u00fctt\u00fcklerini de kaydetti.<\/p>\n<p style=\"text-align: justify;\"><strong>KOYUNLARI KEST\u0130RMED\u0130<\/strong><\/p>\n<p style=\"text-align: justify;\">Konu\u015fmalar\u0131n ard\u0131ndan tesisin temeli at\u0131ld\u0131. Bu s\u0131rada Bakan Eker, kesilmek istenen 2 koyunu ba\u011f\u0131\u015flay\u0131p, kestirmedi. Eker, daha sonra Bah\u00e7eli Beldesi&#8217;nde yap\u0131lan so\u011fuk hava deposunun a\u00e7\u0131l\u0131\u015f\u0131n\u0131 yapt\u0131. Bakan Eker, daha sonra da Ni\u011fde Valisi Alim Barut&#8217;u makam\u0131nda ziyaret ederek kent hakk\u0131nda bilgi ald\u0131.<\/p>\n<p style=\"text-align: justify;\"><a href=\"http:\/\/www.milliyet.com.tr\/2011\/09\/28\/index.html\" target=\"_blank\">Kaynak : Milliyet.com.tr<\/a><\/p>\n","protected":false},"excerpt":{"rendered":"<p style=\"text-align: center;\">\n<p style=\"text-align: justify;\">GIDA, Tar\u0131m ve Hayvanc\u0131l\u0131k Bakan\u0131 Mehdi Eker, Ni\u011fde&#8217;de kat\u0131ld\u0131\u011f\u0131 temel atma t\u00f6reninde zaman darl\u0131\u011f\u0131 nedeniyle \u0130stiklal Mar\u015f\u0131&#8217;n\u0131n okunmas\u0131n\u0131n programdan \u00e7\u0131kart\u0131lmas\u0131na tepki g\u00f6sterip, korumas\u0131na talimat vererek okutulmas\u0131n\u0131 sa\u011flad\u0131.<\/p>\n","protected":false},"author":1,"featured_media":0,"comment_status":"open","ping_status":"open","sticky":false,"template":"","format":"standard","meta":{"footnotes":""},"categories":[105],"tags":[],"class_list":["post-40303","post","type-post","status-publish","format-standard","hentry","category-gundem","odd"],"_links":{"self":[{"href":"http:\/\/www.korhanyilmaz.com\/index.php?rest_route=\/wp\/v2\/posts\/40303","targetHints":{"allow":["GET"]}}],"collection":[{"href":"http:\/\/www.korhanyilmaz.com\/index.php?rest_route=\/wp\/v2\/posts"}],"about":[{"href":"http:\/\/www.korhanyilmaz.com\/index.php?rest_route=\/wp\/v2\/types\/post"}],"author":[{"embeddable":true,"href":"http:\/\/www.korhanyilmaz.com\/index.php?rest_route=\/wp\/v2\/users\/1"}],"replies":[{"embeddable":true,"href":"http:\/\/www.korhanyilmaz.com\/index.php?rest_route=%2Fwp%2Fv2%2Fcomments&post=40303"}],"version-history":[{"count":0,"href":"http:\/\/www.korhanyilmaz.com\/index.php?rest_route=\/wp\/v2\/posts\/40303\/revisions"}],"wp:attachment":[{"href":"http:\/\/www.korhanyilmaz.com\/index.php?rest_route=%2Fwp%2Fv2%2Fmedia&parent=40303"}],"wp:term":[{"taxonomy":"category","embeddable":true,"href":"http:\/\/www.korhanyilmaz.com\/index.php?rest_route=%2Fwp%2Fv2%2Fcategories&post=40303"},{"taxonomy":"post_tag","embeddable":true,"href":"http:\/\/www.korhanyilmaz.com\/index.php?rest_route=%2Fwp%2Fv2%2Ftags&post=40303"}],"curies":[{"name":"wp","href":"https:\/\/api.w.org\/{rel}","templated":true}]}}