{"id":40299,"date":"2011-09-28T08:22:04","date_gmt":"2011-09-28T05:22:04","guid":{"rendered":"http:\/\/www.korhanyilmaz.com\/?p=40299"},"modified":"2011-09-28T10:07:57","modified_gmt":"2011-09-28T07:07:57","slug":"deniz-feneri-e-v-savcilarina-hsykdan-kovusturma-izni","status":"publish","type":"post","link":"http:\/\/www.korhanyilmaz.com\/?p=40299","title":{"rendered":"Deniz Feneri e.V savc\u0131lar\u0131na HSYK\u2019dan kovu\u015fturma izni"},"content":{"rendered":"<p style=\"text-align: center;\"><a href=\"http:\/\/www.korhanyilmaz.com\/wp-content\/uploads\/2011\/09\/7050.jpg\"  class=\"lightview\"><img loading=\"lazy\" decoding=\"async\" class=\"aligncenter  wp-image-40300\" src=\"http:\/\/www.korhanyilmaz.com\/wp-content\/uploads\/2011\/09\/7050.jpg\" alt=\"\" width=\"414\" height=\"119\" \/><\/a><\/p>\n<p style=\"text-align: justify;\">Hakimler ve Savc\u0131lar Y\u00fcksek Kurulu (HSYK) 2\u2019nci Dairesi, Deniz Feneri e.V ba\u011flant\u0131l\u0131 soru\u015fturmay\u0131 y\u00fcr\u00fct\u00fcrken g\u00f6revden al\u0131nan Cumhuriyet savc\u0131lar\u0131 Nadi T\u00fcrkaslan, Abdulvahap Yaren ve Mehmet Tam\u00f6z hakk\u0131nda kovu\u015fturma izni verdi.\u00a0<!--more--><\/p>\n<p style=\"text-align: justify;\">Bu kararla savc\u0131lara yarg\u0131lanma yolu da a\u00e7\u0131lm\u0131\u015f oldu. Karar, Sincan Ba\u015fsavc\u0131l\u0131\u011f\u0131\u2019na g\u00f6nderilecek. Su\u00e7lama, \u201cevrakta tahrifat\u201d olarak belirlenirse savc\u0131lar, Yarg\u0131tay\u2019\u0131n 11\u2019inci Ceza Dairesi\u2019nde; \u201cyetkiyi k\u00f6t\u00fcye kullanma\u201d olarak belirlenirse Yarg\u0131tay\u2019\u0131n 4\u2019\u00fcnc\u00fc Ceza Dairesi\u2019nde yarg\u0131lama yap\u0131lacak. HSYK 2\u2019nci Dairesi\u2019nin bu karar\u0131na kar\u015f\u0131 T\u00fcrkaslan, Yaren ve Tam\u00f6z, 10 g\u00fcn i\u00e7inde yeniden inceleme talebinde bulunabilecek.<\/p>\n<p style=\"text-align: justify;\"><a href=\"http:\/\/www.hurriyet.com.tr\/gundem\/18846431.asp\" target=\"_blank\">Kaynak : H\u00fcrriyet.com.tr<\/a><\/p>\n","protected":false},"excerpt":{"rendered":"<p style=\"text-align: center;\">\n<p style=\"text-align: justify;\">Hakimler ve Savc\u0131lar Y\u00fcksek Kurulu (HSYK) 2\u2019nci Dairesi, Deniz Feneri e.V ba\u011flant\u0131l\u0131 soru\u015fturmay\u0131 y\u00fcr\u00fct\u00fcrken g\u00f6revden al\u0131nan Cumhuriyet savc\u0131lar\u0131 Nadi T\u00fcrkaslan, Abdulvahap Yaren ve Mehmet Tam\u00f6z hakk\u0131nda kovu\u015fturma izni verdi. <\/p>\n","protected":false},"author":1,"featured_media":0,"comment_status":"open","ping_status":"open","sticky":false,"template":"","format":"standard","meta":{"footnotes":""},"categories":[105],"tags":[],"class_list":["post-40299","post","type-post","status-publish","format-standard","hentry","category-gundem","odd"],"_links":{"self":[{"href":"http:\/\/www.korhanyilmaz.com\/index.php?rest_route=\/wp\/v2\/posts\/40299","targetHints":{"allow":["GET"]}}],"collection":[{"href":"http:\/\/www.korhanyilmaz.com\/index.php?rest_route=\/wp\/v2\/posts"}],"about":[{"href":"http:\/\/www.korhanyilmaz.com\/index.php?rest_route=\/wp\/v2\/types\/post"}],"author":[{"embeddable":true,"href":"http:\/\/www.korhanyilmaz.com\/index.php?rest_route=\/wp\/v2\/users\/1"}],"replies":[{"embeddable":true,"href":"http:\/\/www.korhanyilmaz.com\/index.php?rest_route=%2Fwp%2Fv2%2Fcomments&post=40299"}],"version-history":[{"count":0,"href":"http:\/\/www.korhanyilmaz.com\/index.php?rest_route=\/wp\/v2\/posts\/40299\/revisions"}],"wp:attachment":[{"href":"http:\/\/www.korhanyilmaz.com\/index.php?rest_route=%2Fwp%2Fv2%2Fmedia&parent=40299"}],"wp:term":[{"taxonomy":"category","embeddable":true,"href":"http:\/\/www.korhanyilmaz.com\/index.php?rest_route=%2Fwp%2Fv2%2Fcategories&post=40299"},{"taxonomy":"post_tag","embeddable":true,"href":"http:\/\/www.korhanyilmaz.com\/index.php?rest_route=%2Fwp%2Fv2%2Ftags&post=40299"}],"curies":[{"name":"wp","href":"https:\/\/api.w.org\/{rel}","templated":true}]}}