{"id":40295,"date":"2011-09-28T07:22:58","date_gmt":"2011-09-28T04:22:58","guid":{"rendered":"http:\/\/www.korhanyilmaz.com\/?p=40295"},"modified":"2011-09-28T10:02:54","modified_gmt":"2011-09-28T07:02:54","slug":"pkk-5-ogretmeni-kacirdi","status":"publish","type":"post","link":"http:\/\/www.korhanyilmaz.com\/?p=40295","title":{"rendered":"PKK 5 \u00f6\u011fretmeni ka\u00e7\u0131rd\u0131"},"content":{"rendered":"<p style=\"text-align: center;\"><a href=\"http:\/\/www.korhanyilmaz.com\/wp-content\/uploads\/2011\/09\/7049.jpg\"  class=\"lightview\"><img loading=\"lazy\" decoding=\"async\" class=\"aligncenter  wp-image-40296\" src=\"http:\/\/www.korhanyilmaz.com\/wp-content\/uploads\/2011\/09\/7049.jpg\" alt=\"\" width=\"320\" height=\"212\" \/><\/a><\/p>\n<p style=\"text-align: justify;\">PKK&#8217;l\u0131 ter\u00f6ristler Elaz\u0131\u011f&#8217;da 4, Diyarbak\u0131r&#8217;da 1 \u00f6\u011fretmeni ka\u00e7\u0131rd\u0131. Ayr\u0131ca Tunceli&#8217;de de bir korucu ka\u00e7\u0131r\u0131ld\u0131.<\/p>\n<p style=\"text-align: justify;\">PKK\u2019l\u0131 ter\u00f6ristlerin bu seferki hedefi \u00f6\u011fretmenler oldu. Elaz\u0131\u011f&#8217;\u0131n Ar\u0131cak il\u00e7esinde 4, Diyarabak\u0131r\u2019da ise 1 \u00f6\u011fretmen ka\u00e7\u0131r\u0131ld\u0131.<!--more--><\/p>\n<p style=\"text-align: justify;\">Elaz\u0131\u011f&#8217;daki olay, Ar\u0131cak \u0130l\u00e7esi\u2019nden Yo\u011funbilek K\u00f6y\u00fc&#8217;ne giden servis arac\u0131n\u0131n durudurulmas\u0131 sonucu ger\u00e7ekle\u015fti. PKK&#8217;l\u0131 ter\u00f6ristler, ak\u015fam saatlerinde durdurduklar\u0131 ara\u00e7taki 4 kad\u0131n \u00f6\u011fretmeni serbest b\u0131rak\u0131rken 3 erkek \u00f6\u011fretmeni ka\u00e7\u0131rd\u0131.<\/p>\n<p style=\"text-align: justify;\">Bir di\u011fer ka\u00e7\u0131rma olay\u0131 ise Diyarbak\u0131r&#8217;da oldu. D\u00fcn gece saatlerinde Hazro \u0130l\u00e7esi \u00c7itlibah\u00e7e K\u00f6y\u00fc ilk\u00f6\u011fretim okulu lojman\u0131na giden bir grup ter\u00f6rist, \u00f6\u011fretmen Ahmet \u00dcr\u00fcn&#8217;\u00fc ka\u00e7\u0131rd\u0131.<\/p>\n<p style=\"text-align: justify;\">Elaz\u0131\u011f Valili\u011finden olayla ilgili yaz\u0131l\u0131 a\u00e7\u0131klama geldi.<\/p>\n<p style=\"text-align: justify;\">A\u00e7\u0131klamada, Ar\u0131cak il\u00e7esine ba\u011fl\u0131 Yo\u011funbilek K\u00f6y\u00fc \u0130lk\u00f6\u011fretim Okulunda g\u00f6rev yapan ve il\u00e7e merkezinde ikamet edip minib\u00fcs ile okullar\u0131na geli\u015f gidi\u015f yapan 8 \u00f6\u011fretmen ile minib\u00fcs \u015fof\u00f6r\u00fcn\u00fcn, saat 17.10 s\u0131ralar\u0131nda okuldan \u00e7\u0131k\u0131p ara\u00e7lar\u0131na bindikleri esnada civarda sivil olarak bulunup \u00f6\u011fretmenleri g\u00f6zleyen 4 ki\u015filik b\u00f6l\u00fcc\u00fc ter\u00f6r \u00f6rg\u00fct\u00fc mensubunca Yo\u011funbilek, G\u00fcndo\u011fdu, \u00c7evrecik k\u00f6yleri g\u00fczergah\u0131nda ka\u00e7\u0131r\u0131ld\u0131klar\u0131n\u0131n telefon ihbar\u0131 ile \u00f6\u011frenildi\u011fi kaydedildi.<\/p>\n<p style=\"text-align: justify;\">Saat 18.00 s\u0131ralar\u0131nda ka\u00e7\u0131r\u0131lan ki\u015filerden \u00d6zge Akman, Ay\u015fe Harkt\u0131, Hadice O\u011fuz, Sevilay Y\u0131lmaz adl\u0131 bayan \u00f6\u011fretmenler ile minib\u00fcs \u015fof\u00f6r\u00fc Ali Eren&#8217;in ara\u00e7 ile birlikte \u00c7evrecik k\u00f6y\u00fc g\u00fcneyinde ter\u00f6r \u00f6rg\u00fct\u00fc mensuplar\u0131nca serbest b\u0131rak\u0131ld\u0131\u011f\u0131 belirtilen a\u00e7\u0131klamada, tamam\u0131 Elaz\u0131\u011f n\u00fcfusuna kay\u0131tl\u0131 erkek \u00f6\u011fretmenlerin Diyarbak\u0131r ili s\u0131n\u0131rlar\u0131 i\u00e7erisinde kalan G\u00f6rese Da\u011f\u0131 istikametinde yaya olarak g\u00f6t\u00fcr\u00fcld\u00fckleri bilgisinin al\u0131nd\u0131\u011f\u0131 belirtildi.<\/p>\n<p style=\"text-align: justify;\">Serbest b\u0131rak\u0131lan bayan \u00f6\u011fretmenler ile minib\u00fcs \u015fof\u00f6r\u00fcn\u00fcn saat 18.40 s\u0131ralar\u0131nda Ar\u0131cak il\u00e7e merkezine intikal ettikleri bildirildi. Ka\u00e7\u0131r\u0131lan \u00f6\u011fretmenlerin G\u00f6khan Y\u0131ld\u0131z, Abdullah Karan, \u0130rfan Sar\u0131kaya ve \u0130smail Y\u00fccel (vekil \u00f6\u011fretmen) oldu\u011fu a\u00e7\u0131kland\u0131.<\/p>\n<p style=\"text-align: justify;\"><strong>KORUCU KA\u00c7IRILDI<\/strong><\/p>\n<p style=\"text-align: justify;\">\u00d6te yandan bir ka\u00e7\u0131rma haberi de ak\u015fam saatlerinde Tunceli\u2019den geldi. P\u00fcl\u00fcm\u00fcr&#8217;de ter\u00f6ristler bir k\u00f6y korucusunu ka\u00e7\u0131rd\u0131, 5 arac\u0131 da gasp etti.<\/p>\n<p style=\"text-align: justify;\"><strong>Y\u00dcKSEKOVA&#8217;DA S\u0130LAHLI SALDIRI<\/strong><\/p>\n<p style=\"text-align: justify;\">Bu arada Hakkari&#8217;nin Y\u00fcksekova il\u00e7esinde, \u00f6\u011fretmen e\u015fini ziyarete gelen ki\u015fi, kimli\u011fi hen\u00fcz belirlenemeyen ki\u015fi ya da ki\u015filerce d\u00fczenlenen silahl\u0131 sald\u0131r\u0131da ya\u015fam\u0131n\u0131 yitirdi. Olayda bir kad\u0131n \u00f6\u011fretmen yaraland\u0131.<\/p>\n<p style=\"text-align: justify;\">Hakkari Valisi Muammer T\u00fcrker, il\u00e7e merkezinde 2&#8217;si kad\u0131n 3 ki\u015finin kimli\u011fi hen\u00fcz belirlenemeyen ki\u015fi veya ki\u015filerin silahl\u0131 sald\u0131r\u0131s\u0131na u\u011frad\u0131\u011f\u0131n\u0131, sald\u0131r\u0131da Y\u00fcksekova&#8217;ya atanan \u00f6\u011fretmen e\u015fini ziyarete gelen ki\u015finin ya\u015fam\u0131n\u0131 yitirdi\u011fini, \u00e7iftin yan\u0131nda bulunan ve Y\u00fcksekova Halk e\u011fitim merkezinde g\u00f6rev yapan bir kad\u0131n \u00f6\u011fretmenin de yaraland\u0131\u011f\u0131n\u0131 bildirdi.<\/p>\n<p style=\"text-align: justify;\">Yaral\u0131 \u00f6\u011fretmenin Y\u00fcksekova Devlet Hastanesinde tedavi alt\u0131na al\u0131nd\u0131\u011f\u0131 \u00f6\u011frenildi. Olay\u0131n ard\u0131ndan il\u00e7ede geni\u015f g\u00fcvenlik \u00f6nlemleri al\u0131nd\u0131.<\/p>\n<p style=\"text-align: justify;\"><a href=\"http:\/\/www.radikal.com.tr\/Radikal.aspx?aType=RadikalDetayV3&amp;ArticleID=1064659&amp;Date=28.09.2011&amp;CategoryID=77\" target=\"_blank\">Kaynak : Radikal.com.tr<\/a><\/p>\n","protected":false},"excerpt":{"rendered":"<p style=\"text-align: center;\">\n<p style=\"text-align: justify;\">PKK&#8217;l\u0131 ter\u00f6ristler Elaz\u0131\u011f&#8217;da 4, Diyarbak\u0131r&#8217;da 1 \u00f6\u011fretmeni ka\u00e7\u0131rd\u0131. Ayr\u0131ca Tunceli&#8217;de de bir korucu ka\u00e7\u0131r\u0131ld\u0131.<\/p>\n<p style=\"text-align: justify;\">PKK\u2019l\u0131 ter\u00f6ristlerin bu seferki hedefi \u00f6\u011fretmenler oldu. Elaz\u0131\u011f&#8217;\u0131n Ar\u0131cak il\u00e7esinde 4, Diyarabak\u0131r\u2019da ise 1 \u00f6\u011fretmen ka\u00e7\u0131r\u0131ld\u0131.<\/p>\n","protected":false},"author":1,"featured_media":0,"comment_status":"open","ping_status":"open","sticky":false,"template":"","format":"standard","meta":{"footnotes":""},"categories":[105],"tags":[],"class_list":["post-40295","post","type-post","status-publish","format-standard","hentry","category-gundem","odd"],"_links":{"self":[{"href":"http:\/\/www.korhanyilmaz.com\/index.php?rest_route=\/wp\/v2\/posts\/40295","targetHints":{"allow":["GET"]}}],"collection":[{"href":"http:\/\/www.korhanyilmaz.com\/index.php?rest_route=\/wp\/v2\/posts"}],"about":[{"href":"http:\/\/www.korhanyilmaz.com\/index.php?rest_route=\/wp\/v2\/types\/post"}],"author":[{"embeddable":true,"href":"http:\/\/www.korhanyilmaz.com\/index.php?rest_route=\/wp\/v2\/users\/1"}],"replies":[{"embeddable":true,"href":"http:\/\/www.korhanyilmaz.com\/index.php?rest_route=%2Fwp%2Fv2%2Fcomments&post=40295"}],"version-history":[{"count":0,"href":"http:\/\/www.korhanyilmaz.com\/index.php?rest_route=\/wp\/v2\/posts\/40295\/revisions"}],"wp:attachment":[{"href":"http:\/\/www.korhanyilmaz.com\/index.php?rest_route=%2Fwp%2Fv2%2Fmedia&parent=40295"}],"wp:term":[{"taxonomy":"category","embeddable":true,"href":"http:\/\/www.korhanyilmaz.com\/index.php?rest_route=%2Fwp%2Fv2%2Fcategories&post=40295"},{"taxonomy":"post_tag","embeddable":true,"href":"http:\/\/www.korhanyilmaz.com\/index.php?rest_route=%2Fwp%2Fv2%2Ftags&post=40295"}],"curies":[{"name":"wp","href":"https:\/\/api.w.org\/{rel}","templated":true}]}}