{"id":40288,"date":"2011-09-27T19:05:02","date_gmt":"2011-09-27T16:05:02","guid":{"rendered":"http:\/\/www.korhanyilmaz.com\/?p=40288"},"modified":"2011-09-27T19:28:49","modified_gmt":"2011-09-27T16:28:49","slug":"bu-gorusmeleri-kimlerle-ne-zaman-yapti","status":"publish","type":"post","link":"http:\/\/www.korhanyilmaz.com\/?p=40288","title":{"rendered":"&#8216;Bu g\u00f6r\u00fc\u015fmeleri kimlerle, ne zaman yapt\u0131?&#8217;"},"content":{"rendered":"<p style=\"text-align: center;\"><a href=\"http:\/\/www.korhanyilmaz.com\/wp-content\/uploads\/2011\/09\/7047.jpg\"  class=\"lightview\"><img loading=\"lazy\" decoding=\"async\" class=\"aligncenter  wp-image-40289\" src=\"http:\/\/www.korhanyilmaz.com\/wp-content\/uploads\/2011\/09\/7047.jpg\" alt=\"\" width=\"420\" height=\"210\" \/><\/a><\/p>\n<p style=\"text-align: justify;\">CHP Genel Ba\u015fkan\u0131 Kemal K\u0131l\u0131\u00e7daro\u011flu, kendisinin ter\u00f6rle m\u00fccadelede akil adamlar \u00f6nerisiyle ilgili olarak Ba\u015fbakan Recep Tayyip Erdo\u011fan\u2019\u0131n, &#8220;birtak\u0131m g\u00f6r\u00fc\u015fmelerin yap\u0131ld\u0131\u011f\u0131, ad\u0131mlar\u0131n at\u0131ld\u0131\u011f\u0131&#8221; yolundaki s\u00f6zlerine ili\u015fkin, &#8220;Say\u0131n Ba\u015fbakan\u2019a soral\u0131m; bu g\u00f6r\u00fc\u015fmeleri kimlerle, ne zaman yapt\u0131, hangi sonu\u00e7lara ula\u015ft\u0131, bizim bilmemiz gerekiyor&#8221; dedi.\u00a0<!--more--><\/p>\n<p style=\"text-align: justify;\">K\u0131l\u0131\u00e7daro\u011flu, partisinin \u0130stanbul\u2019daki belediye ba\u015fkanlar\u0131 ile Atak\u00f6y\u2019deki Sheraton Oteli\u2019nde bir araya geldi. 3 saat s\u00fcren toplant\u0131 bas\u0131na kapal\u0131 ger\u00e7ekle\u015ftirildi.<\/p>\n<p style=\"text-align: justify;\">Toplant\u0131n\u0131n ard\u0131ndan gazetecilerin sorular\u0131n\u0131 yan\u0131tlayan K\u0131l\u0131\u00e7daro\u011flu, belediye ba\u015fkanlar\u0131yla g\u00fczel bir \u00e7al\u0131\u015fma yapt\u0131klar\u0131n\u0131, belediye ba\u015fkanlar\u0131n\u0131n\u00a0projelerini, ge\u00e7mi\u015fte yapt\u0131klar\u0131n\u0131, bundan sonra yapacaklar\u0131n\u0131 ve kar\u015f\u0131la\u015ft\u0131klar\u0131 zorluklar\u0131 anlatt\u0131klar\u0131n\u0131 s\u00f6yledi.<\/p>\n<p style=\"text-align: justify;\">K\u0131l\u0131\u00e7daro\u011flu, belediye ba\u015fkanlar\u0131n\u0131n, &#8220;\u00f6zellikle iktidar kanad\u0131ndan ciddi bask\u0131lar g\u00f6rd\u00fcklerini, baz\u0131 projelerinin engellendi\u011fini&#8221; ifade etti\u011fini\u00a0belirterek, &#8220;Biz CHP olarak belediye ba\u015fkanlar\u0131m\u0131za g\u00fcveniyoruz. Onlar, sosyal demokrat partinin yapmas\u0131 gereken sosyal uygulamalar\u0131n t\u00fcm\u00fcn\u00fc ba\u015far\u0131yla\u00a0yap\u0131yorlar. Umuyorum ba\u015far\u0131lar\u0131n\u0131 bundan sonra da s\u00fcrd\u00fcr\u00fcrler&#8221; dedi.<\/p>\n<p style=\"text-align: justify;\">Bir gazetecinin, \u0130stanbul il te\u015fkilat\u0131yla ilgili s\u0131k\u0131nt\u0131lar\u0131n ya\u015fand\u0131\u011f\u0131 y\u00f6n\u00fcnde duyumlar\u0131n oldu\u011funa ili\u015fkin sorusuna K\u0131l\u0131\u00e7daro\u011flu, &#8220;Herhangi bir sorunumuz yok. Zaten il ba\u015fkan\u0131m\u0131z da buradayd\u0131. \u00d6rg\u00fctle belediye farkl\u0131 alanlar.<\/p>\n<p style=\"text-align: justify;\">Belediye ba\u015fkanlar\u0131 bulunduklar\u0131 belediyeye, beldeye hizmet edecekler. Varsa vatanda\u015flar\u0131n sorunlar\u0131, o sorunlarla ilgilenecekler. O konuda da zaten bir g\u00f6r\u00fc\u015f\u00a0ayr\u0131l\u0131\u011f\u0131m\u0131z s\u00f6z konusu de\u011fil&#8221; kar\u015f\u0131l\u0131\u011f\u0131n\u0131 verdi.<\/p>\n<p style=\"text-align: justify;\">AK Parti\u2019nin yeni anayasa \u00e7al\u0131\u015fmalar\u0131 i\u00e7in di\u011fer partilere g\u00f6nderdi\u011fi mektuba CHP\u2019nin cevab\u0131n\u0131n ne olaca\u011f\u0131 sorusuna kar\u015f\u0131l\u0131k K\u0131l\u0131\u00e7daro\u011flu, &#8220;Adalet ve\u00a0Kalk\u0131nma Partisi\u2019nden g\u00f6r\u00fc\u015f bildirmek \u00fczere randevu talep eden arkada\u015flara randevu verece\u011fiz. Bizim arkada\u015flar da g\u00f6r\u00fc\u015fecekler&#8221; dedi.<\/p>\n<p style=\"text-align: justify;\">S\u0131n\u0131r \u00f6tesi operasyon konusunda h\u00fck\u00fcmete verilen yetkiyi bir y\u0131l daha uzatan tezkereye ili\u015fkin soru \u00fczerine K\u0131l\u0131\u00e7daro\u011flu, &#8220;Tezkere sonras\u0131 herhalde h\u00fck\u00fcmet kanad\u0131 a\u00e7\u0131klama yapacakt\u0131r. Bug\u00fcne kadar b\u00fct\u00fcn siyasi partiler tezkereye destek verdi. Biz de destek verece\u011fiz&#8221; \u015feklinde konu\u015ftu.<\/p>\n<p style=\"text-align: justify;\">K\u0131l\u0131\u00e7daro\u011flu, ter\u00f6rle m\u00fccadelede akil adamlar \u00f6nerisiyle ilgili Ba\u015fbakan Erdo\u011fan\u2019\u0131n, birtak\u0131m g\u00f6r\u00fc\u015fmeler yap\u0131ld\u0131\u011f\u0131, ad\u0131mlar\u0131n at\u0131ld\u0131\u011f\u0131 yolundaki s\u00f6zlerine\u00a0ili\u015fkin de \u015funlar\u0131 kaydetti:<\/p>\n<p style=\"text-align: justify;\">&#8220;Say\u0131n Ba\u015fbakan\u2019\u0131n \u2019Biz o g\u00f6r\u00fc\u015fmeleri daha \u00f6nce yapm\u0131\u015ft\u0131k\u2019 diye bir a\u00e7\u0131klamas\u0131 oldu. Sizin \u00f6n\u00fcn\u00fczde Say\u0131n Ba\u015fbakan\u2019a soral\u0131m; bu g\u00f6r\u00fc\u015fmeleri kimlerle, ne zaman yapt\u0131, hangi sonu\u00e7lara ula\u015ft\u0131, bizim bilmemiz gerekiyor. Bir\u00a0ba\u015fka \u015feye daha ihtiyac\u0131m\u0131z var. Say\u0131n \u015eerafettin El\u00e7i\u2019nin a\u00e7\u0131klamalar\u0131 yay\u0131nland\u0131. Acaba Say\u0131n Ba\u015fbakan o konuda neler d\u00fc\u015f\u00fcn\u00fcyor.&#8221;<\/p>\n<p style=\"text-align: justify;\">Toplant\u0131ya, CHP Genel Ba\u015fkan Yard\u0131mc\u0131lar\u0131 G\u00fcrsel Tekin ve G\u00f6khan G\u00fcnayd\u0131n ile CHP \u0130stanbul \u0130l Ba\u015fkan\u0131 O\u011fuz Kaan Sal\u0131c\u0131 da kat\u0131ld\u0131.<\/p>\n<p style=\"text-align: justify;\"><a href=\"http:\/\/haber.gazetevatan.com\/bu-gorusmeleri-kimlerle-ne-zaman-yapti\/402220\/9\/Siyaset\" target=\"_blank\">Kaynak : VATAN Gazetesi<\/a><\/p>\n","protected":false},"excerpt":{"rendered":"<p style=\"text-align: center;\">\n<p style=\"text-align: justify;\">CHP Genel Ba\u015fkan\u0131 Kemal K\u0131l\u0131\u00e7daro\u011flu, kendisinin ter\u00f6rle m\u00fccadelede akil adamlar \u00f6nerisiyle ilgili olarak Ba\u015fbakan Recep Tayyip Erdo\u011fan\u2019\u0131n, &#8220;birtak\u0131m g\u00f6r\u00fc\u015fmelerin yap\u0131ld\u0131\u011f\u0131, ad\u0131mlar\u0131n at\u0131ld\u0131\u011f\u0131&#8221; yolundaki s\u00f6zlerine ili\u015fkin, &#8220;Say\u0131n Ba\u015fbakan\u2019a soral\u0131m; bu g\u00f6r\u00fc\u015fmeleri kimlerle, ne zaman yapt\u0131, hangi sonu\u00e7lara ula\u015ft\u0131, bizim bilmemiz gerekiyor&#8221; dedi. <\/p>\n","protected":false},"author":1,"featured_media":0,"comment_status":"open","ping_status":"open","sticky":false,"template":"","format":"standard","meta":{"footnotes":""},"categories":[105],"tags":[],"class_list":["post-40288","post","type-post","status-publish","format-standard","hentry","category-gundem","odd"],"_links":{"self":[{"href":"http:\/\/www.korhanyilmaz.com\/index.php?rest_route=\/wp\/v2\/posts\/40288","targetHints":{"allow":["GET"]}}],"collection":[{"href":"http:\/\/www.korhanyilmaz.com\/index.php?rest_route=\/wp\/v2\/posts"}],"about":[{"href":"http:\/\/www.korhanyilmaz.com\/index.php?rest_route=\/wp\/v2\/types\/post"}],"author":[{"embeddable":true,"href":"http:\/\/www.korhanyilmaz.com\/index.php?rest_route=\/wp\/v2\/users\/1"}],"replies":[{"embeddable":true,"href":"http:\/\/www.korhanyilmaz.com\/index.php?rest_route=%2Fwp%2Fv2%2Fcomments&post=40288"}],"version-history":[{"count":0,"href":"http:\/\/www.korhanyilmaz.com\/index.php?rest_route=\/wp\/v2\/posts\/40288\/revisions"}],"wp:attachment":[{"href":"http:\/\/www.korhanyilmaz.com\/index.php?rest_route=%2Fwp%2Fv2%2Fmedia&parent=40288"}],"wp:term":[{"taxonomy":"category","embeddable":true,"href":"http:\/\/www.korhanyilmaz.com\/index.php?rest_route=%2Fwp%2Fv2%2Fcategories&post=40288"},{"taxonomy":"post_tag","embeddable":true,"href":"http:\/\/www.korhanyilmaz.com\/index.php?rest_route=%2Fwp%2Fv2%2Ftags&post=40288"}],"curies":[{"name":"wp","href":"https:\/\/api.w.org\/{rel}","templated":true}]}}