{"id":40285,"date":"2011-09-27T11:49:21","date_gmt":"2011-09-27T08:49:21","guid":{"rendered":"http:\/\/www.korhanyilmaz.com\/?p=40285"},"modified":"2011-09-27T19:25:20","modified_gmt":"2011-09-27T16:25:20","slug":"liberman-erdogani-hedef-gosterdi","status":"publish","type":"post","link":"http:\/\/www.korhanyilmaz.com\/?p=40285","title":{"rendered":"Liberman Erdo\u011fan&#8217;\u0131 hedef g\u00f6sterdi"},"content":{"rendered":"<p style=\"text-align: center;\"><a href=\"http:\/\/www.korhanyilmaz.com\/wp-content\/uploads\/2011\/09\/7046.jpg\"  class=\"lightview\"><img loading=\"lazy\" decoding=\"async\" class=\"aligncenter  wp-image-40286\" src=\"http:\/\/www.korhanyilmaz.com\/wp-content\/uploads\/2011\/09\/7046.jpg\" alt=\"\" width=\"336\" height=\"223\" \/><\/a><\/p>\n<p style=\"text-align: justify;\">Ba\u015fbakan Erdo\u011fan&#8217;\u0131n Amerikan medyas\u0131nada verdi\u011fi deme\u00e7lere, \u0130srail&#8217;den b\u00fcy\u00fck tepki geldi. \u0130srail Ba\u015fbakan\u0131 Netanyahu ve T\u00fcrkiye kar\u015f\u0131t\u0131 s\u00f6ylemleriyle dikkat \u00e7eken D\u0131\u015fi\u015fleri Bakan\u0131 Lieberman&#8217;dan Erdo\u011fan&#8217;a sert tepki geldi.<\/p>\n<p style=\"text-align: justify;\">Ba\u015fbakan Erdo\u011fan&#8217;\u0131n, Amerikan medyas\u0131na verdi\u011fi deme\u00e7lerde, \u0130srail&#8217;e y\u00f6nelik ele\u015ftirilerini s\u00fcrd\u00fcrmesi, \u0130srail h\u00fck\u00fcmetinin tepkisine neden oldu. Ba\u015fbakan Netanyahu, Erdo\u011fan&#8217;\u0131 k\u0131\u015fk\u0131rt\u0131c\u0131l\u0131kla su\u00e7larken, D\u0131\u015fi\u015fleri Bakan\u0131 Lieberman da Ba\u015fbakan&#8217;\u0131n, \u0130srail kar\u015f\u0131t\u0131 a\u00e7\u0131klamalar\u0131n\u0131 ter\u00f6re destek olarak tan\u0131mlad\u0131.\u00a0<!--more--><\/p>\n<p style=\"text-align: justify;\">Lieberman, Erdo\u011fan&#8217;\u0131n, \u0130srail i\u00e7in harika bir halkla ili\u015fkiler arac\u0131 oldu\u011funu da savundu. Netanyahu, Erdo\u011fan&#8217;\u0131n, \u0130srail i\u00e7in sarfetti\u011fi &#8220;hep onlar kurbanm\u0131\u015f gibi davran\u0131yor &#8221; s\u00f6z\u00fcn\u00fc ele\u015ftirdi.<\/p>\n<p style=\"text-align: justify;\"><strong>&#8216;ERDO\u011eAN KONU\u015eTUK\u00c7A \u0130SRA\u0130L&#8217;E DESTEK ARTIYOR&#8217;<\/strong><\/p>\n<p style=\"text-align: justify;\">Erdo\u011fan&#8217;a tepki g\u00f6steren bir di\u011fer isim de D\u0131\u015fi\u015fleri Bakan\u0131 Lieberman&#8217;d\u0131. Erdo\u011fan&#8217;\u0131n Amerikan CNN televizyonuna verdi\u011fi demecin \u0130srail i\u00e7in m\u00fckemmel bir f\u0131rsat oldu\u011funu belirten Lieberman, &#8220;halkla ili\u015fkiler \u00e7al\u0131\u015fmas\u0131 olarak t\u00fcm medya kurulu\u015flar\u0131n\u0131 sat\u0131n al\u0131r ve Erdo\u011fan&#8217;\u0131n gece g\u00fcnd\u00fcz konu\u015fmas\u0131n\u0131 sa\u011flard\u0131m. Her konu\u015ftu\u011funda \u0130srail devletine olan destek art\u0131yor&#8221; dedi.<\/p>\n<p style=\"text-align: justify;\">Lieberman, \u0130srail&#8217;in y\u0131llarca dost bir \u00fclke olan T\u00fcrkiye ile sorunu olmad\u0131\u011f\u0131n\u0131 belirtti, savunma ve ekonomi dahil pek \u00e7ok alanda T\u00fcrkiye ile ortak olduklar\u0131n\u0131 ve i\u015fbirli\u011fi yapt\u0131klar\u0131n\u0131 hat\u0131rlatt\u0131.<\/p>\n<p style=\"text-align: justify;\">Ba\u015fbakan Recep Tayyip Erdo\u011fan, BM Genel Kurulu \u00e7al\u0131\u015fmalar\u0131 s\u0131ras\u0131nda Amerikan CNN televizyonundaki a\u00e7\u0131klamalar\u0131nda s\u00fcrekli &#8220;Filistinliler&#8217;in \u0130srail halk\u0131n\u0131 devaml\u0131 bombalarla rahats\u0131z edip, \u00e7ok say\u0131da \u0130srail vatanda\u015f\u0131n\u0131n \u00f6ld\u00fcr\u00fcld\u00fc\u011f\u00fcn\u00fcn s\u00f6ylendi\u011fini&#8221; belirterek, &#8220;Bize Filistinliler&#8217;in att\u0131klar\u0131 f\u00fczelerle, bombalarla ka\u00e7 \u0130srailli \u00f6ld\u00fcr\u00fclm\u00fc\u015f, belgelesinler&#8221; demi\u015fti.<\/p>\n<p style=\"text-align: justify;\">&#8220;Y\u00fczlerce, binlerce, on binlerce Filistinli&#8217;nin \u00f6ld\u00fcr\u00fcld\u00fc\u011f\u00fc \u00e7ok a\u00e7\u0131k, net ortadad\u0131r. Sadece Gazze&#8217;de binlerce insan \u00f6ld\u00fcr\u00fcld\u00fc&#8221; diyen Ba\u015fbakan Erdo\u011fan, &#8220;\u0130srailliler&#8217;in, tarihteki bir soyk\u0131r\u0131m\u0131n arkas\u0131na s\u0131\u011f\u0131n\u0131p, bununla d\u00fcnyada kendilerini ma\u011fdur, mazlum konusuna soktuklar\u0131n\u0131&#8221; da vurgulam\u0131\u015ft\u0131.<\/p>\n<p style=\"text-align: justify;\"><strong>&#8216;SORUNUMUZ T\u00dcRK L\u0130DERL\u0130\u011e\u0130YLE&#8217;<\/strong><\/p>\n<p style=\"text-align: justify;\">&#8220;Sorunumuz T\u00fcrk liderli\u011fiyle, ter\u00f6r\u00fc besleyen ve destekleyen radikal ve a\u015f\u0131r\u0131 \u0130slamc\u0131 liderlikle&#8221; diyen \u0130srail D\u0131\u015fi\u015fleri Bakan\u0131, Ba\u015fbakan Erdo\u011fan&#8217;\u0131n Hamas&#8217;\u0131 desteklemesinin tesad\u00fcf olmad\u0131\u011f\u0131n\u0131 s\u00f6yledi.<\/p>\n<p style=\"text-align: justify;\"><strong>DEMOKRAS\u0130 G\u00d6NDERMES\u0130<\/strong><\/p>\n<p style=\"text-align: justify;\">Lieberman, T\u00fcrkiye&#8217;de 57 gazetecinin cezaevinde oldu\u011funu, \u0130ran&#8217;da bile bu say\u0131n\u0131n sadece 34 oldu\u011funu da i\u015faret ederek Erdo\u011fan&#8217;a demokrasi konusunda y\u00fcklendi.<\/p>\n<p style=\"text-align: justify;\"><strong>&#8216;ERDO\u011eAN&#8217;IN F\u0130L\u0130ST\u0130N KONUSUNDAK\u0130 SU\u00c7LAMALARI ASILSIZ&#8217;<\/strong><\/p>\n<p style=\"text-align: justify;\">Netanyahu, Erdo\u011fan&#8217;\u0131n BM Genel Kurulu \u00e7al\u0131\u015fmalar\u0131 s\u0131ras\u0131nda Yahudi Soyk\u0131r\u0131m\u0131 ve \u0130srail&#8217;in onbinlerce Filistinli&#8217;yi \u00f6ld\u00fcrd\u00fc\u011f\u00fc yolundaki s\u00f6zlerini cevapland\u0131r\u0131rken, &#8220;Bunlar, ger\u00e7eklerle uzaktan yak\u0131ndan hi\u00e7bir ilgisi bulunmayan \u00e7irkin su\u00e7lamalard\u0131r&#8221; ifadesini kulland\u0131.<\/p>\n<p style=\"text-align: justify;\">\u0130srail Ba\u015fbakanl\u0131\u011f\u0131&#8217;ndan yap\u0131lan a\u00e7\u0131klamaya g\u00f6re, Netanyahu, Ba\u015fbakan Erdo\u011fan&#8217;\u0131n s\u00f6zlerini &#8220;as\u0131ls\u0131z&#8221; ve &#8220;skandal&#8221; olarak de\u011ferlendirdi.<\/p>\n<p style=\"text-align: justify;\"><strong>&#8216;\u0130SRA\u0130L B\u0130NLERCE VATANDA\u015eINI KAYBETT\u0130&#8217;<\/strong><\/p>\n<p style=\"text-align: justify;\">&#8220;Bunlar, ger\u00e7ekle uzaktan yak\u0131ndan ilgisi olmayan \u00e7irkin su\u00e7lamalar. Soyk\u0131r\u0131m, tarihte bizim halk\u0131m\u0131za kar\u015f\u0131 i\u015flenmi\u015f en k\u00f6t\u00fc su\u00e7tur&#8221; ifadelerini kullanan Netanyahu, &#8220;\u0130srail&#8217;in Filistin ter\u00f6rizminden binlerce vatanda\u015f\u0131n\u0131 kaybetti\u011fi&#8221; d\u00fc\u015f\u00fcncesini dile getirdi.<\/p>\n<p style=\"text-align: justify;\"><a href=\"http:\/\/www.radikal.com.tr\/Radikal.aspx?aType=RadikalDetayV3&amp;ArticleID=1064579&amp;Date=27.09.2011&amp;CategoryID=81\" target=\"_blank\">Kaynak : Radikal.com.tr<\/a><\/p>\n","protected":false},"excerpt":{"rendered":"<p style=\"text-align: center;\">\n<p style=\"text-align: justify;\">Ba\u015fbakan Erdo\u011fan&#8217;\u0131n Amerikan medyas\u0131nada verdi\u011fi deme\u00e7lere, \u0130srail&#8217;den b\u00fcy\u00fck tepki geldi. \u0130srail Ba\u015fbakan\u0131 Netanyahu ve T\u00fcrkiye kar\u015f\u0131t\u0131 s\u00f6ylemleriyle dikkat \u00e7eken D\u0131\u015fi\u015fleri Bakan\u0131 Lieberman&#8217;dan Erdo\u011fan&#8217;a sert tepki geldi.<\/p>\n<p style=\"text-align: justify;\">Ba\u015fbakan Erdo\u011fan&#8217;\u0131n, Amerikan medyas\u0131na verdi\u011fi deme\u00e7lerde, \u0130srail&#8217;e y\u00f6nelik ele\u015ftirilerini s\u00fcrd\u00fcrmesi, \u0130srail h\u00fck\u00fcmetinin tepkisine neden oldu. Ba\u015fbakan Netanyahu, Erdo\u011fan&#8217;\u0131 k\u0131\u015fk\u0131rt\u0131c\u0131l\u0131kla su\u00e7larken, D\u0131\u015fi\u015fleri Bakan\u0131 <\/p>\n","protected":false},"author":1,"featured_media":0,"comment_status":"open","ping_status":"open","sticky":false,"template":"","format":"standard","meta":{"footnotes":""},"categories":[105],"tags":[],"class_list":["post-40285","post","type-post","status-publish","format-standard","hentry","category-gundem","odd"],"_links":{"self":[{"href":"http:\/\/www.korhanyilmaz.com\/index.php?rest_route=\/wp\/v2\/posts\/40285","targetHints":{"allow":["GET"]}}],"collection":[{"href":"http:\/\/www.korhanyilmaz.com\/index.php?rest_route=\/wp\/v2\/posts"}],"about":[{"href":"http:\/\/www.korhanyilmaz.com\/index.php?rest_route=\/wp\/v2\/types\/post"}],"author":[{"embeddable":true,"href":"http:\/\/www.korhanyilmaz.com\/index.php?rest_route=\/wp\/v2\/users\/1"}],"replies":[{"embeddable":true,"href":"http:\/\/www.korhanyilmaz.com\/index.php?rest_route=%2Fwp%2Fv2%2Fcomments&post=40285"}],"version-history":[{"count":0,"href":"http:\/\/www.korhanyilmaz.com\/index.php?rest_route=\/wp\/v2\/posts\/40285\/revisions"}],"wp:attachment":[{"href":"http:\/\/www.korhanyilmaz.com\/index.php?rest_route=%2Fwp%2Fv2%2Fmedia&parent=40285"}],"wp:term":[{"taxonomy":"category","embeddable":true,"href":"http:\/\/www.korhanyilmaz.com\/index.php?rest_route=%2Fwp%2Fv2%2Fcategories&post=40285"},{"taxonomy":"post_tag","embeddable":true,"href":"http:\/\/www.korhanyilmaz.com\/index.php?rest_route=%2Fwp%2Fv2%2Ftags&post=40285"}],"curies":[{"name":"wp","href":"https:\/\/api.w.org\/{rel}","templated":true}]}}