{"id":40281,"date":"2011-09-27T16:49:09","date_gmt":"2011-09-27T13:49:09","guid":{"rendered":"http:\/\/www.korhanyilmaz.com\/?p=40281"},"modified":"2011-09-27T19:15:03","modified_gmt":"2011-09-27T16:15:03","slug":"bu-kimsenin-yargici-olmak-istemeyenlerin-isyani","status":"publish","type":"post","link":"http:\/\/www.korhanyilmaz.com\/?p=40281","title":{"rendered":"&#8216;Bu kimsenin yarg\u0131c\u0131 olmak istemeyenlerin isyan\u0131!&#8217;"},"content":{"rendered":"<p style=\"text-align: justify;\"><a href=\"http:\/\/www.korhanyilmaz.com\/wp-content\/uploads\/2011\/09\/7045.jpg\"  class=\"lightview\"><img loading=\"lazy\" decoding=\"async\" class=\"aligncenter size-full wp-image-40282\" title=\"\" src=\"http:\/\/www.korhanyilmaz.com\/wp-content\/uploads\/2011\/09\/7045.jpg\" alt=\"\" width=\"320\" height=\"100\" \/><\/a><\/p>\n<p style=\"text-align: justify;\">CHP Grup Ba\u015fkanvekili Emine \u00dclker Tarhan, &#8220;\u0130ktidar odaklar\u0131n\u0131n yarg\u0131y\u0131 kendi \u00e7\u0131karlar\u0131 ve demokratik t\u00fcm denetim yollar\u0131n\u0131, muhalifleri, \u00f6zg\u00fcr bas\u0131n\u0131 ve ifade \u00f6zg\u00fcrl\u00fc\u011f\u00fcn\u00fc yok etmek i\u00e7in kulland\u0131klar\u0131 a\u015fikard\u0131r&#8221; dedi.<\/p>\n<p style=\"text-align: justify;\">Tarhan, yapt\u0131\u011f\u0131 yaz\u0131l\u0131 a\u00e7\u0131klamada, Yarg\u0131tay Tetkik Hakimli\u011fi\u2019nden istifa eden Celal \u00c7elik\u2019in istifa dilek\u00e7esindeki ifadelere yer verdi.\u00a0<!--more--><\/p>\n<p style=\"text-align: justify;\">&#8220;Bu istifan\u0131n yarg\u0131daki yang\u0131n\u0131n hangi a\u015famaya geldi\u011finin g\u00f6stergesi&#8221; oldu\u011funu ileri s\u00fcren Tarhan, &#8220;\u0130ktidar odaklar\u0131n\u0131n yarg\u0131y\u0131 kendi \u00e7\u0131karlar\u0131 ve demokratik t\u00fcm denetim yollar\u0131n\u0131, muhalifleri, \u00f6zg\u00fcr bas\u0131n\u0131 ve ifade \u00f6zg\u00fcrl\u00fc\u011f\u00fcn\u00fc yok etmek i\u00e7in kulland\u0131klar\u0131 a\u015fikard\u0131r&#8221; dedi.<\/p>\n<p style=\"text-align: justify;\">Tarhan, s\u0131n\u0131rs\u0131z ve mutlak bir iktidar i\u00e7in yarg\u0131y\u0131 kullanmak isteyenlerin, ba\u011f\u0131ms\u0131z yarg\u0131 ve yarg\u0131\u00e7lar\u0131n yerine koymak istedikleri ba\u015fka bir g\u00fc\u00e7 oldu\u011fu alg\u0131s\u0131n\u0131n giderek kamuoyunda g\u00fc\u00e7lendi\u011fini \u00f6ne s\u00fcrerek, a\u00e7\u0131klamas\u0131nda\u00a0\u015fu g\u00f6r\u00fc\u015fleri savundu:<\/p>\n<p style=\"text-align: justify;\">&#8220;Yarg\u0131n\u0131n bu duruma d\u00fc\u015fmesine ve majestelerinin hizmetkar\u0131 olmas\u0131na dayanamayan yarg\u0131\u00e7lar\u0131n da istifalar\u0131 g\u00fcndeme gelmektedir.<\/p>\n<p style=\"text-align: justify;\">Ceza yarg\u0131lamas\u0131na ait bir tedbir t\u00fcr\u00fc olan tutuklamay\u0131, \u015f\u00fcpheli ile aras\u0131ndaki bir hesapla\u015fma, karanl\u0131kta g\u00f6z k\u0131rpma operasyonuna d\u00f6n\u00fc\u015ft\u00fcren, yarg\u0131lanan herkese potansiyel ter\u00f6rist muamelesi yap\u0131p, \u2019sen su\u00e7unu bilirsin, yat i\u00e7erde\u2019 demek hakk\u0131n\u0131 kendinde g\u00f6ren, demokratik itiraz haklar\u0131n\u0131 kullananlara ter\u00f6rist yaftas\u0131 yap\u0131\u015ft\u0131r\u0131p, tutuklayan yarg\u0131 kimin hizmetkar\u0131d\u0131r? Yarg\u0131tayda blok oy uygulamas\u0131 ile yerel mahkemelerdeki t\u00fcm dosyalar\u0131n kaderini tek bir i\u015farete mahkum eden kimin yarg\u0131s\u0131d\u0131r?<\/p>\n<p style=\"text-align: justify;\">\u0130ktidara dokunan Deniz Feneri soru\u015fturmas\u0131nda su\u00e7u doland\u0131r\u0131c\u0131l\u0131k ve sahtecilikten \u00e7\u0131kart\u0131p, takibi \u015fikayete ba\u011fl\u0131 bir su\u00e7 olan g\u00fcveni k\u00f6t\u00fcye kullanmaya d\u00f6n\u00fc\u015ft\u00fcrmeye ve \u015fikayet\u00e7isi de bulunmad\u0131\u011f\u0131ndan bu \u015fekilde dosyay\u0131 kapatmaya \u00e7al\u0131\u015ft\u0131\u011f\u0131 anla\u015f\u0131lan kimin yarg\u0131s\u0131d\u0131r?<\/p>\n<p style=\"text-align: justify;\">\u0130\u015fte kimsenin yarg\u0131c\u0131 olmak istemeyenlerin isyan\u0131d\u0131r bu istifa ve anla\u015f\u0131lan devam\u0131 gelecektir.&#8221;<\/p>\n<p style=\"text-align: justify;\"><a href=\"http:\/\/haber.gazetevatan.com\/Haber\/402190\/1\/Gundem\" target=\"_blank\">Kaynak : VATAN Gazetesi<\/a><\/p>\n","protected":false},"excerpt":{"rendered":"<p style=\"text-align: justify;\">\n<p style=\"text-align: justify;\">CHP Grup Ba\u015fkanvekili Emine \u00dclker Tarhan, &#8220;\u0130ktidar odaklar\u0131n\u0131n yarg\u0131y\u0131 kendi \u00e7\u0131karlar\u0131 ve demokratik t\u00fcm denetim yollar\u0131n\u0131, muhalifleri, \u00f6zg\u00fcr bas\u0131n\u0131 ve ifade \u00f6zg\u00fcrl\u00fc\u011f\u00fcn\u00fc yok etmek i\u00e7in kulland\u0131klar\u0131 a\u015fikard\u0131r&#8221; dedi.<\/p>\n<p style=\"text-align: justify;\">Tarhan, yapt\u0131\u011f\u0131 yaz\u0131l\u0131 a\u00e7\u0131klamada, Yarg\u0131tay Tetkik Hakimli\u011fi\u2019nden istifa eden Celal \u00c7elik\u2019in istifa dilek\u00e7esindeki ifadelere yer verdi. <\/p>\n","protected":false},"author":1,"featured_media":0,"comment_status":"open","ping_status":"open","sticky":false,"template":"","format":"standard","meta":{"footnotes":""},"categories":[105],"tags":[],"class_list":["post-40281","post","type-post","status-publish","format-standard","hentry","category-gundem","odd"],"_links":{"self":[{"href":"http:\/\/www.korhanyilmaz.com\/index.php?rest_route=\/wp\/v2\/posts\/40281","targetHints":{"allow":["GET"]}}],"collection":[{"href":"http:\/\/www.korhanyilmaz.com\/index.php?rest_route=\/wp\/v2\/posts"}],"about":[{"href":"http:\/\/www.korhanyilmaz.com\/index.php?rest_route=\/wp\/v2\/types\/post"}],"author":[{"embeddable":true,"href":"http:\/\/www.korhanyilmaz.com\/index.php?rest_route=\/wp\/v2\/users\/1"}],"replies":[{"embeddable":true,"href":"http:\/\/www.korhanyilmaz.com\/index.php?rest_route=%2Fwp%2Fv2%2Fcomments&post=40281"}],"version-history":[{"count":0,"href":"http:\/\/www.korhanyilmaz.com\/index.php?rest_route=\/wp\/v2\/posts\/40281\/revisions"}],"wp:attachment":[{"href":"http:\/\/www.korhanyilmaz.com\/index.php?rest_route=%2Fwp%2Fv2%2Fmedia&parent=40281"}],"wp:term":[{"taxonomy":"category","embeddable":true,"href":"http:\/\/www.korhanyilmaz.com\/index.php?rest_route=%2Fwp%2Fv2%2Fcategories&post=40281"},{"taxonomy":"post_tag","embeddable":true,"href":"http:\/\/www.korhanyilmaz.com\/index.php?rest_route=%2Fwp%2Fv2%2Ftags&post=40281"}],"curies":[{"name":"wp","href":"https:\/\/api.w.org\/{rel}","templated":true}]}}