{"id":40277,"date":"2011-09-27T17:22:35","date_gmt":"2011-09-27T14:22:35","guid":{"rendered":"http:\/\/www.korhanyilmaz.com\/?p=40277"},"modified":"2011-09-27T18:50:02","modified_gmt":"2011-09-27T15:50:02","slug":"balbay-dokunulmazlik-kapsamindadir","status":"publish","type":"post","link":"http:\/\/www.korhanyilmaz.com\/?p=40277","title":{"rendered":"&#8220;Balbay dokunulmazl\u0131k kapsam\u0131ndad\u0131r&#8221;"},"content":{"rendered":"<p style=\"text-align: center;\"><a href=\"http:\/\/www.korhanyilmaz.com\/wp-content\/uploads\/2011\/09\/7044.jpg\"  class=\"lightview\"><img loading=\"lazy\" decoding=\"async\" class=\"aligncenter  wp-image-40278\" src=\"http:\/\/www.korhanyilmaz.com\/wp-content\/uploads\/2011\/09\/7044.jpg\" alt=\"\" width=\"396\" height=\"180\" \/><\/a><\/p>\n<p style=\"text-align: justify;\">CHP milletvekili Balbay&#8217;\u0131n \u015ei\u015fli 2. Asliye Ceza Mahkemesi&#8217;nde yarg\u0131land\u0131\u011f\u0131 davaya TBMM&#8217;den g\u00f6nderilen yaz\u0131da dokunulmazl\u0131k kapsam\u0131nda oldu\u011fu bildirildi.<\/p>\n<p style=\"text-align: justify;\">\u0130STANBUL &#8211; CHP \u0130zmir milletvekili Mustafa Balbay&#8217;\u0131n, kitab\u0131nda gizli tan\u0131\u011f\u0131n kimli\u011fini if\u015fa etti\u011fi gerek\u00e7esiyle \u015ei\u015fli 2. Asliye Ceza Mahkemesi&#8217;nde yarg\u0131land\u0131\u011f\u0131 davaya, TBMM&#8217;den g\u00f6nderilen yaz\u0131da Balbay&#8217;\u0131n milletvekili dokunulmazl\u0131\u011f\u0131 kapsam\u0131nda oldu\u011fu bildirildi.\u00a0<!--more--><\/p>\n<p style=\"text-align: justify;\">\u0130kinci Ergenekon davas\u0131 kapsam\u0131nda tutuklu yarg\u0131lan\u0131rken CHP&#8217;den milletvekili se\u00e7ilen gazeteci-yazar Mustafa Balbay&#8217;\u0131n &#8220;gizli tan\u0131\u011f\u0131n kimli\u011fini a\u00e7\u0131klad\u0131\u011f\u0131&#8221; iddias\u0131yla yarg\u0131land\u0131\u011f\u0131 25. Asliye Ceza Mahkemesi&#8217;ndeki davada, san\u0131\u011f\u0131n Anayasa&#8217;n\u0131n 83. maddesinde belirtilen yasama dokunulmazl\u0131\u011f\u0131ndan yararlan\u0131p yararlanamayaca\u011f\u0131 konusunda TBMM Ba\u015fkanl\u0131\u011f\u0131ndan bilgi istenmi\u015fti. TBMM Genel Sekreterli\u011fi de mahkemenin iste\u011fi \u00fczerine Mustafa Balbay&#8217;\u0131n durumuyla ilgili mahkemeye bilgi verdi.<\/p>\n<p style=\"text-align: justify;\"><strong>BALBAY&#8217;IN YASAMA DOKUNULMAZLI\u011eI KAPSAMINDA OLDU\u011eU B\u0130LD\u0130R\u0130LD\u0130<\/strong><\/p>\n<p style=\"text-align: justify;\">TBMM&#8217;den Mahkemeye g\u00f6nderilen yaz\u0131da, &#8220;Balbay&#8217;\u0131n 12 Haziran&#8217;da \u0130zmir 2 numaralar\u0131 se\u00e7im \u00e7evresinden milletvekili se\u00e7ildi\u011fine ili\u015fkin Y\u00fcksek Se\u00e7im Kurulu&#8217;nun karar\u0131n\u0131n 23 Haziran&#8217;da Resmi Gazete&#8217;de yay\u0131mland\u0131\u011f\u0131 belirtildi. Balbay&#8217;\u0131n Anayasa&#8217;n\u0131n 83. maddesinin ikinci f\u0131kras\u0131 gere\u011fince, a\u011f\u0131r cezay\u0131 gerektiren su\u00e7\u00fcst\u00fc hali ve se\u00e7imden \u00f6nce soru\u015fturmas\u0131na ba\u015flan\u0131lm\u0131\u015f olmak kayd\u0131yla Anayasa&#8217;n\u0131n 14. maddesindeki durumlar haricinde, milletvekillerine tan\u0131nan yasama dokunulmazl\u0131\u011f\u0131 kapsam\u0131nda oldu\u011fu bildirildi. Balbay, \u0130kinci Ergenekon davas\u0131nda tahliye edilmedi\u011fi i\u00e7in TBMM&#8217;ye gidememi\u015f, 12 A\u011fustos&#8217;ta yap\u0131lan duru\u015fmada milletvekili yeminini san\u0131k k\u00fcrs\u00fcs\u00fcnden okumu\u015ftu.<\/p>\n<p style=\"text-align: justify;\"><strong>BALBAY&#8217;IN 4 YIL HAPS\u0130 \u0130STEN\u0130YOR<\/strong><\/p>\n<p style=\"text-align: justify;\">\u0130ddianamede, Mustafa Balbay&#8217;\u0131n &#8220;Silivri Toplama Kamp\u0131 Zul\u00fcmhane&#8221; isimli kitab\u0131nda Gizli tan\u0131k K\u0131ska\u00e7&#8217;\u0131n ger\u00e7ek kimli\u011fini t\u00fcm kamuoyunun bilgi edinmesini sa\u011flayacak \u015fekilde yazd\u0131\u011f\u0131 gerek\u00e7esiyle &#8220;g\u00f6reve ili\u015fkin s\u0131rr\u0131n a\u00e7\u0131klanmas\u0131&#8221; su\u00e7undan 1 ile 4 y\u0131l aras\u0131nda hapis cezas\u0131na \u00e7arpt\u0131r\u0131lmas\u0131 isteniyor.<\/p>\n<p style=\"text-align: justify;\"><a href=\"http:\/\/www.gazeteport.com.tr\/haber\/54556\/quotbalbay_dokunulmazlik_kapsamindadirquot\" target=\"_blank\">Kaynak : GAZETEPORT<\/a><\/p>\n","protected":false},"excerpt":{"rendered":"<p style=\"text-align: center;\">\n<p style=\"text-align: justify;\">CHP milletvekili Balbay&#8217;\u0131n \u015ei\u015fli 2. Asliye Ceza Mahkemesi&#8217;nde yarg\u0131land\u0131\u011f\u0131 davaya TBMM&#8217;den g\u00f6nderilen yaz\u0131da dokunulmazl\u0131k kapsam\u0131nda oldu\u011fu bildirildi.<\/p>\n<p style=\"text-align: justify;\">\u0130STANBUL &#8211; CHP \u0130zmir milletvekili Mustafa Balbay&#8217;\u0131n, kitab\u0131nda gizli tan\u0131\u011f\u0131n kimli\u011fini if\u015fa etti\u011fi gerek\u00e7esiyle \u015ei\u015fli 2. Asliye Ceza Mahkemesi&#8217;nde yarg\u0131land\u0131\u011f\u0131 davaya, TBMM&#8217;den g\u00f6nderilen yaz\u0131da Balbay&#8217;\u0131n milletvekili dokunulmazl\u0131\u011f\u0131 kapsam\u0131nda oldu\u011fu bildirildi. <\/p>\n","protected":false},"author":1,"featured_media":0,"comment_status":"open","ping_status":"open","sticky":false,"template":"","format":"standard","meta":{"footnotes":""},"categories":[105],"tags":[],"class_list":["post-40277","post","type-post","status-publish","format-standard","hentry","category-gundem","odd"],"_links":{"self":[{"href":"http:\/\/www.korhanyilmaz.com\/index.php?rest_route=\/wp\/v2\/posts\/40277","targetHints":{"allow":["GET"]}}],"collection":[{"href":"http:\/\/www.korhanyilmaz.com\/index.php?rest_route=\/wp\/v2\/posts"}],"about":[{"href":"http:\/\/www.korhanyilmaz.com\/index.php?rest_route=\/wp\/v2\/types\/post"}],"author":[{"embeddable":true,"href":"http:\/\/www.korhanyilmaz.com\/index.php?rest_route=\/wp\/v2\/users\/1"}],"replies":[{"embeddable":true,"href":"http:\/\/www.korhanyilmaz.com\/index.php?rest_route=%2Fwp%2Fv2%2Fcomments&post=40277"}],"version-history":[{"count":0,"href":"http:\/\/www.korhanyilmaz.com\/index.php?rest_route=\/wp\/v2\/posts\/40277\/revisions"}],"wp:attachment":[{"href":"http:\/\/www.korhanyilmaz.com\/index.php?rest_route=%2Fwp%2Fv2%2Fmedia&parent=40277"}],"wp:term":[{"taxonomy":"category","embeddable":true,"href":"http:\/\/www.korhanyilmaz.com\/index.php?rest_route=%2Fwp%2Fv2%2Fcategories&post=40277"},{"taxonomy":"post_tag","embeddable":true,"href":"http:\/\/www.korhanyilmaz.com\/index.php?rest_route=%2Fwp%2Fv2%2Ftags&post=40277"}],"curies":[{"name":"wp","href":"https:\/\/api.w.org\/{rel}","templated":true}]}}