{"id":40259,"date":"2011-09-26T19:41:43","date_gmt":"2011-09-26T16:41:43","guid":{"rendered":"http:\/\/www.korhanyilmaz.com\/?p=40259"},"modified":"2011-09-27T10:29:48","modified_gmt":"2011-09-27T07:29:48","slug":"pkklilar-is-makinesini-yakti","status":"publish","type":"post","link":"http:\/\/www.korhanyilmaz.com\/?p=40259","title":{"rendered":"PKK&#8217;l\u0131lar i\u015f makinesini yakt\u0131"},"content":{"rendered":"<p style=\"text-align: center;\"><a href=\"http:\/\/www.korhanyilmaz.com\/wp-content\/uploads\/2011\/09\/7040.jpg\"  class=\"lightview\"><img loading=\"lazy\" decoding=\"async\" class=\"aligncenter  wp-image-40260\" src=\"http:\/\/www.korhanyilmaz.com\/wp-content\/uploads\/2011\/09\/7040.jpg\" alt=\"\" width=\"370\" height=\"232\" \/><\/a><\/p>\n<p style=\"text-align: justify;\">I\u011fd\u0131r&#8217;a ba\u011fl\u0131 Aral\u0131k il\u00e7esinde yol yap\u0131m \u00e7al\u0131\u015fmas\u0131nda kullan\u0131lan bir i\u015f makinesi ile servis arac\u0131, ter\u00f6ristler taraf\u0131ndan yak\u0131ld\u0131.<\/p>\n<p style=\"text-align: justify;\">I\u011fd\u0131r Vali Vekili T\u00fcrker \u00c7a\u011fatay Halim, AA muhabirine yapt\u0131\u011f\u0131 a\u00e7\u0131klamada, Aral\u0131k il\u00e7esine ba\u011fl\u0131 Esenkaya mezras\u0131 ile A\u011fr\u0131 Da\u011f\u0131&#8217;n\u0131n Korhan yaylas\u0131 aras\u0131ndaki yolda \u00e7al\u0131\u015fan i\u015f makinesi operat\u00f6r\u00fc Hac\u0131 Duran Polat ile servis arac\u0131 olarak kullan\u0131lan minib\u00fcs\u00fcn \u015fof\u00f6r\u00fc Habib Sar\u0131do\u011fan&#8217;\u0131n, yol yap\u0131m \u00e7al\u0131\u015fmalar\u0131n\u0131 tamamlamalar\u0131n\u0131n ard\u0131ndan il\u00e7e merkezine d\u00f6nerken, yolda 3 silahl\u0131 ter\u00f6rist taraf\u0131ndan durduruldu\u011funu s\u00f6yledi.\u00a0<!--more--><\/p>\n<p style=\"text-align: justify;\">Ter\u00f6ristlerin iki ki\u015fiyi ba\u011flad\u0131ktan sonra i\u015f makinesi ve servis arac\u0131n\u0131 yakt\u0131klar\u0131n\u0131 anlatan Halim, \u015fu bilgileri verdi: &#8220;Ter\u00f6ristler daha sonra Polat ve Sar\u0131do\u011fan ile birlikte olay yerinden uzakla\u015f\u0131rken, cep telefonlar\u0131n\u0131 gasp ederek ara\u00e7 s\u00fcr\u00fcc\u00fclerini serbest b\u0131rakm\u0131\u015flar. Ard\u0131ndan \u015fof\u00f6rler Aral\u0131k il\u00e7esi Yenido\u011fan Jandarmada Karakolu&#8217;na giderek durumu anlatm\u0131\u015flar. Ka\u00e7an ter\u00f6ristlerin yakalanmas\u0131 i\u00e7in b\u00f6lgede operasyon ba\u015flat\u0131l\u0131rken, \u015fof\u00f6rler de ifadeleri al\u0131nmak \u00fczere Aral\u0131k \u0130l\u00e7e Jandarma Komutanl\u0131\u011f\u0131&#8217;na g\u00f6t\u00fcr\u00fcld\u00fc.&#8221;<\/p>\n<p style=\"text-align: justify;\"><a href=\"http:\/\/www.cnnturk.com\/2011\/turkiye\/09\/26\/pkklilar.is.makinesini.yakti\/630749.0\/index.html\" target=\"_blank\">Kaynak : CNN T\u00dcRK<\/a><\/p>\n","protected":false},"excerpt":{"rendered":"<p style=\"text-align: center;\">\n<p style=\"text-align: justify;\">I\u011fd\u0131r&#8217;a ba\u011fl\u0131 Aral\u0131k il\u00e7esinde yol yap\u0131m \u00e7al\u0131\u015fmas\u0131nda kullan\u0131lan bir i\u015f makinesi ile servis arac\u0131, ter\u00f6ristler taraf\u0131ndan yak\u0131ld\u0131.<\/p>\n<p style=\"text-align: justify;\">I\u011fd\u0131r Vali Vekili T\u00fcrker \u00c7a\u011fatay Halim, AA muhabirine yapt\u0131\u011f\u0131 a\u00e7\u0131klamada, Aral\u0131k il\u00e7esine ba\u011fl\u0131 Esenkaya mezras\u0131 ile A\u011fr\u0131 Da\u011f\u0131&#8217;n\u0131n Korhan yaylas\u0131 aras\u0131ndaki yolda \u00e7al\u0131\u015fan i\u015f makinesi operat\u00f6r\u00fc Hac\u0131 Duran Polat ile servis <\/p>\n","protected":false},"author":1,"featured_media":0,"comment_status":"open","ping_status":"open","sticky":false,"template":"","format":"standard","meta":{"footnotes":""},"categories":[105],"tags":[],"class_list":["post-40259","post","type-post","status-publish","format-standard","hentry","category-gundem","odd"],"_links":{"self":[{"href":"http:\/\/www.korhanyilmaz.com\/index.php?rest_route=\/wp\/v2\/posts\/40259","targetHints":{"allow":["GET"]}}],"collection":[{"href":"http:\/\/www.korhanyilmaz.com\/index.php?rest_route=\/wp\/v2\/posts"}],"about":[{"href":"http:\/\/www.korhanyilmaz.com\/index.php?rest_route=\/wp\/v2\/types\/post"}],"author":[{"embeddable":true,"href":"http:\/\/www.korhanyilmaz.com\/index.php?rest_route=\/wp\/v2\/users\/1"}],"replies":[{"embeddable":true,"href":"http:\/\/www.korhanyilmaz.com\/index.php?rest_route=%2Fwp%2Fv2%2Fcomments&post=40259"}],"version-history":[{"count":0,"href":"http:\/\/www.korhanyilmaz.com\/index.php?rest_route=\/wp\/v2\/posts\/40259\/revisions"}],"wp:attachment":[{"href":"http:\/\/www.korhanyilmaz.com\/index.php?rest_route=%2Fwp%2Fv2%2Fmedia&parent=40259"}],"wp:term":[{"taxonomy":"category","embeddable":true,"href":"http:\/\/www.korhanyilmaz.com\/index.php?rest_route=%2Fwp%2Fv2%2Fcategories&post=40259"},{"taxonomy":"post_tag","embeddable":true,"href":"http:\/\/www.korhanyilmaz.com\/index.php?rest_route=%2Fwp%2Fv2%2Ftags&post=40259"}],"curies":[{"name":"wp","href":"https:\/\/api.w.org\/{rel}","templated":true}]}}