{"id":40254,"date":"2011-09-26T21:15:20","date_gmt":"2011-09-26T18:15:20","guid":{"rendered":"http:\/\/www.korhanyilmaz.com\/?p=40254"},"modified":"2011-09-27T07:29:03","modified_gmt":"2011-09-27T04:29:03","slug":"komutan-tiryaki-eks-olana-kadar-oralarda-durun-dedi","status":"publish","type":"post","link":"http:\/\/www.korhanyilmaz.com\/?p=40254","title":{"rendered":"Komutan Tiryaki \u2018Eks olana kadar oralarda durun\u2019 dedi!"},"content":{"rendered":"<p style=\"text-align: center;\"><a href=\"http:\/\/www.korhanyilmaz.com\/wp-content\/uploads\/2011\/09\/7039.jpg\"  class=\"lightview\"><img loading=\"lazy\" decoding=\"async\" class=\"aligncenter  wp-image-40256\" src=\"http:\/\/www.korhanyilmaz.com\/wp-content\/uploads\/2011\/09\/7039.jpg\" alt=\"\" width=\"360\" height=\"240\" \/><\/a><\/p>\n<p style=\"text-align: justify;\"><strong>Yaz\u0131c\u0131o\u011flu soru\u015fturmas\u0131nda gizli tan\u0131ktan vahim iddia&#8230;<\/strong><\/p>\n<p style=\"text-align: justify;\">Cumhurba\u015fkan\u0131 G\u00fcl\u2019\u00fcn a\u00e7\u0131klamalar\u0131ndan sonra yeniden g\u00f6zlerin \u00e7evrildi\u011fi helikopter kazas\u0131nda her g\u00fcn yeni bilgiler d\u00f6k\u00fcl\u00fcyor. Soru\u015fturmada bir de gizli tan\u0131k ortaya \u00e7\u0131kt\u0131. Gizli tan\u0131k Yaz\u0131c\u0131o\u011flu\u2019nun \u00f6l\u00fcm\u00fcnden askerleri sorumlu tuttu.\u00a0<!--more--><\/p>\n<p style=\"text-align: justify;\">Malatya \u00d6zel Yetkili Ba\u015fsavc\u0131vekilli\u011fi\u2019nin BBP lideri Muhsin Yaz\u0131c\u0131o\u011flu\u2019nun \u00f6ld\u00fc\u011f\u00fc helikopter kazas\u0131 ile ilgili ba\u015flatt\u0131\u011f\u0131 soru\u015fturma kapsam\u0131nda Bora adl\u0131 gizli tan\u0131\u011f\u0131n ifadesine ba\u015fvurdu\u011fu, gizli tan\u0131\u011f\u0131n, askerleri, Yaz\u0131c\u0131o\u011flu\u2019nun \u00f6l\u00fcm\u00fcnden sorumlu tuttu\u011fu ortaya \u00e7\u0131kt\u0131. Gizli tan\u0131\u011f\u0131n iddialar\u0131, savc\u0131l\u0131\u011f\u0131n ifadesine ba\u015fvurdu\u011fu d\u00f6nemin Kahramanmara\u015f \u0130l Jandarma Komutan Yard\u0131mc\u0131s\u0131 olan ve halen Jandarma Tefti\u015f Kurulu\u2019nda g\u00f6rev yapan Albay Hamza Tiryaki\u2019ye y\u00f6neltilen sorularla a\u00e7\u0131\u011fa \u00e7\u0131kt\u0131.<\/p>\n<p style=\"text-align: justify;\">Tiryaki\u2019ye sorgusunda, Malatya \u00d6zel Yetkili Ba\u015fsavc\u0131 Vekilli\u011fi\u2019nde 14 Temmuz 2011 tarihinde ifade veren \u201cBora\u201d adl\u0131 gizli tan\u0131\u011f\u0131n, Tiryaki\u2019nin aramalar\u0131n s\u00fcrd\u00fc\u011f\u00fc s\u0131rada, \u201cSiz o b\u00f6lgeye kay\u0131n, duruma bak\u0131n, gerekirse eks olana kadar oralarda durun bak\u0131n\u201d \u015feklinde bir telefon konu\u015fmas\u0131 yapt\u0131\u011f\u0131 iddialar\u0131n\u0131 sordu. Tiryaki, bu iddiaya kar\u015f\u0131l\u0131k bu \u015fekilde bir telefon g\u00f6r\u00fc\u015fmesi yapmad\u0131\u011f\u0131n\u0131 belirterek \u201cBu anlamda herhangi bir s\u00f6z de s\u00f6yledi\u011fimi hat\u0131rlam\u0131yorum. Benim kaza ge\u00e7iren \u015fah\u0131slarla herhangi bir husumetim, d\u00fc\u015fmanl\u0131\u011f\u0131m, tan\u0131\u015f\u0131kl\u0131\u011f\u0131m yoktur, bu \u015fekilde hareket etmemi gerektirecek herhangi bir neden de yoktur. Bu \u015fekildeki su\u00e7lamay\u0131 kesinlikle kabul etmiyorum\u201d yan\u0131t\u0131n\u0131 verdi.<\/p>\n<p style=\"text-align: justify;\"><strong>\u201cG.Kurmay\u2019dan arayan binba\u015f\u0131\u201d\u00a0<\/strong><\/p>\n<p style=\"text-align: justify;\">Tiryaki, enkaz\u0131n bulundu\u011fu yerle ilgisiz olmas\u0131na ra\u011fmen Genelkurmay Ba\u015fkanl\u0131\u011f\u0131\u2019ndan Kurucaova b\u00f6lgesinde arama yap\u0131lmas\u0131 talimat\u0131 verilip verilmedi\u011fi konusunda, \u201cGenelkurmay Ba\u015fkanl\u0131\u011f\u0131\u2019ndan bir binba\u015f\u0131 arad\u0131. Kurucaova ile ilgili bilgiler verdi. Ben ismini tam olarak hat\u0131rlam\u0131yorum. O gece yap\u0131lan cep telefonu g\u00f6r\u00fc\u015fmeleri incelenirse kim oldu\u011fu tespit edilebilir\u201d dedi.<\/p>\n<p style=\"text-align: justify;\"><strong>Tiryaki iddialar\u0131 reddetti\u00a0<\/strong><\/p>\n<p style=\"text-align: justify;\">Tiryaki\u2019ye, savc\u0131l\u0131k taraf\u0131ndan, \u201c156 telefonuna yap\u0131lan ihbarda, tan\u0131k k\u00f6yl\u00fclerin helikopterin Karayakup b\u00f6lgesine do\u011fru gitti\u011fi bilgisi verildi\u011fi halde ni\u00e7in ilgisiz yerlerde arama yap\u0131lm\u0131\u015ft\u0131r?\u201d sorusu y\u00f6neltildi. Tiryaki, soruya, \u201c\u0130hbarla ilgili g\u00f6r\u00fc\u015fme yapt\u0131m. Helikopterin pilotunun hava a\u00e7\u0131kken direkt olarak o b\u00f6lgeyi g\u00f6rerek, helikopteri o y\u00f6ne sevk etmemesi ve kazaya sebebiyet vermemesi gerekirdi. Vadi tabanlar\u0131ndan gitmesine gerek yoktu. Zaten o g\u00fcn havan\u0131n sisli oldu\u011fu a\u015fikard\u0131r. Telefon g\u00f6r\u00fc\u015fmesinden sonra \u015fahs\u0131n s\u00f6yledikleri s\u00f6zlerin gere\u011fi yap\u0131lm\u0131\u015f olmakla birlikte \u015fahsen bana \u00e7ok inand\u0131r\u0131c\u0131 gelmemi\u015fti.\u201d<\/p>\n<p style=\"text-align: justify;\">Tiryaki, ihbar eden ki\u015finin \u201c\u00e7ocuklar\u0131n\u0131n g\u00f6rd\u00fc\u011f\u00fcn\u00fc s\u00f6yledi\u011fini\u201d belirterek \u201cOlaydan sonra Hava Kuvvetleri\u2019ne ait u\u00e7aklar\u0131n helikopteri d\u00fc\u015f\u00fcrm\u00fc\u015f oldu\u011funa y\u00f6nelik haberler yay\u0131nland\u0131. Bu \u00e7ocu\u011fun ifadesi do\u011fruysa, bu \u00e7ocu\u011fun u\u00e7aklar\u0131 da g\u00f6rmesi gerekirdi\u201d dedi.<\/p>\n<p style=\"text-align: justify;\">Tiryaki, Yaz\u0131c\u0131o\u011flu\u2019nun evrak \u00e7antas\u0131 ve telefonunun haf\u0131za kart\u0131 ile ilgili bilgisinin bulunup bulunmad\u0131\u011f\u0131 sorusuna ise bilgisinin olmad\u0131\u011f\u0131 yan\u0131t\u0131n\u0131 verdi. Tiryaki\u2019ye, di\u011fer \u015f\u00fcphelilere de y\u00f6neltilen Ergenekon\u2019a, Atakurtlar Cumhuriyet Ordusu adl\u0131 TSK i\u00e7erisinde yeni olu\u015fturulan bir yap\u0131lanmaya \u00fcye olup olmad\u0131\u011f\u0131 ve Yaz\u0131c\u0131o\u011flu\u2019nun Hrant Dink, Rahip Santoro ve Malatya Zirve Yay\u0131nevi katliam\u0131 gibi olaylarda Alperen Ocaklar\u0131 \u00fcyelerinin kullan\u0131lmas\u0131na engel oldu\u011fu i\u00e7in \u00f6ld\u00fcr\u00fcld\u00fc\u011f\u00fc iddialar\u0131 da soruldu. Herhangi bir \u00f6rg\u00fct \u00fcyesi olmad\u0131\u011f\u0131n\u0131 s\u00f6yleyen Tiryaki, Yaz\u0131c\u0131o\u011flu\u2019nun \u00f6ld\u00fcr\u00fclmesi iddialar\u0131na ili\u015fkin bilgisinin olmad\u0131\u011f\u0131n\u0131 s\u00f6yledi. Tiryaki, Ceyhan Nehri\u2019nde bulunan, \u00fczerinde \u0130NERT yaz\u0131l\u0131 e\u011fitim aparat\u0131 ile ilgili bilgisinin olup olmad\u0131\u011f\u0131 konusunda da \u201cBu e\u011fitim amac\u0131yla kullan\u0131lan silahtan haberimiz oldu. Bunun ilgili bilgiler savc\u0131l\u0131\u011fa intikal etti\u201d diye konu\u015ftu.<\/p>\n<p style=\"text-align: justify;\"><strong>K\u00f6yl\u00fcler: G\u00f6r\u00fcnt\u00fcler aniden silindi\u00a0<\/strong><\/p>\n<p style=\"text-align: justify;\">Kahramanmara\u015f Savc\u0131l\u0131\u011f\u0131\u2019n\u0131n da y\u00fcr\u00fctt\u00fc\u011f\u00fc \u201cdelil karartma\u201d soru\u015fturmas\u0131 kapsam\u0131nda helikopterin enkaz\u0131n\u0131 bulan k\u00f6yl\u00fclerin ifadesini ald\u0131\u011f\u0131 ortaya \u00e7\u0131kt\u0131. K\u00f6yl\u00fclerden Abidin Karaka\u015f, \u201cEnkaz\u0131n yan taraf\u0131nda arka b\u00f6l\u00fcmde i\u00e7eride siyah renkli bir evrak \u00e7antas\u0131 vard\u0131. \u0130kinci gidi\u015fimde \u00e7antay\u0131 g\u00f6rmedim\u201d dedi. Karaka\u015f, \u201cHelikopter kazas\u0131nda \u00f6lenlerden Murat \u00c7etinkaya adl\u0131 \u015fahs\u0131n elinde silah oldu\u011funu g\u00f6rd\u00fcm\u201d diye konu\u015ftu. K\u00f6yl\u00fclerden Fatih G\u00f6k\u00e7ek de \u201cEnkaz yerinde yaln\u0131zca siyah bir \u00e7anta bir de kamera g\u00f6rd\u00fcm. Enkaza ilk yakla\u015fmam\u0131zda telefonumla ekipteki arkada\u015flar\u0131m\u0131z\u0131 helikopter ile g\u00f6r\u00fcnt\u00fc kayd\u0131 yapm\u0131\u015ft\u0131m. 24 May\u0131s 2009\u2019a kadar bu g\u00f6r\u00fcnt\u00fc telefonumda kald\u0131. O tarihte baz\u0131 arkada\u015flar\u0131mla gezinti yaparken onlarla bu g\u00f6r\u00fcnt\u00fcy\u00fc payla\u015fmak istedim. Onlar da foto\u011fraf\u0131 g\u00f6rd\u00fcler. Bir bu\u00e7uk kilometre kadar y\u00fcr\u00fcd\u00fckten sonra telefonumu tekrar a\u00e7t\u0131\u011f\u0131mda g\u00f6r\u00fcnt\u00fc kaybolmu\u015ftu. Telefon servisine de gittim. Ancak servis de bulamad\u0131. O tarihten sonra o telefonu bir daha kullanmad\u0131m. Y\u0131lmaz Dilki\u2019nin yapt\u0131\u011f\u0131 g\u00f6r\u00fcnt\u00fc kayd\u0131n\u0131n da olay g\u00fcn\u00fc ayn\u0131 benim telefonuma oldu\u011fu \u015fekilde kayboldu\u011funu onun da telefonu bir daha kullanmad\u0131\u011f\u0131n\u0131 kendisinden duydum\u201d dedi.<\/p>\n<p style=\"text-align: justify;\"><strong>\u2018Haf\u0131za kart\u0131m\u0131z\u0131 ald\u0131lar\u2019\u00a0<\/strong><\/p>\n<p style=\"text-align: justify;\">K\u00f6yl\u00fclerden Abdullah G\u00f6ll\u00fc de \u201cOlay yerine vard\u0131\u011f\u0131m\u0131zda bir \u00e7anta g\u00f6rd\u00fcm. Kimseye i\u00e7i para dolu bir \u00e7anta g\u00f6rd\u00fc\u011f\u00fcm\u00fc de s\u00f6ylemedim. \u00c7anta donmu\u015f vaziyette gibi idi. D\u00f6nd\u00fc\u011f\u00fcm\u00fczde, \u0130\u00e7i\u015fleri Bakan\u0131\u2019m\u0131z\u0131n yan\u0131na gidip olay yerinde g\u00f6rd\u00fcklerimizi ve ya\u015fad\u0131klar\u0131m\u0131z\u0131 anlatt\u0131m. D\u0131\u015far\u0131 \u00e7\u0131kt\u0131\u011f\u0131m\u0131zda salonda bulunan bir ki\u015fi benim telefonumun haf\u0131za kart\u0131n\u0131 istedi. Bu kayd\u0131n aileme ve bana zarar verece\u011fini s\u00f6yledi. Kart\u0131 ald\u0131\u201d dedi.<\/p>\n<p style=\"text-align: justify;\"><a href=\"http:\/\/haber.gazetevatan.com\/komutan-tiryaki-eks-olana-kadar-oralarda-durun-dedi\/402025\/1\/Gundem\" target=\"_blank\">Kaynak : VATAN Gazetesi<\/a><\/p>\n","protected":false},"excerpt":{"rendered":"<p style=\"text-align: center;\">\n<p style=\"text-align: justify;\">Yaz\u0131c\u0131o\u011flu soru\u015fturmas\u0131nda gizli tan\u0131ktan vahim iddia&#8230;<\/p>\n<p style=\"text-align: justify;\">Cumhurba\u015fkan\u0131 G\u00fcl\u2019\u00fcn a\u00e7\u0131klamalar\u0131ndan sonra yeniden g\u00f6zlerin \u00e7evrildi\u011fi helikopter kazas\u0131nda her g\u00fcn yeni bilgiler d\u00f6k\u00fcl\u00fcyor. Soru\u015fturmada bir de gizli tan\u0131k ortaya \u00e7\u0131kt\u0131. Gizli tan\u0131k Yaz\u0131c\u0131o\u011flu\u2019nun \u00f6l\u00fcm\u00fcnden askerleri sorumlu tuttu. <\/p>\n","protected":false},"author":1,"featured_media":0,"comment_status":"open","ping_status":"open","sticky":false,"template":"","format":"standard","meta":{"footnotes":""},"categories":[105],"tags":[144,408,103,104],"class_list":["post-40254","post","type-post","status-publish","format-standard","hentry","category-gundem","tag-bbp","tag-hamza-tiryaki","tag-helikopter-kazasi","tag-muhsin-yazicioglu","odd"],"_links":{"self":[{"href":"http:\/\/www.korhanyilmaz.com\/index.php?rest_route=\/wp\/v2\/posts\/40254","targetHints":{"allow":["GET"]}}],"collection":[{"href":"http:\/\/www.korhanyilmaz.com\/index.php?rest_route=\/wp\/v2\/posts"}],"about":[{"href":"http:\/\/www.korhanyilmaz.com\/index.php?rest_route=\/wp\/v2\/types\/post"}],"author":[{"embeddable":true,"href":"http:\/\/www.korhanyilmaz.com\/index.php?rest_route=\/wp\/v2\/users\/1"}],"replies":[{"embeddable":true,"href":"http:\/\/www.korhanyilmaz.com\/index.php?rest_route=%2Fwp%2Fv2%2Fcomments&post=40254"}],"version-history":[{"count":0,"href":"http:\/\/www.korhanyilmaz.com\/index.php?rest_route=\/wp\/v2\/posts\/40254\/revisions"}],"wp:attachment":[{"href":"http:\/\/www.korhanyilmaz.com\/index.php?rest_route=%2Fwp%2Fv2%2Fmedia&parent=40254"}],"wp:term":[{"taxonomy":"category","embeddable":true,"href":"http:\/\/www.korhanyilmaz.com\/index.php?rest_route=%2Fwp%2Fv2%2Fcategories&post=40254"},{"taxonomy":"post_tag","embeddable":true,"href":"http:\/\/www.korhanyilmaz.com\/index.php?rest_route=%2Fwp%2Fv2%2Ftags&post=40254"}],"curies":[{"name":"wp","href":"https:\/\/api.w.org\/{rel}","templated":true}]}}