{"id":40250,"date":"2011-09-26T19:20:38","date_gmt":"2011-09-26T16:20:38","guid":{"rendered":"http:\/\/www.korhanyilmaz.com\/?p=40250"},"modified":"2011-09-27T07:12:24","modified_gmt":"2011-09-27T04:12:24","slug":"kendimi-ortaya-koyup-resmi-baskiya-direndim-olmadi","status":"publish","type":"post","link":"http:\/\/www.korhanyilmaz.com\/?p=40250","title":{"rendered":"\u2018Kendimi ortaya koyup resmi bask\u0131ya direndim, olmad\u0131\u2019"},"content":{"rendered":"<p style=\"text-align: center;\"><a href=\"http:\/\/www.korhanyilmaz.com\/wp-content\/uploads\/2011\/09\/7038.jpg\"  class=\"lightview\"><img loading=\"lazy\" decoding=\"async\" class=\"aligncenter  wp-image-40251\" src=\"http:\/\/www.korhanyilmaz.com\/wp-content\/uploads\/2011\/09\/7038.jpg\" alt=\"\" width=\"420\" height=\"210\" \/><\/a><\/p>\n<p style=\"text-align: justify;\">\u0130stanbul Lisesi M\u00fcd\u00fcr\u00fc \u2018Bu \u00f6\u011frenciyi kaydet\u2019 bask\u0131s\u0131n\u0131 itiraf etti.<\/p>\n<p style=\"text-align: justify;\">\u0130stanbul Lisesi\u2019ne 181\u2019inci \u00f6\u011frencinin mevzuata ayk\u0131r\u0131 naklen kayd\u0131n\u0131 yapan okul m\u00fcd\u00fcr\u00fc Sakin \u00d6ner okulun internet sitesinde ya\u015fad\u0131klar\u0131n\u0131 anlatt\u0131:<\/p>\n<p style=\"text-align: justify;\">\u201c40 y\u0131ll\u0131k kariyerimi riske ederek, bir\u00e7ok m\u00fcd\u00fcr\u00fcn yapamayaca\u011f\u0131 resmi emre iki defa uymayan da benim. Sorun ayr\u0131lmamla \u00e7\u00f6z\u00fclecekse bir g\u00fcn bile g\u00f6revde durmam\u201d\u00a0<!--more--><\/p>\n<p style=\"text-align: justify;\">T\u00fcrkiye\u2019nin as\u0131rl\u0131k liselerinden \u0130stanbul Lisesi\u2019nde 180 ki\u015filik kontenjan\u0131n dolmas\u0131n\u0131n ard\u0131ndan yap\u0131lan kay\u0131t tart\u0131\u015fmas\u0131 b\u00fcy\u00fcyor. Lisenin okul aile birli\u011fi, ge\u00e7ti\u011fimiz Cuma g\u00fcn\u00fc bir eylem ger\u00e7ekle\u015ftirerek, ABD\u2019den d\u00f6nen Siyaset, Ekonomi ve Toplum Ara\u015ft\u0131rmalar\u0131 Vakf\u0131 (SETA) Washington eski koordinat\u00f6r\u00fc ve gazeteci Nuh Y\u0131lmaz\u2019\u0131n k\u0131z\u0131 Z.\u2019nin, okula hem y\u00f6netmeli\u011fe ayk\u0131r\u0131 olarak, hem de kontenjanlar\u0131n dolmas\u0131na ra\u011fmen kaydedildi\u011fini belirtti. Okul aile birli\u011fi ad\u0131na konu\u015fan Nermin \u0130lhan adl\u0131 veli, kay\u0131tlar esnas\u0131nda Nuh Y\u0131lmaz\u2019\u0131n m\u00fcd\u00fcr yard\u0131mc\u0131s\u0131 Atakan Alan\u2019a ba\u011f\u0131rarak \u2018Bu okulda kap\u0131c\u0131 bile olamazs\u0131n\u2019 dedi\u011fini iddia etti. VATAN\u2019a konu\u015fan Nuh Y\u0131lmaz ise m\u00fcd\u00fcr yard\u0131mc\u0131s\u0131n\u0131n k\u0131z\u0131 i\u00e7in \u201cIQ\u2019su bu okulda okumaya yetmez\u201d dedi\u011fini ve bu nedenle kendisine hakaret davas\u0131 a\u00e7t\u0131\u011f\u0131n\u0131 ifade etti.<\/p>\n<p style=\"text-align: justify;\"><strong>\u201cEmre uymayan benim\u201d\u00a0<\/strong><\/p>\n<p style=\"text-align: justify;\">Okul Aile Birli\u011fi\u2019nin tepki g\u00f6sterip, Z.\u2019yi okula o kabul etti dedi\u011fi ve hakk\u0131nda dava a\u00e7t\u0131\u011f\u0131 Okul M\u00fcd\u00fcr\u00fc Sakin \u00d6ner ise suskunlu\u011funu okulun internet sitesine koydu\u011fu yaz\u0131 ile bozarak, Z.\u2019nin kayd\u0131n\u0131 iki kez reddetti\u011fini ancak sonra kabul etmek zorunda kald\u0131\u011f\u0131n\u0131 s\u00f6yledi. \u00d6ner, yaz\u0131s\u0131nda \u015funlar\u0131 s\u00f6yledi, \u201cDe\u011ferli velilerim, kendimi riske ederek 8 Eyl\u00fcl 2011 ve 19 Eyl\u00fcl 2011 tarihlerinde iki defa reddetmeme ra\u011fmen, yasal olarak engelleyemedi\u011fim bir nakil olay\u0131n\u0131, hukuki yollardan ve yasal mevzuata ayr\u0131cal\u0131klar\u0131m\u0131z\u0131 yans\u0131tma y\u00f6n\u00fcnde m\u00fccadele ederek d\u00fczeltme yerine, tamamen \u015fahs\u0131m\u0131n y\u0131prat\u0131lmas\u0131 ve g\u00fczide okulumuzun e\u011fitim ve \u00f6\u011fretimini fel\u00e7 etme y\u00f6n\u00fcnde \u00f6rg\u00fctl\u00fc bir provokasyonla kar\u015f\u0131 kar\u015f\u0131ya bulundu\u011fumuzu bildirmek durumunday\u0131m. K\u0131rk y\u0131ll\u0131k meslek kariyerimi riske ederek, bir\u00e7ok m\u00fcd\u00fcr\u00fcn yapamayaca\u011f\u0131 resmi emre iki defa uymayan da benim. E\u011fer sorun benim ayr\u0131lmamla \u00e7\u00f6z\u00fclecekse bir g\u00fcn bile g\u00f6revde durmam. Sorun yasal mevzuatla ilgili bir sorundur ve hukuki m\u00fccadele s\u00fcreci ile \u00e7\u00f6z\u00fcme kavu\u015fturulacakt\u0131r. Bunu da y\u00f6netimimiz ve kurulu\u015flar\u0131m\u0131z yapacakt\u0131r. Yoksa bu, \u00f6\u011frencilerimizi ve velilerimizi sokaklara d\u00f6kerek bir g\u00fcnde sonu\u00e7land\u0131rabilece\u011fimiz bir sorun de\u011fildir.\u201d<\/p>\n<p style=\"text-align: justify;\"><strong>\u201cBen yapaca\u011f\u0131m\u0131 yapt\u0131m\u201d\u00a0<\/strong><\/p>\n<p style=\"text-align: justify;\">\u00d6ner\u2019in okulun internet sitesi arac\u0131l\u0131\u011f\u0131 ile yapt\u0131\u011f\u0131 a\u00e7\u0131klama bir g\u00fcn sonra siteden kald\u0131r\u0131ld\u0131. \u00d6ner, a\u00e7\u0131klamas\u0131 ile ilgili VATAN\u2019a konu\u015farak, \u201cYaz\u0131n\u0131n internet sitemizde bir g\u00fcn durmas\u0131 yeter. Konuyla ilgili ben yapaca\u011f\u0131m\u0131 yapt\u0131m\u201d dedi. Z.\u2019nin kayd\u0131n\u0131n nas\u0131l yap\u0131ld\u0131\u011f\u0131na ili\u015fkin de konu\u015fan \u00d6ner \u015funlar\u0131 s\u00f6yledi:\u201dKayd\u0131n uygun olmad\u0131\u011f\u0131n\u0131 \u0130stanbul \u0130l Milli E\u011fitim M\u00fcd\u00fcrl\u00fc\u011f\u00fc\u2019ne iki kez ilettim. Ancak Milli E\u011fitim Bakanl\u0131\u011f\u0131 beni muhattab almayarak Fatih \u0130l\u00e7e Milli E\u011fitim M\u00fcd\u00fcrl\u00fc\u011f\u00fc arac\u0131l\u0131\u011f\u0131 ile okula bir yaz\u0131 g\u00f6nderiyor. Yaz\u0131da, Z.\u2019nin kayd\u0131n\u0131 yap\u0131n ve sonucunu da bize bildirin diyor. Kayd\u0131 ondan sonra yapt\u0131k.\u201d<\/p>\n<p style=\"text-align: justify;\"><strong>\u201cKarar\u0131 nakil komisyonu ald\u0131\u201d\u00a0<\/strong><\/p>\n<p style=\"text-align: justify;\">Fatih \u0130l\u00e7e Milli E\u011fitim M\u00fcd\u00fcr\u00fc \u015eeref \u00c7al\u0131\u015f\u0131r da, kay\u0131t ilgili karar\u0131 \u0130l Milli E\u011fitim M\u00fcd\u00fcrl\u00fc\u011f\u00fc Nakil Komisyonu\u2019nun ald\u0131\u011f\u0131n\u0131 s\u00f6yledi. \u00c7al\u0131\u015f\u0131r, okul m\u00fcd\u00fcr\u00fcn\u00fcn kontenjanlar\u0131n\u0131n doldu\u011funu belirtti\u011fini, ancak Nakil Komisyonu\u2019nun karar\u0131n\u0131n kesin oldu\u011funu ve kendilerine g\u00f6re kayd\u0131n y\u00f6netmeli\u011fe de ayk\u0131r\u0131 olmad\u0131\u011f\u0131n\u0131 s\u00f6yledi.<\/p>\n<p style=\"text-align: justify;\"><strong>Kay\u0131t iki y\u00f6nden yasalara ayk\u0131r\u0131\u00a0<\/strong><\/p>\n<p style=\"text-align: justify;\">Lisenin okula aile birli\u011fi tart\u0131\u015f\u0131lan kayda, iki y\u00f6nden bakarak kayd\u0131n yasal olmad\u0131\u011f\u0131n\u0131 belirtiyor. Bunlardan ilki okulunun Almanya ile imzalad\u0131\u011f\u0131 e\u011fitim protokol\u00fcne g\u00f6re kontenjan\u0131n\u0131n 180 olmas\u0131. Bir di\u011feri ise Anadolu Lisesi Y\u00f6netmeli\u011fi\u2019nin ge\u00e7ici 2. maddesi. Maddeye g\u00f6re, \u00f6\u011frencinin yurtd\u0131\u015f\u0131nda Anadolu Lisesi\u2019ne denk bir okulda iki y\u0131l okumu\u015f olmas\u0131 gerekiyor. Ancak veliler, Z adl\u0131 \u00f6\u011frencinin ABD\u2019de sadece ilk\u00f6\u011fretim stat\u00fcs\u00fcnde bir okulda okudu\u011funa dikkat \u00e7ekiyor.<\/p>\n<p style=\"text-align: justify;\"><strong>\u0130stanbul Milli E\u011fitim M\u00fcd\u00fcr\u00fc: \u00c7ok ba\u015far\u0131l\u0131 bir \u00e7ocuk evraklar\u0131 tam\u00a0<\/strong><\/p>\n<p style=\"text-align: justify;\">\u0130stanbul \u0130l Milli E\u011fitim M\u00fcd\u00fcr\u00fc Muammer Y\u0131ld\u0131z, \u0130stanbul Lisesi\u2019nde ortaya \u00e7\u0131kan durumdan sonra bir a\u00e7\u0131klama yaparak Z. adl\u0131 \u00f6\u011frencinin kayd\u0131n\u0131n yasal oldu\u011funu kaydetti. Y\u0131ld\u0131z a\u00e7\u0131klamas\u0131nda \u015funlar\u0131 s\u00f6yledi: \u201c\u0130stanbul Lisesi\u2019ne nakli yap\u0131lan \u00f6\u011frenci, ABD\u2019de 2003-2004 \u00f6\u011fretim y\u0131l\u0131ndan itibaren dokuz y\u0131l \u00f6\u011frenim g\u00f6rd\u00fc\u011f\u00fcn\u00fc belirten belgeleri ve ilk\u00f6\u011fretim okulunu bitirenler d\u00fczeyinde \u00f6\u011frenim g\u00f6rd\u00fc\u011f\u00fcne dair denklik belgesi ile M\u00fcd\u00fcrl\u00fc\u011f\u00fcm\u00fcze ba\u015fvurarak \u0130stanbul Lisesi\u2019ne naklini istemi\u015ftir. \u00d6\u011frencinin \u00f6\u011frenim hayat\u0131nda olduk\u00e7a ba\u015far\u0131l\u0131 oldu\u011fu tespit edilmi\u015ftir. \u0130l Milli E\u011fitim M\u00fcd\u00fcrl\u00fc\u011f\u00fc Anadolu Liseleri Nakil Komisyonu, bu \u00f6\u011frencinin Y\u00f6netmeli\u011fin Ge\u00e7ici 2. Maddesine \u2018Madde kapsam\u0131nda nakil olabilmek i\u00e7in mutlaka de\u011fi\u015fikli\u011fin yap\u0131ld\u0131\u011f\u0131 18 Aral\u0131k 2004 tarihinde \u00f6nce yurt d\u0131\u015f\u0131nda bulunmas\u0131 ve bu tarihten itibaren nakil talep tarihine kadar yurt d\u0131\u015f\u0131nda bulunmas\u0131 gerekmektedir. Yurt d\u0131\u015f\u0131nda ge\u00e7irilen s\u00fcrenin e\u011fitim \u00f6\u011fretim i\u00e7inde olmas\u0131 gerekmekte olup, bunun lise veya ilk\u00f6\u011fretimde ge\u00e7mi\u015f olmas\u0131 fark etmemektedir.\u2019 g\u00f6re naklinin \u0130stanbul Lisesi Haz\u0131rl\u0131k S\u0131n\u0131f\u0131na yap\u0131lmas\u0131n\u0131n uygun oldu\u011funa karar vermi\u015ftir.\u201c M\u00fcd\u00fcrl\u00fc\u011f\u00fcm\u00fczce konu hakk\u0131nda Bakanl\u0131\u011f\u0131m\u0131zdan g\u00f6r\u00fc\u015f de istenmi\u015ftir. Orta\u00f6\u011fretim Genel M\u00fcd\u00fcrl\u00fc\u011f\u00fc verdi\u011fi cevapta, yurt d\u0131\u015f\u0131ndan gelen \u00f6\u011frenciler i\u00e7in ayr\u0131 bir s\u0131n\u0131f a\u00e7\u0131lmas\u0131na gerek bulunmay\u0131p mevcut s\u0131n\u0131flardan birine kaydedilmesi gerekti\u011fini, bildirmi\u015ftir. Ve \u00f6\u011frencinin Haz\u0131rl\u0131k S\u0131n\u0131f\u0131\u2019na kayd\u0131 ger\u00e7ekle\u015ftirilmi\u015ftir. Bu nakil i\u015fleminde yasal olmayan bir husus bulunmamaktad\u0131r.\u201d<\/p>\n<p style=\"text-align: justify;\"><a href=\"http:\/\/haber.gazetevatan.com\/kendimi-ortaya-koyup-resmi-baskiya-direndim-olmadi\/402001\/1\/Gundem\" target=\"_blank\">Kaynak : VATAN Gazetesi<\/a><\/p>\n","protected":false},"excerpt":{"rendered":"<p style=\"text-align: center;\">\n<p style=\"text-align: justify;\">\u0130stanbul Lisesi M\u00fcd\u00fcr\u00fc \u2018Bu \u00f6\u011frenciyi kaydet\u2019 bask\u0131s\u0131n\u0131 itiraf etti.<\/p>\n<p style=\"text-align: justify;\">\u0130stanbul Lisesi\u2019ne 181\u2019inci \u00f6\u011frencinin mevzuata ayk\u0131r\u0131 naklen kayd\u0131n\u0131 yapan okul m\u00fcd\u00fcr\u00fc Sakin \u00d6ner okulun internet sitesinde ya\u015fad\u0131klar\u0131n\u0131 anlatt\u0131:<\/p>\n<p style=\"text-align: justify;\">\u201c40 y\u0131ll\u0131k kariyerimi riske ederek, bir\u00e7ok m\u00fcd\u00fcr\u00fcn yapamayaca\u011f\u0131 resmi emre iki defa uymayan da benim. Sorun ayr\u0131lmamla \u00e7\u00f6z\u00fclecekse bir <\/p>\n","protected":false},"author":1,"featured_media":0,"comment_status":"open","ping_status":"open","sticky":false,"template":"","format":"standard","meta":{"footnotes":""},"categories":[105],"tags":[],"class_list":["post-40250","post","type-post","status-publish","format-standard","hentry","category-gundem","odd"],"_links":{"self":[{"href":"http:\/\/www.korhanyilmaz.com\/index.php?rest_route=\/wp\/v2\/posts\/40250","targetHints":{"allow":["GET"]}}],"collection":[{"href":"http:\/\/www.korhanyilmaz.com\/index.php?rest_route=\/wp\/v2\/posts"}],"about":[{"href":"http:\/\/www.korhanyilmaz.com\/index.php?rest_route=\/wp\/v2\/types\/post"}],"author":[{"embeddable":true,"href":"http:\/\/www.korhanyilmaz.com\/index.php?rest_route=\/wp\/v2\/users\/1"}],"replies":[{"embeddable":true,"href":"http:\/\/www.korhanyilmaz.com\/index.php?rest_route=%2Fwp%2Fv2%2Fcomments&post=40250"}],"version-history":[{"count":0,"href":"http:\/\/www.korhanyilmaz.com\/index.php?rest_route=\/wp\/v2\/posts\/40250\/revisions"}],"wp:attachment":[{"href":"http:\/\/www.korhanyilmaz.com\/index.php?rest_route=%2Fwp%2Fv2%2Fmedia&parent=40250"}],"wp:term":[{"taxonomy":"category","embeddable":true,"href":"http:\/\/www.korhanyilmaz.com\/index.php?rest_route=%2Fwp%2Fv2%2Fcategories&post=40250"},{"taxonomy":"post_tag","embeddable":true,"href":"http:\/\/www.korhanyilmaz.com\/index.php?rest_route=%2Fwp%2Fv2%2Ftags&post=40250"}],"curies":[{"name":"wp","href":"https:\/\/api.w.org\/{rel}","templated":true}]}}