{"id":40244,"date":"2011-09-26T18:10:12","date_gmt":"2011-09-26T15:10:12","guid":{"rendered":"http:\/\/www.korhanyilmaz.com\/?p=40244"},"modified":"2011-09-27T07:00:14","modified_gmt":"2011-09-27T04:00:14","slug":"hasim-kilic-takdime-fena-bozuldu","status":"publish","type":"post","link":"http:\/\/www.korhanyilmaz.com\/?p=40244","title":{"rendered":"Ha\u015fim K\u0131l\u0131\u00e7 takdime fena bozuldu"},"content":{"rendered":"<p style=\"text-align: center;\"><a href=\"http:\/\/www.korhanyilmaz.com\/wp-content\/uploads\/2011\/09\/7037.jpg\"  class=\"lightview\"><img loading=\"lazy\" decoding=\"async\" class=\"aligncenter  wp-image-40245\" src=\"http:\/\/www.korhanyilmaz.com\/wp-content\/uploads\/2011\/09\/7037.jpg\" alt=\"\" width=\"407\" height=\"202\" \/><\/a><\/p>\n<p style=\"text-align: justify;\">Anayasa Mahkemesi Ba\u015fkan\u0131 Ha\u015fim K\u0131l\u0131\u00e7&#8217;\u0131 konu\u015fmas\u0131n\u0131 yapmak i\u00e7in sahneye davet eden sunucu, K\u0131l\u0131\u00e7&#8217;\u0131n \u00f6zge\u00e7mi\u015fini okurken &#8220;Hukuk\u00e7u olmad\u0131\u011f\u0131 halde, T\u00fcrkiye Cumhuriyeti&#8217;nin ilk ekonomi mezunu Anayasa Mahkemesi Ba\u015fkan\u0131d\u0131r&#8221; dedi.<\/p>\n<p style=\"text-align: justify;\">K\u0131l\u0131\u00e7 sunucuya yan\u0131t verirken. K\u0131z\u0131m\u0131za te\u015fekk\u00fcr ediyorum. Hukuk\u00e7u olmad\u0131\u011f\u0131m\u0131 gayet g\u00fczel izah etti. O nedenle bu konuyu ge\u00e7iyorum&#8221; dedi.\u00a0<!--more--><\/p>\n<p style=\"text-align: justify;\">Anayasa Mahkemesi Ba\u015fkan\u0131 Ha\u015fim K\u0131l\u0131\u00e7, bug\u00fcn onur konu\u011fu olarak Do\u011fu\u015f \u00dcniversitesi&#8217;nin 2011-2012 Akademik y\u0131l\u0131 a\u00e7\u0131l\u0131\u015f t\u00f6renine kat\u0131ld\u0131. \u00dcniversitesi&#8217;nin Kad\u0131k\u00f6y Hasanpa\u015fa&#8217;daki yerle\u015fkesinde ger\u00e7ekle\u015ftirilen t\u00f6rende beklenmeyen diyaloglar ya\u015fand\u0131. K\u0131l\u0131\u00e7&#8217;\u0131 konu\u015fmas\u0131n\u0131 yapmak i\u00e7in sahneye davet eden sunucu, K\u0131l\u0131\u00e7&#8217;\u0131n \u00f6zge\u00e7mi\u015fini okurken &#8220;Hukuk\u00e7u olmad\u0131\u011f\u0131 halde, T\u00fcrkiye Cumhuriyeti&#8217;nin ilk ekonomi mezunu Anayasa Mahkemesi Ba\u015fkan\u0131d\u0131r&#8221; dedi. K\u0131l\u0131\u00e7&#8217;\u0131n bu s\u00f6zlere bozuldu\u011funu fark eden sunucu, konu\u015fmas\u0131n\u0131 yapmak \u00fczere k\u00fcrs\u00fcye gelen Anayasa Mahkemesi Ba\u015fkan\u0131n\u0131n kula\u011f\u0131na e\u011filerek, konu\u015fman\u0131n ard\u0131ndan d\u00fczeltme yapaca\u011f\u0131n\u0131 s\u00f6yledi. Ancak bu da K\u0131l\u0131\u00e7&#8217;\u0131n tepkisini engelleyemedi. &#8220;K\u0131z\u0131m\u0131za te\u015fekk\u00fcr ediyorum&#8221; diyen K\u0131l\u0131\u00e7, s\u00f6zlerini &#8221; Hukuk\u00e7u olmad\u0131\u011f\u0131m\u0131 gayet g\u00fczel izah etti. O nedenle bu konuyu ge\u00e7iyorum&#8221; \u015feklinde s\u00fcrd\u00fcrd\u00fc. Bu s\u00f6zler salonda buz gibi hava estirdi. Konu\u015fmas\u0131n\u0131 bitiren K\u0131l\u0131\u00e7 sahnedeyken sunucu bu kez durumu d\u00fczeltmek i\u00e7in &#8221; Hukuk\u00e7ulu\u011funuz da iktisat\u00e7\u0131l\u0131\u011f\u0131n\u0131z\u0131n \u00f6n\u00fcnde olsa gerek&#8221; dedi. Bu s\u00f6zler de K\u0131l\u0131\u00e7 taraf\u0131ndan so\u011fuk bir tebess\u00fcmle kar\u015f\u0131land\u0131.<\/p>\n<p style=\"text-align: justify;\">[flv]http:\/\/video.gazetevatan.com\/video\/file\/260920111746394017429.flv[\/flv]<\/p>\n<p style=\"text-align: justify;\"><strong>HUKUK DEVLET\u0130 VURGUSU\u00a0<\/strong><\/p>\n<p style=\"text-align: justify;\">K\u0131l\u0131\u00e7 t\u00f6rende yapt\u0131\u011f\u0131 konu\u015fmadaysa hukuk devleti vurgusu yapt\u0131. \u0130ktidar\u0131n g\u00fcc\u00fcn\u00fcn s\u0131n\u0131rs\u0131z olmad\u0131\u011f\u0131n\u0131 s\u00f6yleyen K\u0131l\u0131\u00e7, &#8221; \u0130ktidar\u0131n g\u00fcc\u00fcn\u00fcn s\u0131n\u0131rs\u0131z olmad\u0131\u011f\u0131n\u0131 vurgulad\u0131. Ancak K\u0131l\u0131\u00e7 bu s\u00f6zlerini bir uyar\u0131yla s\u00fcrd\u00fcrd\u00fc. K\u0131l\u0131\u00e7,&#8221; \u0130ktidar\u0131n g\u00fcc\u00fcn\u00fcn etkili bir \u015fekilde s\u0131n\u0131rland\u0131r\u0131lmas\u0131yla sadece yasama ve y\u00fcr\u00fctme organlar\u0131n\u0131 de\u011fil, yarg\u0131 iktidar\u0131n\u0131 da kastetti\u011fimi vurgulamal\u0131y\u0131m &#8221; \u015feklinde konu\u015ftu. Yarg\u0131n\u0131n s\u0131n\u0131r tan\u0131mazl\u0131\u011f\u0131n\u0131n felaketlerin en b\u00fcy\u00fc\u011f\u00fc olaca\u011f\u0131n\u0131 s\u00f6yleyen K\u0131l\u0131\u00e7,&#8221; Etraf\u0131n\u0131 saran ideloojik ku\u015fatmalardan kurtulan Yarg\u0131\u00e7, tarafs\u0131zl\u0131\u011f\u0131n onurunu y\u00fccelterek ya\u015fayacakt\u0131r&#8221; dedi. Demokrati hukuk devletinin insan onurunun yegane g\u00fcvencesi oldu\u011funu vurgulayan K\u0131l\u0131\u00e7 s\u00f6zlerini \u015fu \u015fekilde s\u00fcrd\u00fcrd\u00fc: Anayasada de\u011fi\u015ftirilemez maddeler, kayna\u011f\u0131n\u0131 insan onurunun dokunulmazl\u0131\u011f\u0131ndan almaktad\u0131r. \u0130nsan onuru, insan olma ortak paydas\u0131na sahip herkesin temel de\u011feridir. Bu evrensel de\u011ferin koruyucusu kamu d\u00fczenleyecileri olmak zorundad\u0131r. Yarg\u0131 bu de\u011ferin g\u00fcvencesidir. Sistemin de devletin de g\u00fcvencesi, ihlallerin ortadan kald\u0131r\u0131lmas\u0131na ba\u011fl\u0131d\u0131r.&#8221; K\u0131l\u0131\u00e7 s\u00f6zlerini, &#8220;Demokratik bir hukuk ddevleti olan T\u00fcrkiye&#8217;de ya\u015famak en b\u00fcyl\u00fck arzumuzdur.&#8221; diyerek tamamlad\u0131.<\/p>\n<p style=\"text-align: justify;\"><strong>KILI\u00c7DARO\u011eLU&#8217;NUN S\u00d6ZLER\u0130NE YANIT VERMED\u0130\u00a0<\/strong><\/p>\n<p style=\"text-align: justify;\">Anayasa Mahkemesi Ba\u015fkan\u0131 Ha\u015fim K\u0131l\u0131\u00e7, CHP Genel Ba\u015fkan\u0131 Kemal K\u0131l\u0131\u00e7daro\u011flu&#8217;nun g\u00fcndeme getirdi\u011fi , AK Parti kapatma davas\u0131 ve Askerlere Sivil Yarg\u0131 yolunun a\u00e7\u0131lmas\u0131 davalar\u0131 \u00f6ncesi Anayasa Mahkemesi Ba\u015fkan\u0131 K\u0131l\u0131\u00e7&#8217;\u0131n ABD B\u00fcy\u00fckel\u00e7isiyle g\u00f6r\u00fc\u015ft\u00fc\u011f\u00fc y\u00f6n\u00fcndeki iddialara yan\u0131t vermedi. K\u0131l\u0131\u00e7daro\u011flu&#8217;nun &#8216; o koltu\u011fu b\u0131rakmal\u0131d\u0131r &#8221; s\u00f6zlerine yan\u0131t vermeyen K\u0131l\u0131\u00e7, \u00dcniversiteden ayr\u0131ld\u0131.<\/p>\n<p style=\"text-align: justify;\"><a href=\"http:\/\/siyaset.milliyet.com.tr\/hasim-kilic-takdime-fena-bozuldu\/siyaset\/siyasetdetay\/26.09.2011\/1443388\/default.htm\" target=\"_blank\">Kaynak : Milliyet.com.tr<\/a><\/p>\n","protected":false},"excerpt":{"rendered":"<p style=\"text-align: center;\">\n<p style=\"text-align: justify;\">Anayasa Mahkemesi Ba\u015fkan\u0131 Ha\u015fim K\u0131l\u0131\u00e7&#8217;\u0131 konu\u015fmas\u0131n\u0131 yapmak i\u00e7in sahneye davet eden sunucu, K\u0131l\u0131\u00e7&#8217;\u0131n \u00f6zge\u00e7mi\u015fini okurken &#8220;Hukuk\u00e7u olmad\u0131\u011f\u0131 halde, T\u00fcrkiye Cumhuriyeti&#8217;nin ilk ekonomi mezunu Anayasa Mahkemesi Ba\u015fkan\u0131d\u0131r&#8221; dedi.<\/p>\n<p style=\"text-align: justify;\">K\u0131l\u0131\u00e7 sunucuya yan\u0131t verirken. K\u0131z\u0131m\u0131za te\u015fekk\u00fcr ediyorum. Hukuk\u00e7u olmad\u0131\u011f\u0131m\u0131 gayet g\u00fczel izah etti. O nedenle bu konuyu ge\u00e7iyorum&#8221; dedi. <\/p>\n","protected":false},"author":1,"featured_media":0,"comment_status":"open","ping_status":"open","sticky":false,"template":"","format":"standard","meta":{"footnotes":""},"categories":[105],"tags":[],"class_list":["post-40244","post","type-post","status-publish","format-standard","hentry","category-gundem","odd"],"_links":{"self":[{"href":"http:\/\/www.korhanyilmaz.com\/index.php?rest_route=\/wp\/v2\/posts\/40244","targetHints":{"allow":["GET"]}}],"collection":[{"href":"http:\/\/www.korhanyilmaz.com\/index.php?rest_route=\/wp\/v2\/posts"}],"about":[{"href":"http:\/\/www.korhanyilmaz.com\/index.php?rest_route=\/wp\/v2\/types\/post"}],"author":[{"embeddable":true,"href":"http:\/\/www.korhanyilmaz.com\/index.php?rest_route=\/wp\/v2\/users\/1"}],"replies":[{"embeddable":true,"href":"http:\/\/www.korhanyilmaz.com\/index.php?rest_route=%2Fwp%2Fv2%2Fcomments&post=40244"}],"version-history":[{"count":0,"href":"http:\/\/www.korhanyilmaz.com\/index.php?rest_route=\/wp\/v2\/posts\/40244\/revisions"}],"wp:attachment":[{"href":"http:\/\/www.korhanyilmaz.com\/index.php?rest_route=%2Fwp%2Fv2%2Fmedia&parent=40244"}],"wp:term":[{"taxonomy":"category","embeddable":true,"href":"http:\/\/www.korhanyilmaz.com\/index.php?rest_route=%2Fwp%2Fv2%2Fcategories&post=40244"},{"taxonomy":"post_tag","embeddable":true,"href":"http:\/\/www.korhanyilmaz.com\/index.php?rest_route=%2Fwp%2Fv2%2Ftags&post=40244"}],"curies":[{"name":"wp","href":"https:\/\/api.w.org\/{rel}","templated":true}]}}