{"id":40238,"date":"2011-09-26T19:08:13","date_gmt":"2011-09-26T16:08:13","guid":{"rendered":"http:\/\/www.korhanyilmaz.com\/?p=40238"},"modified":"2011-09-26T22:52:50","modified_gmt":"2011-09-26T19:52:50","slug":"akpli-ozdag-yazicioglunu-darbeciler-oldurdu","status":"publish","type":"post","link":"http:\/\/www.korhanyilmaz.com\/?p=40238","title":{"rendered":"AKP&#8217;li \u00d6zda\u011f: Yaz\u0131c\u0131o\u011flu&#8217;nu darbeciler \u00f6ld\u00fcrd\u00fc"},"content":{"rendered":"<p style=\"text-align: center;\"><a href=\"http:\/\/www.korhanyilmaz.com\/wp-content\/uploads\/2011\/09\/7035.jpg\"  class=\"lightview\"><img loading=\"lazy\" decoding=\"async\" class=\"aligncenter  wp-image-40239\" src=\"http:\/\/www.korhanyilmaz.com\/wp-content\/uploads\/2011\/09\/7035.jpg\" alt=\"\" width=\"336\" height=\"223\" \/><\/a><\/p>\n<p style=\"text-align: justify;\">Mu\u011fla \u00dcniversitesi 2011-2012 akademik a\u00e7\u0131l\u0131\u015f t\u00f6renine kat\u0131lan AK Parti Manisa Milletvekili Sel\u00e7uk \u00d6zda\u011f, helikopter kazas\u0131nda ya\u015fam\u0131n\u0131 yitiren B\u00fcy\u00fck Birlik Partisi (BBP) Genel Ba\u015fkan\u0131 Muhsin Yaz\u0131c\u0131o\u011flu&#8217;nun &#8216;darbeciler&#8217; taraf\u0131ndan \u00f6ld\u00fcr\u00fcld\u00fc\u011f\u00fcn\u00fc iddia etti.<\/p>\n<p style=\"text-align: justify;\">MU\u011eLA &#8211; Bir d\u00f6nem BBP Genel Ba\u015fkan Yard\u0131mc\u0131l\u0131\u011f\u0131 yapan AK Parti\u2019li \u00d6zda\u011f, &#8220;Yaz\u0131c\u0131o\u011flu darbeciler taraf\u0131ndan \u00f6ld\u00fcr\u00fcld\u00fc. 2-3 hafta i\u00e7erisinde Yaz\u0131c\u0131o\u011flu\u2019nun katilleri isimleriyle birlikte kamuoyuna sunulacak&#8221; dedi.\u00a0<!--more--><\/p>\n<p style=\"text-align: justify;\"><a href=\"http:\/\/www.korhanyilmaz.com\/wp-content\/uploads\/2011\/09\/7036.jpg\"  class=\"lightview\"><img loading=\"lazy\" decoding=\"async\" class=\"alignleft  wp-image-40240\" style=\"margin-left: 10px; margin-right: 10px;\" src=\"http:\/\/www.korhanyilmaz.com\/wp-content\/uploads\/2011\/09\/7036.jpg\" alt=\"\" width=\"240\" height=\"160\" \/><\/a>Mu\u011fla \u00dcniversitesi Beden E\u011fitimi ve Spor Y\u00fcksek Okulu\u2019nda 2006 y\u0131l\u0131nda yapt\u0131\u011f\u0131 a\u00e7\u0131klamalar nedeniyle \u00fcniversitedeki g\u00f6revinden uzakla\u015ft\u0131r\u0131lan AK Parti Manisa Milletvekili Sel\u00e7uk \u00d6zda\u011f, 5 y\u0131l sonra kovuldu\u011fu \u00fcniversiteye milletvekili olarak geldi. Mu\u011fla \u00dcniversitesi\u2019nin 2011-12 E\u011fitim \u00d6\u011fretim a\u00e7\u0131l\u0131\u015f program\u0131na kat\u0131lan \u00d6zda\u011f, helikopter kazas\u0131nda hayat\u0131n\u0131 kaybeden BBP Genel Ba\u015fkan\u0131 Muhsin Yaz\u0131c\u0131o\u011flu\u2019nun darbeciler taraf\u0131ndan katledildi\u011fini \u00f6ne s\u00fcrd\u00fc. Muhsin Yaz\u0131c\u0131o\u011flu ile 35 y\u0131ll\u0131k arkada\u015fl\u0131\u011f\u0131 ve 25 y\u0131ll\u0131k siyaset ge\u00e7mi\u015fi oldu\u011funa dikkati \u00e7eken \u00d6zda\u011f, \u015f\u00f6yle konu\u015ftu:<\/p>\n<p style=\"text-align: justify;\">&#8220;Say\u0131n Muhsin Yaz\u0131c\u0131o\u011flu ile \u00f6l\u00fcnceye kadar beraber \u00e7al\u0131\u015ft\u0131m. Partisinin \u00e7e\u015fitli kademelerinde g\u00f6rev ald\u0131m ve Genel Ba\u015fkan Yard\u0131mc\u0131l\u0131\u011f\u0131 g\u00f6revini \u00fcstlendim. Birlikte kader ve yol arkada\u015fl\u0131\u011f\u0131m\u0131z vard\u0131. Yaz\u0131c\u0131o\u011flu \u00e7ok de\u011ferli bir siyaset\u00e7iydi ve ne yaz\u0131k ki T\u00fcrkiye onu kaybetti. Yaz\u0131c\u0131o\u011flu, \u00f6ld\u00fcr\u00fclm\u00fc\u015ft\u00fcr. \u00d6zellikle son elde edilen bulgular ve Say\u0131n Cumhurba\u015fkan\u0131m\u0131z\u0131n \u2019Vidalar\u0131, oradaki par\u00e7alar\u0131 ke\u00e7iler mi s\u00f6kt\u00fc?\u2019 gibi \u00e7ok \u00e7arp\u0131c\u0131 bir ifadeyle kamuoyunun dikkatini bu cinayetin \u00fczerine \u00e7ekmi\u015ftir. Bu sayede helikopter kazas\u0131 tekrar g\u00fcndeme geldi.&#8221;<\/p>\n<p style=\"text-align: justify;\"><strong>\u00d6ZDA\u011e: DARBEC\u0130LER\u0130 DE\u015e\u0130FRE ETT\u0130<\/strong><\/p>\n<p style=\"text-align: justify;\">Yaz\u0131c\u0131o\u011flu\u2019nun darbe yapmak isteyenleri de\u015fifre etti\u011fini ve bu y\u00fczden \u00f6ld\u00fcr\u00fcld\u00fc\u011f\u00fcn\u00fc \u00f6ne s\u00fcren \u00d6zda\u011f, &#8220;Yaz\u0131c\u0131o\u011flu, T\u00fcrkiye\u2019deki cuntac\u0131lar\u0131n korkulu r\u00fcyas\u0131yd\u0131. Yaz\u0131c\u0131o\u011flu\u2019nun demokrasiyi i\u00e7selle\u015ftiremeyen, demokrasiyi ask\u0131ya almak isteyen insanlar\u0131n varl\u0131\u011f\u0131n\u0131 tespit ve de\u015fifre etti\u011fi i\u00e7in \u00f6ld\u00fcr\u00fcld\u00fc\u011f\u00fc kanaatindeyim. Birka\u00e7 hafta i\u00e7inde daha \u00f6nemli bulgulara ula\u015f\u0131lacakt\u0131r. Ben inan\u0131yorum ki bu helikopterin neden par\u00e7alar\u0131 s\u00f6k\u00fclm\u00fc\u015ft\u00fcr, bu par\u00e7alar\u0131 kimler s\u00f6km\u00fc\u015ft\u00fcr, isim isim ortaya \u00e7\u0131kacakt\u0131r. Zaten bu isimler \u015fuan bellidir. \u00d6zel yetkili savc\u0131lar devreye girmi\u015ftir. Daha \u00f6nce TBMM ara\u015ft\u0131rma komisyonuyla beraber bu i\u015fin tahkikat\u0131n\u0131 yapm\u0131\u015f ard\u0131ndan say\u0131n Cumhurba\u015fkan\u0131m\u0131z Devlet Denetleme Kurulu\u2019nu devreye sokmu\u015f \u015fimdi de \u00f6zel yetkili savc\u0131 g\u00f6revlendirilmi\u015ftir. Say\u0131n savc\u0131 dosyay\u0131 inceleyecektir. Ben inan\u0131yorum ki say\u0131n Yaz\u0131c\u0131o\u011flu\u2019nu katledenler ortaya \u00e7\u0131kacakt\u0131r&#8221; diye konu\u015ftu.<\/p>\n<p style=\"text-align: justify;\">Milletvekili \u00d6zda\u011f, s\u00f6zlerini \u015f\u00f6yle s\u00fcrd\u00fcrd\u00fc:<\/p>\n<p style=\"text-align: justify;\">&#8220;Yaz\u0131c\u0131o\u011flu\u2019na tahamm\u00fcl edemeyenler demokrasiye, farkl\u0131 fikirlere tahamm\u00fcl edemeyenlerdir. Yaz\u0131c\u0131o\u011flu darbecileri biliyordu. \u00d6zellikle T\u00fcrkiye\u2019de AK Parti iktidar\u0131na kar\u015f\u0131 demokrasiyi i\u00e7selle\u015ftirmeyenlerin varl\u0131\u011f\u0131n\u0131 biliyordu o nedenle Sivas\u2019tan gitti ba\u011f\u0131ms\u0131z aday oldu. B\u00fcy\u00fck projeleri bozdu. Bu projeler T\u00fcrkiye\u2019nin demokrasisini engellemek i\u00e7in ortaya konulmu\u015ftu. Yaz\u0131c\u0131o\u011flu \u00f6l\u00fcm\u00fcnde dahi T\u00fcrkiye\u2019ye hizmet etmi\u015ftir. Yaz\u0131c\u0131oo\u011flu T\u00fcrk siyaset hayat\u0131na damgas\u0131n\u0131 vuran bir isimdi. Darbeciler Muhsin Yaz\u0131c\u0131o\u011flu\u2019ndan hesap sormu\u015flard\u0131r ama millet ve tarih de darbecilerden Yaz\u0131c\u0131o\u011flu\u2019nu katledenlerden hesap soracakt\u0131r.&#8221;<\/p>\n<p style=\"text-align: justify;\"><a href=\"http:\/\/www.radikal.com.tr\/Radikal.aspx?aType=RadikalDetayV3&amp;ArticleID=1064507&amp;Date=26.09.2011&amp;CategoryID=78\" target=\"_blank\">Kaynak : Radikal.com.tr<\/a><\/p>\n","protected":false},"excerpt":{"rendered":"<p style=\"text-align: center;\">\n<p style=\"text-align: justify;\">Mu\u011fla \u00dcniversitesi 2011-2012 akademik a\u00e7\u0131l\u0131\u015f t\u00f6renine kat\u0131lan AK Parti Manisa Milletvekili Sel\u00e7uk \u00d6zda\u011f, helikopter kazas\u0131nda ya\u015fam\u0131n\u0131 yitiren B\u00fcy\u00fck Birlik Partisi (BBP) Genel Ba\u015fkan\u0131 Muhsin Yaz\u0131c\u0131o\u011flu&#8217;nun &#8216;darbeciler&#8217; taraf\u0131ndan \u00f6ld\u00fcr\u00fcld\u00fc\u011f\u00fcn\u00fc iddia etti.<\/p>\n<p style=\"text-align: justify;\">MU\u011eLA &#8211; Bir d\u00f6nem BBP Genel Ba\u015fkan Yard\u0131mc\u0131l\u0131\u011f\u0131 yapan AK Parti\u2019li \u00d6zda\u011f, &#8220;Yaz\u0131c\u0131o\u011flu darbeciler taraf\u0131ndan \u00f6ld\u00fcr\u00fcld\u00fc. 2-3 hafta <\/p>\n","protected":false},"author":1,"featured_media":0,"comment_status":"open","ping_status":"open","sticky":false,"template":"","format":"standard","meta":{"footnotes":""},"categories":[105],"tags":[144,103,104,407],"class_list":["post-40238","post","type-post","status-publish","format-standard","hentry","category-gundem","tag-bbp","tag-helikopter-kazasi","tag-muhsin-yazicioglu","tag-selcuk-ozdag","odd"],"_links":{"self":[{"href":"http:\/\/www.korhanyilmaz.com\/index.php?rest_route=\/wp\/v2\/posts\/40238","targetHints":{"allow":["GET"]}}],"collection":[{"href":"http:\/\/www.korhanyilmaz.com\/index.php?rest_route=\/wp\/v2\/posts"}],"about":[{"href":"http:\/\/www.korhanyilmaz.com\/index.php?rest_route=\/wp\/v2\/types\/post"}],"author":[{"embeddable":true,"href":"http:\/\/www.korhanyilmaz.com\/index.php?rest_route=\/wp\/v2\/users\/1"}],"replies":[{"embeddable":true,"href":"http:\/\/www.korhanyilmaz.com\/index.php?rest_route=%2Fwp%2Fv2%2Fcomments&post=40238"}],"version-history":[{"count":0,"href":"http:\/\/www.korhanyilmaz.com\/index.php?rest_route=\/wp\/v2\/posts\/40238\/revisions"}],"wp:attachment":[{"href":"http:\/\/www.korhanyilmaz.com\/index.php?rest_route=%2Fwp%2Fv2%2Fmedia&parent=40238"}],"wp:term":[{"taxonomy":"category","embeddable":true,"href":"http:\/\/www.korhanyilmaz.com\/index.php?rest_route=%2Fwp%2Fv2%2Fcategories&post=40238"},{"taxonomy":"post_tag","embeddable":true,"href":"http:\/\/www.korhanyilmaz.com\/index.php?rest_route=%2Fwp%2Fv2%2Ftags&post=40238"}],"curies":[{"name":"wp","href":"https:\/\/api.w.org\/{rel}","templated":true}]}}