{"id":40235,"date":"2011-09-26T14:08:37","date_gmt":"2011-09-26T11:08:37","guid":{"rendered":"http:\/\/www.korhanyilmaz.com\/?p=40235"},"modified":"2011-09-26T22:48:05","modified_gmt":"2011-09-26T19:48:05","slug":"karayilandan-bdpye-tavsiye","status":"publish","type":"post","link":"http:\/\/www.korhanyilmaz.com\/?p=40235","title":{"rendered":"Karay\u0131lan&#8217;dan BDP&#8217;ye tavsiye"},"content":{"rendered":"<p style=\"text-align: center;\"><a href=\"http:\/\/www.korhanyilmaz.com\/wp-content\/uploads\/2011\/09\/7034.jpg\"  class=\"lightview\"><img loading=\"lazy\" decoding=\"async\" class=\"aligncenter  wp-image-40236\" src=\"http:\/\/www.korhanyilmaz.com\/wp-content\/uploads\/2011\/09\/7034.jpg\" alt=\"\" width=\"320\" height=\"214\" \/><\/a><\/p>\n<p style=\"text-align: justify;\">PKK y\u00f6neticisi Murat Karay\u0131lan, &#8220;BDP&#8217;nin Meclis&#8217;e gitmesine negatif yakla\u015fm\u0131yoruz. Karar kendilerinindir&#8221; dedi.<\/p>\n<p style=\"text-align: justify;\">Ba\u015fta Ba\u015fbakan Yard\u0131mc\u0131s\u0131 B\u00fclent Ar\u0131n\u00e7 olmak \u00fczere iktidar yetkilileri ve bas\u0131n organlar\u0131n\u0131n \u0130ran taraf\u0131ndan yakalanm\u0131\u015f olabilece\u011fini ima ettikleri KCK y\u00f6neticisi Murat Karay\u0131lan bir s\u00fcre ortadan kaybolduktan sonra ikinci kez konu\u015ftu. \u201c\u00c7\u00f6z\u00fcm yeri New York de\u011fil, Ankara\u2019d\u0131r Amed\u2019dir\u201d diyen Karay\u0131lan, &#8220;Siirt&#8217;teki kad\u0131nlar\u0131n \u00f6ld\u00fcr\u00fclmesi olay\u0131nda gerilla Erdal kendini imha etmi\u015f olabilir&#8221; dedi.\u00a0<!--more--><\/p>\n<p style=\"text-align: justify;\">Karay\u0131lan\u2019\u0131n \u00f6rg\u00fcte yak\u0131n bir internet sitesine yapt\u0131\u011f\u0131 a\u00e7\u0131klamalarda, iktidar \u00e7evrelerinin PKK\u2019y\u0131 \u201c\u0130srail\u2019in ta\u015feronu\u201d su\u00e7lamalar\u0131na \u201cEl insaf\u201d dediklerini belirterek, \u201cDa\u011flarda k\u0131t kanaat ya\u015f\u0131yoruz. Halbuki siz daha \u00f6nce her t\u00fcrl\u00fc ittifak\u0131 ger\u00e7ekle\u015ftirerek, onlarca kez yapm\u0131\u015f oldu\u011funuz s\u0131n\u0131r \u00f6tesi harekatlarda sonu\u00e7 ald\u0131n\u0131z m\u0131 ki \u015fimdi de alacaks\u0131n\u0131z? Daha fazla \u00f6ld\u00fcrme tekni\u011fi, daha fazla katletme izni sizi hi\u00e7bir yere g\u00f6t\u00fcremez. Sorunun \u00e7\u00f6z\u00fcm\u00fc New York\u2019ta de\u011fil, Ankara ve Amed\u2019dedir\u201d dedi.<\/p>\n<p style=\"text-align: justify;\">M\u0130T-PKK g\u00f6r\u00fc\u015fme kasedini kendilerinin s\u0131zd\u0131rmad\u0131\u011f\u0131n\u0131 iddia eden Karay\u0131lan, kaset olay\u0131yla ortaya \u00e7\u0131kan g\u00f6r\u00fc\u015fmelerin neden sonu\u00e7suz kald\u0131\u011f\u0131na ili\u015fkin \u201cBir ekip g\u00f6r\u00fc\u015fmeye geliyor ama \u00f6b\u00fcr taraftan polis tutuklamaya, asker de \u00f6ld\u00fcrmeye geliyor. \u0130\u015fte sonu\u00e7suz kalmas\u0131n\u0131n nedeni budur\u201d dedi. Karay\u0131lan\u2019\u0131n a\u00e7\u0131klamalar\u0131ndan bir b\u00f6l\u00fcm\u00fc \u015f\u00f6yle:<\/p>\n<p style=\"text-align: justify;\"><strong>MANDELA&#8217;YA BENZETT\u0130<\/strong><\/p>\n<p style=\"text-align: justify;\">\u201c-G\u00fcney Afrika\u2019da da \u00f6yle olmad\u0131 m\u0131? Mandela ilk \u00f6nce \u00f6zg\u00fcr ko\u015fullara kavu\u015fturuldu, d\u0131\u015far\u0131yla ili\u015fki imk\u00e2nlar\u0131 yarat\u0131ld\u0131, daha sonra g\u00f6r\u00fc\u015fmeler ba\u015flad\u0131. Bizimki \u00f6yle de\u011fil, zaten g\u00f6r\u00fc\u015fmeler \u0130mral\u0131\u2019da ba\u015flad\u0131 ama ko\u015fullar\u0131n iyile\u015fmesi laz\u0131md\u0131r.<\/p>\n<p style=\"text-align: justify;\">-\u2018AKP h\u00fck\u00fcmeti baz\u0131 iyile\u015ftirici ad\u0131mlar att\u0131, K\u00fcrt\u00e7e \u00fczerindeki yasaklar kalkt\u0131, TRT-6 kuruldu, vb.\u2019 deniliyor. Ancak bu, pek de \u00f6yle de\u011fildir. K\u00fcrt\u00e7e \u00fczerindeki yasaklar daha 2002 y\u0131l\u0131nda kald\u0131r\u0131ld\u0131. TRT-6 kanal\u0131 ise se\u00e7im hesab\u0131yla a\u00e7\u0131lan bir kanald\u0131r. Geli\u015fmeler g\u00f6sterdi ki, h\u00fck\u00fcmet taraf\u0131ndan hi\u00e7bir pratik ad\u0131m\u0131n at\u0131lmamas\u0131n\u0131n as\u0131l nedeni, h\u00fck\u00fcmetin \u015fiddet y\u00f6ntemiyle sorunu \u00e7\u00f6zme e\u011filiminden vazge\u00e7memesidir.<\/p>\n<p style=\"text-align: justify;\"><strong>&#8216;SR\u0130 LANKA HAZIRLI\u011eI VAR&#8217;<\/strong><\/p>\n<p style=\"text-align: justify;\">-Bu konuda \u015fiddetten t\u00fcm\u00fcyle vazge\u00e7me karar ve iradesi olu\u015fmam\u0131\u015ft\u0131r. Bir taraftan bizimle g\u00f6r\u00fc\u015fmeler s\u00fcrd\u00fcr\u00fcl\u00fcrken, \u00f6b\u00fcr taraftan da \u0130ran, Irak ve yine daha de\u011fi\u015fik b\u00f6lgesel ve uluslararas\u0131 g\u00fc\u00e7lerle de g\u00f6r\u00fc\u015fmeler yap\u0131larak Sri Lanka benzeri bir katliam i\u00e7in kapsaml\u0131 bir konsept haz\u0131rl\u0131\u011f\u0131 y\u00fcr\u00fctm\u00fc\u015flerdir&#8230; \u00d6rne\u011fin; &#8216;AKP \u00e7\u00f6zecekti&#8217; diyeceklere soruyorum: AKP\u2019nin \u00e7\u00f6z\u00fcm projesi nedir, nerededir ve kim biliyor? Bu projenin i\u00e7eri\u011fi nedir, bilen var m\u0131d\u0131r? Hay\u0131r. Neden? \u00c7\u00fcnk\u00fc b\u00f6yle bir proje yoktur. \u00c7\u00fcnk\u00fc bizi g\u00fc\u00e7s\u00fczle\u015ftirerek geri ad\u0131m att\u0131rma ve zoraki bir bi\u00e7imde kendi \u00e7\u00f6z\u00fcm\u00fcne raz\u0131 etme hedefi vard\u0131r. Kendi \u00e7\u00f6z\u00fcm\u00fc de \u00e7\u00f6z\u00fcm de\u011fil, Osmanl\u0131 d\u00f6nemindeki gibi tebaas\u0131 haline getirme \u00e7\u00f6z\u00fcm\u00fcd\u00fcr.<\/p>\n<p style=\"text-align: justify;\">-Apo \u2018kimse beni ta\u015feron olarak kullanamaz, ben bu oyuna gelmem, aradan \u00e7ekiliyorum\u2019 dedi. Neden? \u00c7\u00fcnk\u00fc h\u00fck\u00fcmet bar\u0131\u015f\u00e7\u0131l \u00e7al\u0131\u015fma y\u00fcr\u00fctmenin ko\u015fullar\u0131n\u0131 ortadan kald\u0131rd\u0131.\u201d<\/p>\n<p style=\"text-align: justify;\"><strong>KASET HAKKINDA YORUMLAR<\/strong><\/p>\n<p style=\"text-align: justify;\">Karay\u0131lan, \u201cErdo\u011fan g\u00f6r\u00fc\u015fmeleri h\u00fck\u00fcmet olarak sahiplenmeyerek, devletin g\u00f6r\u00fc\u015ft\u00fc\u011f\u00fcn\u00fc s\u00f6yledi. Erdo\u011fan\u2019\u0131n bu yakla\u015f\u0131m\u0131n\u0131 nas\u0131l g\u00f6r\u00fcyorsunuz\u201d sorusuna, \u201cErdo\u011fan\u2019\u0131n g\u00f6r\u00fc\u015fmeleri halen ink\u00e2r etmesi, \u2018biz g\u00f6r\u00fc\u015fmedik, devlet g\u00f6r\u00fc\u015ft\u00fc\u2019 demesi pek anlaml\u0131 de\u011fildir. Asl\u0131nda mademki bas\u0131na s\u0131zd\u0131r\u0131ld\u0131 ve toplumda da herhangi bir tepki g\u00f6rmedi, g\u00f6r\u00fc\u015fmeyi Devlet mi yapt\u0131, h\u00fck\u00fcmet mi yapt\u0131 tart\u0131\u015fmas\u0131 yerine ger\u00e7ekleri halka anlatmak daha do\u011fru olurdu. Biz bu g\u00f6r\u00fc\u015fme s\u00fcreciyle ilgili daha fazla bir \u015fey anlatmayaca\u011f\u0131z. Konuya ciddi ve ilkeli yakla\u015f\u0131yoruz. Bizim a\u00e7\u0131klamam\u0131z bu \u00e7er\u00e7eveyle s\u0131n\u0131rl\u0131 olacakt\u0131r. Bu g\u00f6r\u00fc\u015fme s\u00fcrecinin detaylar\u0131n\u0131 daha fazla a\u00e7\u0131klamayaca\u011f\u0131z. Ama T\u00fcrk devlet taraf\u0131n\u0131n daha fazla a\u00e7\u0131klama yapmas\u0131 gerekirdi. Bunu yap\u0131p yapmamalar\u0131 kendilerinin sorunudur ama ka\u00e7ak sava\u015fman\u0131n bir anlam\u0131 yoktur. Bu konuyla ilgili, PKK olarak \u015fimdilik bu belirtti\u011fimiz \u00e7er\u00e7eveyle s\u0131n\u0131rl\u0131 kalaca\u011f\u0131z\u201d dedi.<\/p>\n<p style=\"text-align: justify;\"><strong>ERGENEKON YILLARCA B\u0130Z\u0130MLE SAVA\u015eTI<\/strong><\/p>\n<p style=\"text-align: justify;\">Karay\u0131lan, \u201cErdo\u011fan\u2019\u0131n New York ziyaretinde hareketinize y\u00f6nelik yapt\u0131\u011f\u0131 \u00e7a\u011fr\u0131lara yan\u0131t\u0131n\u0131z nedir\u201d sorusuna ise \u015f\u00f6yle dedi:<\/p>\n<p style=\"text-align: justify;\">\u201cErdo\u011fan\u2019\u0131n \u2018PKK silah b\u0131rakana kadar operasyonlar devam eder\u2019 s\u00f6z\u00fc, AKP h\u00fck\u00fcmeti iktidarda oldu\u011fu s\u00fcrece bu sava\u015f devam edecektir anlam\u0131na gelmektedir. Daha \u00f6nce de bir\u00e7ok ba\u015fbakan buna benzer konu\u015fmalar yapm\u0131\u015flard\u0131. Onlar hepsi gittiler ama biz buraday\u0131z. Ergenekon denilen yap\u0131 bu iddiayla y\u0131llarca bizimle sava\u015ft\u0131 ve katliamlar ger\u00e7ekle\u015ftirdi. Hepsinin temel \u015fiar\u0131 \u2018PKK teslim olup silah b\u0131rakana kadar devam edece\u011fiz\u2019 bi\u00e7imindeydi. \u015eimdi bu s\u00f6z\u00fc tekrar etmek ge\u00e7mi\u015ften hi\u00e7 ders almamak anlam\u0131na gelmektedir.\u201d<\/p>\n<p style=\"text-align: justify;\"><strong>&#8220;GER\u0130LLA ERDAL \u00dcZ\u00dcNT\u00dcDEN KEND\u0130N\u0130 \u0130MHA MI ETT\u0130?&#8221;<\/strong><\/p>\n<p style=\"text-align: justify;\">Siirt\u2019te d\u00f6rt kad\u0131n\u0131n \u00f6ld\u00fcr\u00fcld\u00fc\u011f\u00fc olaydan \u00fcz\u00fcnt\u00fc duyduklar\u0131n\u0131 eylemin \u201cyanl\u0131\u015fl\u0131kla\u201d yap\u0131ld\u0131\u011f\u0131n\u0131 belirten Karay\u0131lan, \u201cAyn\u0131 olayda eylemcilerden Erdal ad\u0131nda bir gerilla arkada\u015f\u0131m\u0131z\u0131n da \u015fehit d\u00fc\u015ft\u00fc\u011f\u00fc bilgisi vard\u0131r. Hatta eylem i\u00e7inde durumu fark etti\u011fi i\u00e7in kendini imha etmi\u015f olma ihtimali vard\u0131r. \u00c7\u00fcnk\u00fc \u00e7ok duyarl\u0131, halk\u0131 ve \u00fclkesi i\u00e7in her \u015feyini feda edebilecek de\u011ferli bir militand\u0131. Bu de\u011ferli arkada\u015f\u0131n ailesine ve t\u00fcm K\u00fcrdistan halk\u0131na ba\u015fsa\u011fl\u0131\u011f\u0131 diliyorum\u201d dedi.<\/p>\n<p style=\"text-align: justify;\"><strong>SALDIRIDA T\u0130T\u0130ZL\u0130K G\u00d6STER\u0130LMEM\u0130\u015e<\/strong><\/p>\n<p style=\"text-align: justify;\">Bu konuda HPG\u2019nin ba\u015flatt\u0131\u011f\u0131 soru\u015fturmay\u0131 kesinlikle hukukuna uygun olarak sonu\u00e7land\u0131rmak gerekti\u011fini belirten Karay\u0131lan \u201cBu yanl\u0131\u015f neden yap\u0131lm\u0131\u015ft\u0131r? Tabii ki hedefler bizim insanlar\u0131m\u0131z de\u011fildir. Yine biz, insan\u0131m\u0131z olsun olmas\u0131n, sivil insanlar\u0131 hedeflemeyiz. T\u00fcrkiye topraklar\u0131nda ya\u015fayan herkes bizim insan\u0131m\u0131zd\u0131r. Farkl\u0131 bir \u015fey hedeflenmi\u015f deniliyor ama burada dikkat, titizlik ve hassasiyet olmas\u0131 gerekiyordu\u201d dedi.<\/p>\n<p style=\"text-align: justify;\"><strong>ANKARA PATLAMALARI<\/strong><\/p>\n<p style=\"text-align: justify;\">Karay\u0131lan, Ankara patlamalar\u0131n\u0131 do\u011fru g\u00f6rmediklerini, sivillere kar\u015f\u0131 eylem yap\u0131lmamas\u0131 gerekti\u011fini, TAK\u2019\u0131n PKK ile bir ilgisi bulunmad\u0131\u011f\u0131n\u0131 iddia ederken, \u201c\u00d6zellikle AKP h\u00fck\u00fcmetinin \u00d6nder Apo\u2019ya bu denli hukuksuz ve etik d\u0131\u015f\u0131 yakla\u015fmas\u0131, se\u00e7ilmi\u015f K\u00fcrt temsilcilerini rencide eden uygulamalarla y\u00fcz y\u00fcze b\u0131rakmas\u0131, \u00e7o\u011funu al\u0131p \u2018KCK \u00fcyesisiniz\u2019 diyerek tutuklamas\u0131 ve K\u00fcrdistan sokaklar\u0131n\u0131 adeta bir i\u015fkencehaneye d\u00f6n\u00fc\u015ft\u00fcrmesi, k\u0131saca K\u00fcrt halk\u0131n\u0131n onurunu rencide eden uygulamalar\u0131 kar\u015f\u0131s\u0131nda sava\u015fta kontrol sa\u011flamak \u00e7ok zordur\u201d kayd\u0131n\u0131 da d\u00fc\u015ft\u00fc.<\/p>\n<p style=\"text-align: justify;\"><a href=\"http:\/\/www.radikal.com.tr\/Radikal.aspx?aType=RadikalDetayV3&amp;ArticleID=1064490&amp;Date=26.09.2011&amp;CategoryID=77\" target=\"_blank\">Kaynak : Radikal.com.tr<\/a><\/p>\n","protected":false},"excerpt":{"rendered":"<p style=\"text-align: center;\">\n<p style=\"text-align: justify;\">PKK y\u00f6neticisi Murat Karay\u0131lan, &#8220;BDP&#8217;nin Meclis&#8217;e gitmesine negatif yakla\u015fm\u0131yoruz. Karar kendilerinindir&#8221; dedi.<\/p>\n<p style=\"text-align: justify;\">Ba\u015fta Ba\u015fbakan Yard\u0131mc\u0131s\u0131 B\u00fclent Ar\u0131n\u00e7 olmak \u00fczere iktidar yetkilileri ve bas\u0131n organlar\u0131n\u0131n \u0130ran taraf\u0131ndan yakalanm\u0131\u015f olabilece\u011fini ima ettikleri KCK y\u00f6neticisi Murat Karay\u0131lan bir s\u00fcre ortadan kaybolduktan sonra ikinci kez konu\u015ftu. \u201c\u00c7\u00f6z\u00fcm yeri New York de\u011fil, Ankara\u2019d\u0131r <\/p>\n","protected":false},"author":1,"featured_media":0,"comment_status":"open","ping_status":"open","sticky":false,"template":"","format":"standard","meta":{"footnotes":""},"categories":[105],"tags":[],"class_list":["post-40235","post","type-post","status-publish","format-standard","hentry","category-gundem","odd"],"_links":{"self":[{"href":"http:\/\/www.korhanyilmaz.com\/index.php?rest_route=\/wp\/v2\/posts\/40235","targetHints":{"allow":["GET"]}}],"collection":[{"href":"http:\/\/www.korhanyilmaz.com\/index.php?rest_route=\/wp\/v2\/posts"}],"about":[{"href":"http:\/\/www.korhanyilmaz.com\/index.php?rest_route=\/wp\/v2\/types\/post"}],"author":[{"embeddable":true,"href":"http:\/\/www.korhanyilmaz.com\/index.php?rest_route=\/wp\/v2\/users\/1"}],"replies":[{"embeddable":true,"href":"http:\/\/www.korhanyilmaz.com\/index.php?rest_route=%2Fwp%2Fv2%2Fcomments&post=40235"}],"version-history":[{"count":0,"href":"http:\/\/www.korhanyilmaz.com\/index.php?rest_route=\/wp\/v2\/posts\/40235\/revisions"}],"wp:attachment":[{"href":"http:\/\/www.korhanyilmaz.com\/index.php?rest_route=%2Fwp%2Fv2%2Fmedia&parent=40235"}],"wp:term":[{"taxonomy":"category","embeddable":true,"href":"http:\/\/www.korhanyilmaz.com\/index.php?rest_route=%2Fwp%2Fv2%2Fcategories&post=40235"},{"taxonomy":"post_tag","embeddable":true,"href":"http:\/\/www.korhanyilmaz.com\/index.php?rest_route=%2Fwp%2Fv2%2Ftags&post=40235"}],"curies":[{"name":"wp","href":"https:\/\/api.w.org\/{rel}","templated":true}]}}