{"id":40231,"date":"2011-09-26T15:54:32","date_gmt":"2011-09-26T12:54:32","guid":{"rendered":"http:\/\/www.korhanyilmaz.com\/?p=40231"},"modified":"2011-09-26T22:37:14","modified_gmt":"2011-09-26T19:37:14","slug":"basbakanla-demirtas-gencimi-geri-versin","status":"publish","type":"post","link":"http:\/\/www.korhanyilmaz.com\/?p=40231","title":{"rendered":"&#8216;Ba\u015fbakan&#8217;la Demirta\u015f gencimi geri versin&#8217;"},"content":{"rendered":"<p style=\"text-align: center;\"><a href=\"http:\/\/www.korhanyilmaz.com\/wp-content\/uploads\/2011\/09\/7030.jpg\"  class=\"lightview\"><img loading=\"lazy\" decoding=\"async\" class=\"aligncenter  wp-image-40232\" src=\"http:\/\/www.korhanyilmaz.com\/wp-content\/uploads\/2011\/09\/7030.jpg\" alt=\"\" width=\"413\" height=\"275\" \/><\/a><\/p>\n<p style=\"text-align: justify;\">Siirt\u2019in Pervari il\u00e7esine ba\u011fl\u0131 Belenoluk Jandarma Karakolu\u2019na PKK taraf\u0131ndan d\u00fczenlenen sald\u0131r\u0131da \u015fehit olan 6 asker bug\u00fcn topra\u011fa veriliyor.<\/p>\n<p style=\"text-align: justify;\">\u0130zmir\u2019de Jandarma Er \u00d6nder Turgay&#8217;\u0131n cenaze t\u00f6reninde gerginlik ya\u015fand\u0131. \u201cPKK Meclis&#8217;te yurtseverler hapiste\u201d slogan\u0131na tepki g\u00f6steren \u015fehit yak\u0131nlar\u0131 \u201cVatan hainleri sizsiniz\u201d diye ba\u011f\u0131rd\u0131.\u00a0<!--more--><\/p>\n<p style=\"text-align: justify;\">Cami \u00f6n\u00fcne gelen bir grup \u201c\u015eehitler \u00f6lmez vatan b\u00f6l\u00fcnmez\u201d diye slogan at\u0131nca, \u015fehit yak\u0131nlar\u0131 \u201c\u0130yilik yapmak istiyorsan\u0131z dua edin l\u00fctfen\u201d diyerek grubu susturmaya \u00e7al\u0131\u015ft\u0131.<\/p>\n<p style=\"text-align: justify;\">\u015eehidin cenazesi, k\u0131l\u0131nan namaz\u0131n ard\u0131ndan bir s\u00fcre omuzlarda ta\u015f\u0131narak askeri top arabas\u0131na konuldu. Bu s\u0131rada cami \u00f6n\u00fcnde toplanan ve T\u00fcrk bayraklar\u0131 a\u00e7an grubun \u201cPKK Meclis&#8217;te yurtseverler hapiste\u201d slogan\u0131na sinirlenen \u015fehit yak\u0131nlar\u0131 gruba \u201cVatan hainleri sizsiniz\u201d diye ba\u011f\u0131rd\u0131.<\/p>\n<p style=\"text-align: justify;\">Bir \u015fehit yak\u0131n\u0131 da \u201cTa\u015fk\u0131nl\u0131k yapmay\u0131n, bu parti meselesi de\u011fil. Ba\u015fbakan&#8217;a da Selahattin Demirta\u015f&#8217;a da sesleniyorum, gelsinler gencimi geri versinler\u201d dedi.<\/p>\n<p style=\"text-align: justify;\">\u015eehit yak\u0131nlar\u0131, \u00e7evredekiler taraf\u0131ndan sakinle\u015ftirilirken, polisler de slogan atan grubu uzakla\u015ft\u0131rd\u0131. \u015eehit erin cenaze Kadifekale Hava \u015eehitli\u011fi&#8217;nde topra\u011fa verildi.<\/p>\n<p style=\"text-align: justify;\"><strong>KONYA &#8211; &#8216;KOMUTANLARA S\u00d6YLEY\u0130N \u00d6LD\u00dcRTMES\u0130NLER&#8217;<\/strong><\/p>\n<p style=\"text-align: justify;\">Jandarma Er Halil \u0130brahim T\u00fcrkmen&#8217;in cenazesine 10 bin ki\u015fi kat\u0131ld\u0131. \u015eehit askerin k\u0131z karde\u015fi &#8216;Komutanlara s\u00f6yleyin askerleri \u00f6ld\u00fcrtmesinler&#8217; dedi.<\/p>\n<p style=\"text-align: justify;\">Evin \u00f6n\u00fcnde duran ambulansa binen anne Fadime T\u00fcrkmen, ni\u015fanl\u0131s\u0131 Kezban G\u00f6kta\u015f ve karde\u015fleri 10 ya\u015f\u0131ndaki Nermin ve 19 ya\u015f\u0131ndaki Merve T\u00fcrkmen tabuta sar\u0131larak g\u00f6zya\u015f\u0131 d\u00f6kt\u00fc. K\u00fc\u00e7\u00fck karde\u015fi Nermin\u2019in &#8220;A\u011fabeyimi b\u00f6yle al bayraklara m\u0131 sar\u0131p g\u00f6nderecektiniz\u2019 diyerek a\u011flamas\u0131, g\u00f6renleri duyguland\u0131rd\u0131. Fenala\u015fan anne Fadime ile k\u0131z karde\u015fi Merve\u2019ye sa\u011fl\u0131k g\u00f6revlileri m\u00fcdahale etti.<\/p>\n<p style=\"text-align: justify;\">Vali Ayd\u0131n Nezin Do\u011fan, ba\u015f sa\u011fl\u0131\u011f\u0131 dilemek \u00fczere T\u00fcrkmen ailesi\u2019nin yan\u0131na gitti. Bu s\u0131rada \u015fehidin k\u0131z karde\u015fi Nermin T\u00fcrkmen, Vali Do\u011fan\u2019a \u201dBunlar hep askerleri \u00f6ld\u00fcr\u00fcyorlar. Komutanlara s\u00f6yleyin askerleri \u00f6ld\u00fcrtmesinler\u2019 diyerek g\u00f6zya\u015f\u0131 d\u00f6kt\u00fc. T\u00f6ren s\u0131ras\u0131nda T\u00fcrk Bayra\u011f\u0131\u2019na sar\u0131l\u0131 tabuta sar\u0131lan k\u00fc\u00e7\u00fck k\u0131z karde\u015f Merve T\u00fcrkmen de &#8220;Bizi b\u0131rak\u0131p nereye gidiyorsun\u2019 diyerek a\u011flad\u0131. K\u00fc\u00e7\u00fck k\u0131z, yak\u0131nlar\u0131 taraf\u0131ndan teselli edildi.<\/p>\n<p style=\"text-align: justify;\"><strong>S\u0130NOP \u2013 A\u011eABEYLER\u0130 FENALIK GE\u00c7\u0130RD\u0130<\/strong><\/p>\n<p style=\"text-align: justify;\">Terhisine 70 g\u00fcn kala \u015fehit olan er \u00d6mer Dursun\u2019un cenazesi, Boyabat Devlet Hastanesi morgundan al\u0131nd\u0131ktan sonra 5 bin ki\u015finin kat\u0131ld\u0131\u011f\u0131 kortej e\u015fli\u011finde Merkez Caddesi\u2019ndeki Otogar alan\u0131na getirildi.<\/p>\n<p style=\"text-align: justify;\">T\u00f6ren alan\u0131nda \u015fehit askerin annesi 62 ya\u015f\u0131ndaki G\u00fclizar Dursun o\u011flunun tabutuna sar\u0131l\u0131p g\u00f6zya\u015f\u0131 d\u00f6kt\u00fc. Ac\u0131l\u0131 anneyi yak\u0131nlar\u0131 teselli etmeye \u00e7al\u0131\u015ft\u0131. \u015eehit a\u011fabeyleri 23 ya\u015f\u0131ndaki Bayram ve 24 ya\u015f\u0131ndaki Vural Dursun t\u00f6ren s\u0131ras\u0131nda fenal\u0131k ge\u00e7irdi. \u0130ki a\u011fabeye 112 acil servis ekipleri alanda m\u00fcdahale etti. Bayram ve Vural Dursun, t\u00f6ren s\u00fcresince g\u00fc\u00e7l\u00fckle ayakta durabildi.<\/p>\n<p style=\"text-align: justify;\"><strong>ANTALYA \u2013 \u2018A\u011eLAMAYACA\u011eIM\u2019<\/strong><\/p>\n<p style=\"text-align: justify;\">T\u00f6ren \u00f6ncesi \u015fehit Adem Y\u00f6r\u00fck&#8217;\u00fcn babas\u0131 \u0130lyas Y\u00f6r\u00fck, annesi Meryem Y\u00f6r\u00fck, karde\u015fi M\u00fckerrem Y\u00f6r\u00fck ve ni\u015fanl\u0131s\u0131 \u00d6zlem Karada\u011f&#8217;\u0131n g\u00fc\u00e7l\u00fckle ayakta durabildikleri g\u00f6r\u00fcld\u00fc. O\u011flunun tabutuna sar\u0131lan baba \u0130lyas Y\u00f6r\u00fck, a\u011flamayaca\u011f\u0131n\u0131 s\u00f6yledi.<\/p>\n<p style=\"text-align: justify;\">Sayg\u0131 duru\u015fu ile ba\u015flayan t\u00f6rende \u015fehit Adem Y\u00f6r\u00fck&#8217;\u00fcn \u00f6zge\u00e7mi\u015fi okundu. Cenaze namaz\u0131 Antalya \u0130l M\u00fcft\u00fcs\u00fc Mahmut Yeleser taraf\u0131ndan k\u0131ld\u0131r\u0131ld\u0131.<\/p>\n<p style=\"text-align: justify;\">Cenaze namaz\u0131ndan sonra \u015fehit Adem Y\u00f6r\u00fck&#8217;\u00fcn tabutu bir s\u00fcre askerler taraf\u0131ndan ta\u015f\u0131nd\u0131ktan sonra vatanda\u015flar\u0131n omuzlar\u0131nda K\u00fc\u00e7\u00fckk\u00f6y Mezarl\u0131\u011f\u0131&#8217;na getirildi. Cenaze, dualar e\u015fli\u011finde topra\u011fa verildi.<\/p>\n<p style=\"text-align: justify;\"><strong>\u0130ZM\u0130R &#8211; &#8216;HER \u015eEY YARIM KALDI&#8217;<\/strong><\/p>\n<p style=\"text-align: justify;\">Jandarma K\u0131demli Ba\u015f\u00e7avu\u015f Erdal Canbulat ile jandarma er \u00d6nder Turgay&#8217;\u0131n cenazeleri \u0130zmir&#8217;de topra\u011fa verildi.<\/p>\n<p style=\"text-align: justify;\">\u015eehit Ba\u015f\u00e7avu\u015f Canbulat&#8217;\u0131n cenazesi, Bay\u0131nd\u0131r Devlet Hastanesi morgundan al\u0131narak, Cumhuriyet Meydan\u0131&#8217;nda olu\u015fturulan kortej e\u015fli\u011finde Zeytinova beldesine getirildi. \u015eehidin 13 ya\u015f\u0131ndaki k\u0131z\u0131 Beyza da cenaze arac\u0131nda yer ald\u0131.<\/p>\n<p style=\"text-align: justify;\">Zeytinova Merkez Camisi&#8217;ndeki t\u00f6rende g\u00f6zya\u015f\u0131 d\u00f6ken \u015fehidin e\u015fi \u00d6zlem Canbulat, k\u0131z\u0131 Beyza, karde\u015fleri Mustafa Canbulat ve Emine Din\u00e7er, yak\u0131nlar\u0131 taraf\u0131ndan teselli edilmeye \u00e7al\u0131\u015f\u0131ld\u0131. 1,5 ya\u015f\u0131ndaki Berna da babas\u0131n\u0131n cenaze t\u00f6renini aile yak\u0131nlar\u0131n\u0131n kuca\u011f\u0131nda izledi.<\/p>\n<p style=\"text-align: justify;\">Tabutun ba\u015f\u0131nda \u201cher \u015fey yar\u0131m kald\u0131\u201d diyerek a\u011flayan Mustafa Canbulat&#8217;\u0131n, emekli olduktan sonra a\u011fabeyi ile i\u015f kurmaya haz\u0131rland\u0131\u011f\u0131 \u00f6\u011frenildi.<\/p>\n<p style=\"text-align: justify;\"><strong>\u015eIRNAK &#8211; G\u00d6K TOPRA\u011eA VER\u0130LD\u0130<\/strong><\/p>\n<p style=\"text-align: justify;\">\u015eehit olan jandarma er Recep G\u00f6k&#8217;\u00fcn cenazesi memleketi \u015e\u0131rnak&#8217;\u0131n Beyt\u00fc\u015f\u015febap il\u00e7esinde topra\u011fa verildi.<\/p>\n<p style=\"text-align: justify;\">Sald\u0131r\u0131da a\u011f\u0131r yaralanan ve kald\u0131r\u0131ld\u0131\u011f\u0131 GATA&#8217;da \u015fehit olan G\u00f6k&#8217;\u00fcn cenazesi, askeri helikopterle Bo\u011faz\u00f6ren Jandarma Karakolu&#8217;na getirildi.<\/p>\n<p style=\"text-align: justify;\">Buradan al\u0131narak Pirin\u00e7li k\u00f6y\u00fcne g\u00f6t\u00fcr\u00fclen \u015fehit G\u00f6k&#8217;\u00fcn cenazesi, Kavakl\u0131 Mahallesi&#8217;nde k\u0131l\u0131nan cenaze namaz\u0131n\u0131n ard\u0131ndan Kavakl\u0131 Mezarl\u0131\u011f\u0131&#8217;nda topra\u011fa verildi.<\/p>\n<p style=\"text-align: justify;\"><strong>NE OLMU\u015eTU?<\/strong><\/p>\n<p style=\"text-align: justify;\">Siirt&#8217;in Pervari il\u00e7esinde Belenoluk Jandarma Karakol Komutanl\u0131\u011f\u0131na d\u00fczenlenen sald\u0131r\u0131 sonucu \u00e7\u0131kan \u00e7at\u0131\u015fmada 6 asker \u015fehit olmu\u015f, 10 asker de yaralanm\u0131\u015ft\u0131.<\/p>\n<p style=\"text-align: justify;\"><a href=\"http:\/\/www.ntvmsnbc.com\/id\/25282798\/\" target=\"_blank\">Kaynak : NTVMSNBC<\/a><\/p>\n","protected":false},"excerpt":{"rendered":"<p style=\"text-align: center;\">\n<p style=\"text-align: justify;\">Siirt\u2019in Pervari il\u00e7esine ba\u011fl\u0131 Belenoluk Jandarma Karakolu\u2019na PKK taraf\u0131ndan d\u00fczenlenen sald\u0131r\u0131da \u015fehit olan 6 asker bug\u00fcn topra\u011fa veriliyor.<\/p>\n<p style=\"text-align: justify;\">\u0130zmir\u2019de Jandarma Er \u00d6nder Turgay&#8217;\u0131n cenaze t\u00f6reninde gerginlik ya\u015fand\u0131. \u201cPKK Meclis&#8217;te yurtseverler hapiste\u201d slogan\u0131na tepki g\u00f6steren \u015fehit yak\u0131nlar\u0131 \u201cVatan hainleri sizsiniz\u201d diye ba\u011f\u0131rd\u0131. <\/p>\n","protected":false},"author":1,"featured_media":0,"comment_status":"open","ping_status":"open","sticky":false,"template":"","format":"standard","meta":{"footnotes":""},"categories":[105],"tags":[],"class_list":["post-40231","post","type-post","status-publish","format-standard","hentry","category-gundem","odd"],"_links":{"self":[{"href":"http:\/\/www.korhanyilmaz.com\/index.php?rest_route=\/wp\/v2\/posts\/40231","targetHints":{"allow":["GET"]}}],"collection":[{"href":"http:\/\/www.korhanyilmaz.com\/index.php?rest_route=\/wp\/v2\/posts"}],"about":[{"href":"http:\/\/www.korhanyilmaz.com\/index.php?rest_route=\/wp\/v2\/types\/post"}],"author":[{"embeddable":true,"href":"http:\/\/www.korhanyilmaz.com\/index.php?rest_route=\/wp\/v2\/users\/1"}],"replies":[{"embeddable":true,"href":"http:\/\/www.korhanyilmaz.com\/index.php?rest_route=%2Fwp%2Fv2%2Fcomments&post=40231"}],"version-history":[{"count":0,"href":"http:\/\/www.korhanyilmaz.com\/index.php?rest_route=\/wp\/v2\/posts\/40231\/revisions"}],"wp:attachment":[{"href":"http:\/\/www.korhanyilmaz.com\/index.php?rest_route=%2Fwp%2Fv2%2Fmedia&parent=40231"}],"wp:term":[{"taxonomy":"category","embeddable":true,"href":"http:\/\/www.korhanyilmaz.com\/index.php?rest_route=%2Fwp%2Fv2%2Fcategories&post=40231"},{"taxonomy":"post_tag","embeddable":true,"href":"http:\/\/www.korhanyilmaz.com\/index.php?rest_route=%2Fwp%2Fv2%2Ftags&post=40231"}],"curies":[{"name":"wp","href":"https:\/\/api.w.org\/{rel}","templated":true}]}}