{"id":40227,"date":"2011-09-26T17:18:42","date_gmt":"2011-09-26T14:18:42","guid":{"rendered":"http:\/\/www.korhanyilmaz.com\/?p=40227"},"modified":"2011-09-26T22:03:39","modified_gmt":"2011-09-26T19:03:39","slug":"yargic-turk-yargisi-bitmis-dedi-istifa-etti","status":"publish","type":"post","link":"http:\/\/www.korhanyilmaz.com\/?p=40227","title":{"rendered":"Yarg\u0131\u00e7, \u2018T\u00fcrk yarg\u0131s\u0131 bitmi\u015f\u2019 dedi, istifa etti!"},"content":{"rendered":"<p style=\"text-align: center;\"><a href=\"http:\/\/www.korhanyilmaz.com\/wp-content\/uploads\/2011\/09\/7029.jpg\"  class=\"lightview\"><img loading=\"lazy\" decoding=\"async\" class=\"aligncenter  wp-image-40228\" src=\"http:\/\/www.korhanyilmaz.com\/wp-content\/uploads\/2011\/09\/7029.jpg\" alt=\"\" width=\"290\" height=\"211\" \/><\/a><\/p>\n<p style=\"text-align: justify;\">ANKARA &#8211; Yarg\u0131tay Tetkik Hakimi ve YARSAV Y\u00f6netim Kurulu \u00fcyesi Celal \u00c7elik, Yarg\u0131tay\u2019dan istifa etti\u011fini a\u00e7\u0131klad\u0131. YARSAV\u2019da bir bas\u0131n toplant\u0131s\u0131 d\u00fczenleyen \u00c7elik, istifas\u0131n\u0131 Yarg\u0131tay Ba\u015fkanl\u0131\u011f\u0131\u2019na sundu\u011funu belirterek Yarg\u0131tay \u00fcyelerinin ve daire Ba\u015fkanlar\u0131n\u0131n hak etmedikleri \u015fekilde g\u00f6rev yerlerinden al\u0131narak, farkl\u0131 dairelerde g\u00f6revlendirildiklerini belirtti.\u00a0<!--more--><\/p>\n<p style=\"text-align: justify;\">\u00c7elik, ya\u015fanan bu durumun bir s\u00fcre sonra kendilerine de yans\u0131yaca\u011f\u0131n\u0131n alt\u0131n\u0131 \u00e7izerek, istifa karar\u0131n\u0131 almak durumunda kald\u0131\u011f\u0131n\u0131 kaydetti. Yarg\u0131tay \u2019daki bir \u00e7ok hakim ve savc\u0131n\u0131n emeklilik s\u00fcresini doldurdu\u011fu i\u00e7in emekliye ayr\u0131lma yolunu tercih etti\u011fini an\u0131msatan \u00c7elik, 40 ya\u015f\u0131nda oldu\u011funu, 12 y\u0131ld\u0131r yarg\u0131\u00e7l\u0131k yapt\u0131\u011f\u0131n\u0131 ve emeklilik s\u00fcresini doldurmak i\u00e7in \u00f6n\u00fcnde 10 y\u0131l\u0131 bulundu\u011funu ifade etti. \u00c7elik, \u201c\u0130ki k\u0131z\u0131m var, ekonomik olarak ayr\u0131lman\u0131n zorluklar\u0131n\u0131 bilerek, istifay\u0131 g\u00f6ze ald\u0131m. Benim i\u00e7in \u00e7ok zor bir karard\u0131. Midemin kald\u0131ramayaca\u011f\u0131 kadar sorunlarla kar\u015f\u0131 kar\u015f\u0131ya kald\u0131\u011f\u0131m\u0131z\u0131 d\u00fc\u015f\u00fcn\u00fcyorum. T\u00fcrk yarg\u0131s\u0131 \u00e7ok derin s\u0131k\u0131nt\u0131lar ya\u015f\u0131yor. Bana g\u00f6re T\u00fcrk yarg\u0131s\u0131 bitmi\u015f bile diyebiliriz\u201d dedi.<\/p>\n<p style=\"text-align: justify;\">HSYK \u2019n\u0131n olumsuz tasarruflar\u0131 nedeniyle art\u0131k yarg\u0131\u00e7 ve savc\u0131lar\u0131n sa\u011fl\u0131kl\u0131 karar verebilece\u011fine ihtimal vermedi\u011fini belirten \u00c7elik, Yarg\u0131tay \u2019da 20 civar\u0131nda hakim ve savc\u0131n\u0131n yak\u0131n zamanda kendisinin istifa etmesine neden olan gerek\u00e7elerle emekliye ayr\u0131laca\u011f\u0131n\u0131 s\u00f6yledi. \u00c7elik, \u201cBiat, bedelli ikbal beklentileri, blok oy uygulamalar\u0131, koltuk ve yaranma hesaplar\u0131n\u0131n varl\u0131\u011f\u0131 midelerimizi kald\u0131rm\u0131\u015ft\u0131r\u201d dedi.<\/p>\n<p style=\"text-align: justify;\"><a href=\"http:\/\/haber.gazetevatan.com\/yargic-turk-yargisi-bitmis-dedi-istifa-etti\/401977\/1\/Gundem\" target=\"_blank\">Kaynak : VATAN Gazetesi<\/a><\/p>\n","protected":false},"excerpt":{"rendered":"<p style=\"text-align: center;\">\n<p style=\"text-align: justify;\">ANKARA &#8211; Yarg\u0131tay Tetkik Hakimi ve YARSAV Y\u00f6netim Kurulu \u00fcyesi Celal \u00c7elik, Yarg\u0131tay\u2019dan istifa etti\u011fini a\u00e7\u0131klad\u0131. YARSAV\u2019da bir bas\u0131n toplant\u0131s\u0131 d\u00fczenleyen \u00c7elik, istifas\u0131n\u0131 Yarg\u0131tay Ba\u015fkanl\u0131\u011f\u0131\u2019na sundu\u011funu belirterek Yarg\u0131tay \u00fcyelerinin ve daire Ba\u015fkanlar\u0131n\u0131n hak etmedikleri \u015fekilde g\u00f6rev yerlerinden al\u0131narak, farkl\u0131 dairelerde g\u00f6revlendirildiklerini belirtti. <\/p>\n","protected":false},"author":1,"featured_media":0,"comment_status":"open","ping_status":"open","sticky":false,"template":"","format":"standard","meta":{"footnotes":""},"categories":[105],"tags":[],"class_list":["post-40227","post","type-post","status-publish","format-standard","hentry","category-gundem","odd"],"_links":{"self":[{"href":"http:\/\/www.korhanyilmaz.com\/index.php?rest_route=\/wp\/v2\/posts\/40227","targetHints":{"allow":["GET"]}}],"collection":[{"href":"http:\/\/www.korhanyilmaz.com\/index.php?rest_route=\/wp\/v2\/posts"}],"about":[{"href":"http:\/\/www.korhanyilmaz.com\/index.php?rest_route=\/wp\/v2\/types\/post"}],"author":[{"embeddable":true,"href":"http:\/\/www.korhanyilmaz.com\/index.php?rest_route=\/wp\/v2\/users\/1"}],"replies":[{"embeddable":true,"href":"http:\/\/www.korhanyilmaz.com\/index.php?rest_route=%2Fwp%2Fv2%2Fcomments&post=40227"}],"version-history":[{"count":0,"href":"http:\/\/www.korhanyilmaz.com\/index.php?rest_route=\/wp\/v2\/posts\/40227\/revisions"}],"wp:attachment":[{"href":"http:\/\/www.korhanyilmaz.com\/index.php?rest_route=%2Fwp%2Fv2%2Fmedia&parent=40227"}],"wp:term":[{"taxonomy":"category","embeddable":true,"href":"http:\/\/www.korhanyilmaz.com\/index.php?rest_route=%2Fwp%2Fv2%2Fcategories&post=40227"},{"taxonomy":"post_tag","embeddable":true,"href":"http:\/\/www.korhanyilmaz.com\/index.php?rest_route=%2Fwp%2Fv2%2Ftags&post=40227"}],"curies":[{"name":"wp","href":"https:\/\/api.w.org\/{rel}","templated":true}]}}