{"id":40223,"date":"2011-09-26T15:01:41","date_gmt":"2011-09-26T12:01:41","guid":{"rendered":"http:\/\/www.korhanyilmaz.com\/?p=40223"},"modified":"2011-09-26T18:10:42","modified_gmt":"2011-09-26T15:10:42","slug":"kart-wilileaksteki-o-iddiayi-meclise-tasidi","status":"publish","type":"post","link":"http:\/\/www.korhanyilmaz.com\/?p=40223","title":{"rendered":"Kart, WiliLeaks&#8217;teki o iddiay\u0131 Meclis&#8217;e ta\u015f\u0131d\u0131"},"content":{"rendered":"<p style=\"text-align: center;\"><a href=\"http:\/\/www.korhanyilmaz.com\/wp-content\/uploads\/2011\/09\/7028.jpg\"  class=\"lightview\"><img loading=\"lazy\" decoding=\"async\" class=\"aligncenter  wp-image-40224\" src=\"http:\/\/www.korhanyilmaz.com\/wp-content\/uploads\/2011\/09\/7028.jpg\" alt=\"\" width=\"396\" height=\"180\" \/><\/a><\/p>\n<p style=\"text-align: justify;\">CHP&#8217;li Atilla Kart, WikiLeaks&#8217;in yay\u0131nlad\u0131\u011f\u0131 gizli belgelerdeki bilgilere g\u00f6re polisin 2008 y\u0131l\u0131nda ABD B\u00fcy\u00fckel\u00e7i\u011fi&#8217;ne gidip AKP ile ilgili kapatma davas\u0131 hakk\u0131nda brifing verdi\u011fini hat\u0131rlatarak, Ba\u015fbakan Erdo\u011fan&#8217;a o soruyu sordu&#8230;<\/p>\n<p style=\"text-align: justify;\">ANKARA- CHP Konya Milletvekili Atilla Kart, Ba\u015fbakan Recep Tayyip Erdo\u011fan\u2019a \u201c\u0130stihbarat Aktar\u0131m\u0131\u201d sorusunu y\u00f6netti. Son 5-6 y\u0131ld\u0131r polis a\u011f\u0131rl\u0131kl\u0131 istihbarat\u0131n, \u201cSavc\u0131l\u0131k makam\u0131na tabi olmadan, gizli nitelikteki soru\u015fturmalar\u0131 organize bir \u015fekilde belli merkezlere ve medya gruplar\u0131na servis\u201d edildi\u011fini iddia eden Kart, bu y\u00f6ntemle \u201cyarg\u0131s\u0131z infaz\u0131n\u201d \u00f6n\u00fc a\u00e7\u0131ld\u0131\u011f\u0131n\u0131 ifade etti.\u00a0<!--more--><\/p>\n<p style=\"text-align: justify;\"><strong>KAPATMA DAVASI \u0130\u00c7\u0130N ABD B\u00dcY\u00dcKEL\u00c7\u0130\u011e\u0130&#8217;NE B\u0130R\u0130F\u0130NG \u0130DD\u0130ASI<\/strong><\/p>\n<p style=\"text-align: justify;\">T\u00fcrkiye B\u00fcy\u00fck Millet Meclisi Ba\u015fkanl\u0131\u011f\u0131\u2019na Ba\u015fbakan Erdo\u011fan\u2019\u0131n yaz\u0131l\u0131 cevaplamas\u0131 iste\u011fiyle bir soru \u00f6nergesi veren Kart, bu ihlallerin \u201cvahim bir \u00f6rne\u011finin WikiLeaks belgelerine\u201d yans\u0131d\u0131\u011f\u0131n\u0131 hat\u0131rlatarak, \u201cBu belgelerdeki bilgilere g\u00f6re; Emniyet, 24 Kas\u0131m 2008 tarihinde ABD B\u00fcy\u00fckel\u00e7ili\u011fi&#8217;ne gidip, AKP ile ilgili kapatma davas\u0131 hakk\u0131nda brifing vermi\u015ftir. Benzeri brifingin di\u011fer El\u00e7iliklere de verildi\u011fi anla\u015f\u0131lmaktad\u0131r. Polisin, Anayasa Mahkemesi&#8217;nin fiziki durumu ve \u00fcyeleri hakk\u0131nda da bilgiler aktard\u0131\u011f\u0131 anla\u015f\u0131lmaktad\u0131r\u201d diyerek \u015f\u00f6yle devam etti:<\/p>\n<p style=\"text-align: justify;\">\u201cBir ba\u015fka anlat\u0131mla, T\u00fcrkiye Cumhuriyeti\u2019nin organlar\u0131n\u0131, anayasal kurumlar\u0131n\u0131 ba\u015fka \u00fclkelere istihbar eden bir Emniyet yap\u0131lanmas\u0131yla kar\u015f\u0131 kar\u015f\u0131ya oldu\u011fumuz g\u00f6r\u00fclmektedir.T\u00fcrkiye\u2019nin g\u00fcvenlik ve istihbarata ili\u015fkin bilgileri Emniyet arac\u0131l\u0131\u011f\u0131yla ba\u015fka \u00fclkelere ihbar edilmektedir. Esasen ve maalesef bu tabloya \u015fa\u015f\u0131rmamak gerekir. Zira, yine AKP iktidar\u0131 sayesindedir ki, 2005 -2006 y\u0131llar\u0131ndan itibaren Ba\u015fbakanl\u0131k, \u0130\u00e7i\u015fleri ve Adalet Bakanl\u0131\u011f\u0131 b\u00fcnyesinde illegal nitelikte bir istihbarat yap\u0131lanmas\u0131n\u0131n, bir karargah yap\u0131lanmas\u0131n\u0131n oldu\u011funu g\u00f6steren bulgular kamuoyu g\u00fcndeminde bilinmekte ve tart\u0131\u015f\u0131lmaktad\u0131r.<\/p>\n<p style=\"text-align: justify;\">Elbette, T\u00fcrkiye Cumhuriyeti yurtta\u015f\u0131 olarak , b\u00f6ylesine illegal ve ulusal \u00e7\u0131karlar\u0131 ihlal eden bir yap\u0131lanmay\u0131 kabullenmek s\u00f6z konusu olamaz. Bu yap\u0131 mutlaka de\u015fifre edilecek ve mahkum olacakt\u0131r.\u201d<\/p>\n<p style=\"text-align: justify;\">Polisin yapt\u0131\u011f\u0131 bu bilgilendirme i\u00e7in, \u201cSiyasi \u0130ktidar\u2019dan talimat m\u0131 al\u0131nm\u0131\u015ft\u0131r? Bu nitelikte hangi El\u00e7iliklere hangi konularda bilgilendirme yap\u0131lm\u0131\u015ft\u0131r\u201d diye soran Kart, Ba\u015fbakan Erdo\u011fan\u2019dan \u015fu konulara ili\u015fkin bilgi istedi:<\/p>\n<p style=\"text-align: justify;\">\u201cSiyasi \u0130ktidar\u0131n talimat\u0131 yoksa, bu bilgilendirmeyi yapan birimleri neden himaye ediyorsunuz? Bu bilgilendirme, Emniyet istihbarat\u0131 i\u00e7indeki Cemaat\u00e7\u0131 yap\u0131lanman\u0131n inisyatifi ve karar alma g\u00fcc\u00fcyle mi yap\u0131lm\u0131\u015ft\u0131r?<\/p>\n<p style=\"text-align: justify;\">Emniyet b\u00fcnyesindeki bu yasa d\u0131\u015f\u0131 yap\u0131lanman\u0131n Silivri ve benzeri kritik soru\u015fturmalar\u0131 da y\u00f6nlendirdi\u011fine dair ciddi bulgular s\u00f6z konusu olmakla; Siyasi \u0130ktidar olarak, bu yap\u0131lanmay\u0131 himaye etmeye bundan b\u00f6yle de devam edecek misiniz? Yoksa, bu yap\u0131lanma art\u0131k Siyasi \u0130ktidar\u0131 da ku\u015fatm\u0131\u015f ve teslim mi alm\u0131\u015ft\u0131r?\u201d<\/p>\n<p style=\"text-align: justify;\"><a href=\"http:\/\/www.gazeteport.com.tr\/haber\/54268\/kart_wilileaksteki_o_iddiayi_meclise_tasidi\" target=\"_blank\">Kaynak : GAZETEPORT<\/a><\/p>\n","protected":false},"excerpt":{"rendered":"<p style=\"text-align: center;\">\n<p style=\"text-align: justify;\">CHP&#8217;li Atilla Kart, WikiLeaks&#8217;in yay\u0131nlad\u0131\u011f\u0131 gizli belgelerdeki bilgilere g\u00f6re polisin 2008 y\u0131l\u0131nda ABD B\u00fcy\u00fckel\u00e7i\u011fi&#8217;ne gidip AKP ile ilgili kapatma davas\u0131 hakk\u0131nda brifing verdi\u011fini hat\u0131rlatarak, Ba\u015fbakan Erdo\u011fan&#8217;a o soruyu sordu&#8230;<\/p>\n<p style=\"text-align: justify;\">ANKARA- CHP Konya Milletvekili Atilla Kart, Ba\u015fbakan Recep Tayyip Erdo\u011fan\u2019a \u201c\u0130stihbarat Aktar\u0131m\u0131\u201d sorusunu y\u00f6netti. Son 5-6 y\u0131ld\u0131r polis a\u011f\u0131rl\u0131kl\u0131 <\/p>\n","protected":false},"author":1,"featured_media":0,"comment_status":"open","ping_status":"open","sticky":false,"template":"","format":"standard","meta":{"footnotes":""},"categories":[105],"tags":[],"class_list":["post-40223","post","type-post","status-publish","format-standard","hentry","category-gundem","odd"],"_links":{"self":[{"href":"http:\/\/www.korhanyilmaz.com\/index.php?rest_route=\/wp\/v2\/posts\/40223","targetHints":{"allow":["GET"]}}],"collection":[{"href":"http:\/\/www.korhanyilmaz.com\/index.php?rest_route=\/wp\/v2\/posts"}],"about":[{"href":"http:\/\/www.korhanyilmaz.com\/index.php?rest_route=\/wp\/v2\/types\/post"}],"author":[{"embeddable":true,"href":"http:\/\/www.korhanyilmaz.com\/index.php?rest_route=\/wp\/v2\/users\/1"}],"replies":[{"embeddable":true,"href":"http:\/\/www.korhanyilmaz.com\/index.php?rest_route=%2Fwp%2Fv2%2Fcomments&post=40223"}],"version-history":[{"count":0,"href":"http:\/\/www.korhanyilmaz.com\/index.php?rest_route=\/wp\/v2\/posts\/40223\/revisions"}],"wp:attachment":[{"href":"http:\/\/www.korhanyilmaz.com\/index.php?rest_route=%2Fwp%2Fv2%2Fmedia&parent=40223"}],"wp:term":[{"taxonomy":"category","embeddable":true,"href":"http:\/\/www.korhanyilmaz.com\/index.php?rest_route=%2Fwp%2Fv2%2Fcategories&post=40223"},{"taxonomy":"post_tag","embeddable":true,"href":"http:\/\/www.korhanyilmaz.com\/index.php?rest_route=%2Fwp%2Fv2%2Ftags&post=40223"}],"curies":[{"name":"wp","href":"https:\/\/api.w.org\/{rel}","templated":true}]}}