{"id":40214,"date":"2011-09-17T13:12:54","date_gmt":"2011-09-17T10:12:54","guid":{"rendered":"http:\/\/www.korhanyilmaz.com\/?p=40214"},"modified":"2011-09-26T17:51:53","modified_gmt":"2011-09-26T14:51:53","slug":"niye-gorustunuz-demiyoruz-niye-yalan-soylediniz","status":"publish","type":"post","link":"http:\/\/www.korhanyilmaz.com\/?p=40214","title":{"rendered":"&#8220;Niye g\u00f6r\u00fc\u015ft\u00fcn\u00fcz demiyoruz, niye yalan s\u00f6ylediniz&#8221;"},"content":{"rendered":"<p style=\"text-align: center;\"><a href=\"http:\/\/www.korhanyilmaz.com\/wp-content\/uploads\/2011\/09\/7027.jpg\"  class=\"lightview\"><img loading=\"lazy\" decoding=\"async\" class=\"aligncenter  wp-image-40215\" src=\"http:\/\/www.korhanyilmaz.com\/wp-content\/uploads\/2011\/09\/7027.jpg\" alt=\"\" width=\"462\" height=\"210\" \/><\/a><\/p>\n<p style=\"text-align: justify;\">M\u0130T ile PKK g\u00f6r\u00fc\u015fmesine ili\u015fkin ses kayd\u0131yla ilgili konu\u015fan CHP lideri K\u0131l\u0131\u00e7daro\u011flu, \u201cNiye g\u00f6r\u00fc\u015ft\u00fcn\u00fcz demiyoruz, halka niye yalan s\u00f6ylediniz diyoruz\u201d dedi.<\/p>\n<p style=\"text-align: justify;\">ANKARA &#8211; CHP Genel Ba\u015fkan\u0131 kemal K\u0131l\u0131\u00e7daro\u011flu, ses kayd\u0131 internete d\u00fc\u015fen M\u0130T-PKK g\u00f6r\u00fc\u015fmesiyle ilgili olarak &#8220;Biz niye g\u00f6r\u00fc\u015ft\u00fcn\u00fcz demiyoruz, niye halka yalan s\u00f6ylediniz diyoruz\u201d diyerek, g\u00f6r\u00fc\u015fmenin yap\u0131lmas\u0131na kar\u015f\u0131 tav\u0131rlar\u0131n\u0131 a\u00e7\u0131klad\u0131. K\u0131l\u0131\u00e7daro\u011flu, \u0130srail ile ili\u015fkilerle ilgili olarak da &#8220;B\u00fct\u00fcn bu g\u00fcr\u00fclt\u00fcn\u00fcn arkas\u0131nda asl\u0131nda, \u0130srail kalkan\u0131 olan f\u00fcze savunma sistemi var. Sessiz sedas\u0131z \u0130srail Kalkan\u0131&#8217;n\u0131 getirdiler, Malatya&#8217;ya konu\u015fland\u0131racaklar&#8221; dedi.<!--more--><\/p>\n<p style=\"text-align: justify;\"><strong>SEND\u0130KACILARA &#8220;B\u0130RL\u0130K OLUN&#8221; \u00d6\u011e\u00dcD\u00dc<\/strong><\/p>\n<p style=\"text-align: justify;\">Petrol &#8211; \u0130\u015f Sendikas\u0131 26.Ola\u011fan Genel Kurul&#8217;una kat\u0131lan K\u0131l\u0131\u00e7daro\u011flu, g\u00fcndeme ili\u015fkin de\u011ferlendirmelerde bulundu. Konu\u015fmas\u0131na, &#8220;Mademki al\u0131n terinin, eme\u011fin harman oldu\u011fu bir salonday\u0131z, o zaman ben de sitemlerimi dile getirece\u011fim&#8221; diyerek ba\u015flayan K\u0131l\u0131\u00e7daro\u011flu, kapal\u0131 kap\u0131lar ard\u0131nda ba\u015fka, \u00e7\u0131k\u0131nca ba\u015fka konu\u015fmalar\u0131 sevmedi\u011fini s\u00f6yledi. Petrol &#8211; \u0130\u015f Genel Ba\u015fkan\u0131 Mustafa \u00d6zta\u015fk\u0131n&#8217;\u0131n, &#8220;Y\u00f6neticili\u011fini korumak i\u00e7in her\u015feyi m\u00fcbah sayan, inanc\u0131n\u0131, heyecan\u0131n\u0131 yitirmi\u015f, &#8216;hak verilmez al\u0131n\u0131r&#8217; \u015fiar\u0131n\u0131, hak verilir, &#8216;koltuk korunur&#8217;a d\u00f6n\u00fc\u015ft\u00fcren sendikac\u0131lar da eklenince bug\u00fcnk\u00fc dramatik durum ortaya \u00e7\u0131kmaktad\u0131r&#8221; s\u00f6zlerini tekrarlayan K\u0131l\u0131\u00e7daro\u011flu, sendikac\u0131lara, &#8220;Sizin g\u00fczel bir slogan\u0131n\u0131z vard\u0131, &#8216;susma sustuk\u00e7a s\u0131ra sana gelecek&#8217; diyor. Sizin slogan\u0131z\u0131 size hat\u0131rlat\u0131rken, e\u011fer birlik olam\u0131yorsan\u0131z, g\u00fc\u00e7 olam\u0131yor, kararl\u0131 duram\u0131yorsan\u0131z, bilin ki birilerini gelir sizi par\u00e7alar&#8221; dedi.<\/p>\n<p style=\"text-align: justify;\"><strong>&#8220;KUL HAKKI Y\u0130YEN, ETRAFINDA B\u0130R S\u00dcR\u00dc \u0130NSAN VAR&#8221;<\/strong><\/p>\n<p style=\"text-align: justify;\">Ta\u015feronla\u015fmaya ise kar\u015f\u0131 olduklar\u0131n\u0131 yineleyen K\u0131l\u0131\u00e7daro\u011flu, en b\u00fcy\u00fck ta\u015feronla\u015fman\u0131n devlette oldu\u011funu, bunu kald\u0131rmak istediklerini s\u00f6yledi. Demokrasilerde birinci kural\u0131n hak aramaktan ge\u00e7ti\u011fini vurgulayan K\u0131l\u0131\u00e7daro\u011flu, &#8220;Ta\u015feronla\u015fman\u0131n bu kadar yayg\u0131n oldu\u011fu ortamda hangi hakk\u0131 arayacaks\u0131n\u0131z&#8221; diye sordu. Tekel i\u015f\u00e7ilerinin de \u00e7al\u0131\u015fmak istedi\u011fini, ancak i\u015f verilmedi\u011fini kaydeden K\u0131l\u0131\u00e7daro\u011flu, 4C&#8217;li bu i\u015f\u00e7ilerin hi\u00e7 bir g\u00fcvencesinin bulunmad\u0131\u011f\u0131n\u0131, maa\u015flar\u0131n\u0131n indirilmesinin s\u00f6z konusu oldu\u011funa i\u015faret ederek, &#8220;D\u00f6nemin, i\u015f\u00e7ilere y\u00f6nelik en b\u00fcy\u00fck ele\u015ftirilerinden birisi de, &#8216;Ben kimseye kul hakk\u0131 yedirmem.&#8217; \u0130\u015f\u00e7ilere s\u00f6yleniyor bu. \u00c7al\u0131\u015fan, emek harcayan ki\u015fiye, &#8216;ben kimseye kul hakk\u0131 yedirmem.&#8217; Ya kul hakk\u0131 yiyenlere bak, etraf\u0131n dolu. Bir s\u00fcr\u00fc insan var kul hakk\u0131 yiyen senin etraf\u0131nda&#8221; dedi.<\/p>\n<p style=\"text-align: justify;\"><strong>&#8220;N\u0130YE G\u00d6R\u00dc\u015eT\u00dcN\u00dcZ DEM\u0130YORUZ NEDEN YALAN S\u00d6YLED\u0130N\u0130Z D\u0130YORUZ&#8221;<\/strong><\/p>\n<p style=\"text-align: justify;\">M\u0130T &#8211; PKK ses kayd\u0131na at\u0131fta bulunan K\u0131l\u0131\u00e7daro\u011flu, ter\u00f6r\u00fcn t\u0131rmand\u0131\u011f\u0131na i\u015faret ederek, &#8220;Bir\u015fey s\u00f6yleyece\u011fiz, muhaleft ter\u00f6r\u00fc azd\u0131rd\u0131. Konu\u015fmayacaks\u0131n diyorlar. Giderseniz ter\u00f6r \u00f6rg\u00fct\u00fc ile pazarl\u0131k yapars\u0131n\u0131z. Ya &#8216;siz pazarl\u0131k yap\u0131yorsunuz arkada\u015flar&#8217; diyorsunuz. Bunu s\u00f6yleyenler \u015ferefsizdir, bunu ispat edemeyenler \u015ferefsizdir diye en a\u011f\u0131r hakaretlerle kar\u015f\u0131 kar\u015f\u0131ya kal\u0131yoruz. Biz onlara &#8216;niye g\u00f6r\u00fc\u015ft\u00fcn\u00fcz?&#8217; demiyoruz. &#8216;Niye halka yalan s\u00f6ylediniz?&#8217; diyoruz. Bir siyaset\u00e7inin temel g\u00f6revi, halka do\u011frular\u0131 s\u00f6ylemek de\u011fil midir? G\u00f6r\u00fc\u015ft\u00fcn\u00fcz. E\u011fer bunu dile getirmek istemiyosan\u0131z, &#8216;o konuda yorum yapmak istemiyoruz&#8217; dersiniz biter. Ama bunu s\u00f6yleyenler ispat edemezlerse, \u015ferefsizdir derseniz o zaman hakl\u0131 bir soruyu sorma hakk\u0131n\u0131 elde edersiniz. Nedir o soru: Ben s\u00f6yledim, sen bana en a\u011f\u0131r \u015fekilde hakaret ettin. \u015eimdi ben sana soruyorum: Elini vicdan\u0131na koy, halka yalan s\u00f6yledi\u011fin i\u00e7in senin bu millete \u00f6z\u00fcr borcun var. \u00c7\u0131k adam gibi bu milletten \u00f6z\u00fcr dile&#8221; dedi.<\/p>\n<p style=\"text-align: justify;\">G\u00f6r\u00fc\u015fmeler i\u00e7in kullan\u0131lan \u201cdevlet konu\u015fuyor\u201d ifadesini de ele\u015ftiren K\u0131l\u0131\u00e7daro\u011flu, &#8220;O da yanl\u0131\u015f. Adam diyor zaten. \u2018Ben buraya Recep Tayyip Erdo\u011fan&#8217;\u0131n \u00f6zel temsilcisi olarak geldim\u2019 diyor. G\u00f6r\u00fc\u015fme devletin g\u00f6r\u00fc\u015fmesi de\u011fil, o da yanl\u0131\u015f bir \u00f6z\u00fcr de buradan dilenmesi laz\u0131m&#8221; dedi.<\/p>\n<p style=\"text-align: justify;\"><strong>\u0130N\u00d6N\u00dc&#8217;N\u00dcN MENDERS MEKTUBUNU HATIRLATTI<\/strong><\/p>\n<p style=\"text-align: justify;\">Demokrasilerde bedel \u00f6denmeden arzu edilen sonu\u00e7lar\u0131n ortaya \u00e7\u0131kmayaca\u011f\u0131n\u0131 ifade eden K\u0131l\u0131\u00e7daro\u011flu, insanl\u0131k tarihine bak\u0131ld\u0131\u011f\u0131nda b\u00fcy\u00fck bedellerin \u00f6dendi\u011finin g\u00f6r\u00fcld\u00fc\u011f\u00fcne vurgu yapt\u0131. Menderes&#8217;in as\u0131l\u0131\u015f\u0131n\u0131n 50.y\u0131l\u0131 oldu\u011funu s\u00f6yleyen K\u0131l\u0131\u00e7daro\u011flu, bug\u00fcn toplumun t\u00fcm kesimlerinin o idamlar\u0131n yanl\u0131\u015f oldu\u011funu s\u00f6yledi\u011fini, hatta \u0130n\u00f6n\u00fc&#8217;n\u00fcn, d\u00f6nemin Ba\u015fbakan\u0131&#8217;\u0131na bir mektup yazarak, &#8220;Bu idamlar\u0131 yapmay\u0131n, do\u011fru de\u011fil&#8221; dedi\u011fini hat\u0131rlatan K\u0131l\u0131\u00e7daro\u011flu, &#8220;Bug\u00fcn \u00fcniversitelere, havalimanlar\u0131na o insanlar\u0131n isimlerini veriyoruz. Neden? Belki ge\u00e7mi\u015fte yap\u0131lan hatalar\u0131n telefisi i\u00e7in. Ancak, siyasi idamlar\u0131n telafisi yoktur. Ayn\u0131 \u015fey Deniz Gezmi\u015f ve arkada\u015flar\u0131 i\u00e7in de ge\u00e7erli. Onlar da g\u00fc\u00e7l\u00fc bir T\u00fcrkiye istiyordu. Fakat onlar da bedel \u00f6dediler. Siyasal idamlar, demokrasi tarihimizin iyi olmayan sayfalar\u0131d\u0131r&#8221; yorumunu yapt\u0131.<\/p>\n<p style=\"text-align: justify;\"><strong>&#8220;\u0130NSAF D\u0130YE B\u0130R \u015eEY VAR&#8221;<\/strong><\/p>\n<p style=\"text-align: justify;\">T\u00fcrkiye &#8211; \u0130srail ili\u015fkilerine de\u011finen K\u0131l\u0131\u00e7daro\u011flu, Mavi Marmara&#8217;da 9 yurtta\u015f\u0131n hunharca \u00f6ld\u00fcr\u00fcld\u00fc\u011f\u00fcn\u00fcn alt\u0131n\u0131 \u00e7izdi. \u0130ktidara, &#8220;\u00f6ld\u00fcr\u00fclen 9 ki\u015finin kan\u0131 yerde kalmas\u0131n, biz bunu takip edece\u011fiz&#8221; dediklerinde, kendilerine, &#8220;biz takip ediyoruz&#8221; dediklerini an\u0131msatan K\u0131l\u0131\u00e7daro\u011flu, &#8220;Biz olay\u0131 BM&#8217;ye g\u00f6t\u00fcrece\u011fiz ve bunlar\u0131n hakk\u0131n\u0131 BM&#8217;de soraca\u011f\u0131z dediler. Ne oldu? BM&#8217;nin raporu \u00e7\u0131kt\u0131. \u0130srail&#8217;in eline, hi\u00e7 kimsenin veremeyece\u011fi bir avantaj\u0131, bu h\u00fck\u00fcmet getirdi verdi. \u0130srail uluslararas\u0131 avukatlarla anla\u015fsayd\u0131 &#8216;acaba b\u00f6yle bir rapor \u00e7\u0131kartabilir miyin?&#8217; diye, b\u00f6yle bir raporu \u00e7\u0131karamazd\u0131. Kimin sayesinde \u00e7\u0131kard\u0131, bu h\u00fck\u00fcmetin sayesinde, \u015fimdi bir de d\u00f6n\u00fcp bizi ele\u015ftiriyorlar. \u0130nsaf denen bir\u015fey var. Bu rapor ka\u00e7 ayd\u0131r sizin elinizde? Yan\u0131t yok. Yine soruyorum: Ka\u00e7 ayd\u0131r bu BM raporu sizin elinizdeydi ve niye sizin sesiniz \u00e7\u0131km\u0131yordu?&#8221; diye sordu.<\/p>\n<p style=\"text-align: justify;\"><strong>&#8220;KANKAYDIN, SAVA\u015e HAL\u0130NE GELD\u0130N, K\u0130M \u0130STED\u0130 SENDEN BUNU?&#8221;<\/strong><\/p>\n<p style=\"text-align: justify;\">Ba\u015fbakan Erdo\u011fan ve Suriye lideri Be\u015far Esad&#8217;\u0131n bir ay \u00f6ncesine kadar vizeleri kald\u0131rd\u0131\u011f\u0131n\u0131, ortak bakanlar kurulu dediklerini, beraber bir baraj\u0131n temelini birlikte att\u0131klar\u0131n\u0131 s\u00f6yleyen K\u0131l\u0131\u00e7daro\u011flu, aradan bir ay ge\u00e7emeden k\u0131yametin koptu\u011funa dikkat \u00e7ekti. Ba\u015fbakan Erdo\u011fan&#8217;\u0131n, Suriye&#8217;deki olaylar nedeni ile &#8220;b\u0131\u00e7ak kemi\u011fe dayand\u0131&#8221; s\u00f6zlerini an\u0131msatan K\u0131l\u0131\u00e7daro\u011flu, &#8220;Ne demek bu? Bir\u015fey daha yaparsan, kurusar bakma ben sana sava\u015f ilan edece\u011fim demektir. Bir ba\u015fbakan, bir ba\u015fka \u00fclke i\u00e7in &#8216;b\u0131\u00e7ak kemi\u011fe dayand\u0131&#8217; derken nedir ba\u015fka? Bunu s\u00f6yler. Olaylar oluyor. Yap\u0131yor musun bir\u015fey? Bir\u015fey yapm\u0131yor. Biz, sadece Suriye&#8217;de de\u011fil, Suudi Arabistan&#8217;da, Libya&#8217;da, M\u0131s\u0131r&#8217;da, Katar&#8217;da, \u0130ran&#8217;da demokrasinin olmas\u0131n\u0131 savunan bir partiyiz. Kendilerine \u015fu soruyu sorduk: Arkada\u015f, parti ayn\u0131 parti, y\u00f6netim ayn\u0131 y\u00f6netim. Bir ay \u00f6nce kankayd\u0131n, biray sonra nas\u0131l sava\u015f haline geldin. Kim istedi bunu senden? Hangi egemen g\u00fc\u00e7ler d\u00fc\u011fmeye bast\u0131 da, sen onlar\u0131n ta\u015feronlu\u011funu T\u00fcrkiye&#8217;de yap\u0131yorsun&#8221; diye sordu.<\/p>\n<p style=\"text-align: justify;\"><strong>&#8220;BU G\u00dcR\u00dcLT\u00dcN\u00dcN ARKASINDA \u0130SRA\u0130L KALKANI YATIYOR&#8221;<\/strong><\/p>\n<p style=\"text-align: justify;\">Bunun kar\u015f\u0131s\u0131nda kendilerinin &#8220;\u0130srail&#8217;in avukatl\u0131\u011f\u0131&#8221;n\u0131 yapmakla ele\u015ftirildiklerinin alt\u0131n\u0131 \u00e7izen K\u0131l\u0131\u00e7daro\u011flu, &#8220;Biz size soru soruyoruz. Bu milletin bu cevaplara ihtiyac\u0131 var. Biz kimsenin avukat\u0131 olmay\u0131z. E\u011fer bir avukatl\u0131k aran\u0131yorsa ben, T\u00fcrkiye Cumhuriyeti yurtta\u015flar\u0131n\u0131n avukat\u0131y\u0131m. Sen, Bat\u0131&#8217;n\u0131n egemen g\u00fc\u00e7lerinin, Ortado\u011fu&#8217;daki ta\u015feronlu\u011funu yap\u0131yorsun. Ben senin maskeni indirmek zorunday\u0131m&#8221; diye konu\u015ftu.<\/p>\n<p style=\"text-align: justify;\">B\u00fct\u00fcn bu g\u00fcr\u00fclt\u00fcn\u00fcn arkas\u0131nda asl\u0131nda, \u0130srail kalkan\u0131 oldu\u011funu savunan K\u0131l\u0131\u00e7daro\u011flu, &#8220;Sessiz sedas\u0131z \u0130srail Kalkan\u0131&#8217;n\u0131 getirdiler, Malatya&#8217;ya konu\u015fland\u0131racaklar. \u015eimdi kim \u0130srail&#8217;in avukat\u0131&#8221; diye sordu.<\/p>\n<p style=\"text-align: justify;\"><strong>&#8220;\u00c7A\u011eIRIYORSANIZ D\u0130NLEYECEKS\u0130N\u0130Z&#8221;<\/strong><\/p>\n<p style=\"text-align: justify;\">Bu arada K\u0131l\u0131\u00e7daro\u011flu&#8217;nun, h\u00fck\u00fcmeti ele\u015ftirmesi s\u0131ras\u0131nda salondaki bir ki\u015fi, &#8220;Siyasi mesajlar veriyorsunuz&#8221; diyerek tepki g\u00f6sterdi. Bunun \u00fczerine K\u0131l\u0131\u00e7daro\u011flu bu ki\u015fiye &#8220;Siyaset\u00e7iyi \u00e7a\u011f\u0131rmayacaks\u0131n\u0131z o zaman. Siyaset\u00e7iyi \u00e7a\u011fr\u0131yorsan\u0131z dinleyeceksiniz&#8221; diyerek kar\u015f\u0131l\u0131k verdi. Bu s\u0131rada salonda k\u0131sa s\u00fcreli gerginlik ya\u015fand\u0131. Salondakilerin b\u00fcy\u00fck b\u00f6l\u00fcm\u00fcn\u00fcn K\u0131l\u0131\u00e7daro\u011flu&#8217;nun s\u00f6zlerini alk\u0131\u015flarken tepki g\u00f6steren ki\u015fiyi de yuhalad\u0131\u011f\u0131 g\u00f6r\u00fcld\u00fc.<\/p>\n<p style=\"text-align: justify;\"><strong>DEMOKRAS\u0130LERDE BEDEL \u00d6DENMEDEN SONU\u00c7 ALINMAZ<\/strong><\/p>\n<p style=\"text-align: justify;\">Demokrasilerde bedel \u00f6denmeden arzu edilen sonu\u00e7lar\u0131n ortaya \u00e7\u0131kmayaca\u011f\u0131n\u0131 ifade eden K\u0131l\u0131\u00e7daro\u011flu, insanl\u0131k tarihine bak\u0131ld\u0131\u011f\u0131nda b\u00fcy\u00fck bedellerin \u00f6dendi\u011finin g\u00f6r\u00fcld\u00fc\u011f\u00fcne vurgu yapt\u0131. Menderes&#8217;in as\u0131l\u0131\u015f\u0131n\u0131n 50.y\u0131l\u0131 oldu\u011funu s\u00f6yleyen K\u0131l\u0131\u00e7daro\u011flu, bug\u00fcn toplumun t\u00fcm kesimlerinin o idamlar\u0131n yanl\u0131\u015f oldu\u011funu s\u00f6yledi\u011fini, hatta \u0130n\u00f6n\u00fc&#8217;n\u00fcn, d\u00f6nemin Ba\u015fbakan\u0131&#8217;\u0131na bir mektup yazarak, &#8220;Bu idamlar\u0131 yapmay\u0131n, do\u011fru de\u011fil&#8221; dedi\u011fini hat\u0131rlatan K\u0131l\u0131\u00e7daro\u011flu, &#8220;Bug\u00fcn \u00fcniversitelere, havalimanlar\u0131na o insanlar\u0131n isimlerini veriyoruz. Neden? Belki ge\u00e7mi\u015fte yap\u0131lan hatalar\u0131n telefisi i\u00e7in. Ancak, siyasi idamlar\u0131n telafisi yoktur. Ayn\u0131 \u015fey Deniz Gezmi\u015f ve arkada\u015flar\u0131 i\u00e7in de ge\u00e7erli. Onlar da g\u00fc\u00e7l\u00fc bir T\u00fcrkiye istiyordu. Fakat onlar da bedel \u00f6dediler. Siyasel idamlar, demokrasi tarihimizin iyi olmayan sayfalar\u0131d\u0131r&#8221; yorumunu yapt\u0131.<\/p>\n<p style=\"text-align: justify;\"><strong>&#8220;BM RAPORU KA\u00c7 AYDIR EL\u0130N\u0130ZDEYD\u0130&#8221;<\/strong><\/p>\n<p style=\"text-align: justify;\">T\u00fcrkiye &#8211; \u0130srail ili\u015fkilerine de\u011finen K\u0131l\u0131\u00e7daro\u011flu, Mavi Marmara&#8217;da 9 yurtta\u015f\u0131n hunharca \u00f6ld\u00fcr\u00fcld\u00fc\u011f\u00fcn\u00fcn alt\u0131n\u0131 \u00e7izdi. \u0130ktidara, &#8220;\u00f6ld\u00fcr\u00fclen 9 ki\u015finin kan\u0131 yerde kalmas\u0131n, biz bunu takip edece\u011fiz&#8221; dediklerinde, kendilerine, &#8220;biz takip ediyoruz&#8221; dediklerini an\u0131msatan K\u0131l\u0131\u00e7daro\u011flu, &#8220;Biz olay\u0131 BM&#8217;ye g\u00f6t\u00fcrece\u011fiz ve bunlar\u0131n hakk\u0131n\u0131 BM&#8217;de soraca\u011f\u0131z dediler. Ne oldu? BM&#8217;nin raporu \u00e7\u0131kt\u0131. \u0130srail&#8217;in eline, hi\u00e7 kimsenin veremeyece\u011fi bir avantaj\u0131, bu h\u00fck\u00fcmet getirdi verdi. \u0130srail uluslararas\u0131 avukatlarla anla\u015fsayd\u0131 &#8216;acaba b\u00f6yle bir rapor \u00e7\u0131kartabilir miyin?&#8217; diye, b\u00f6yle bir raporu \u00e7\u0131karamazd\u0131. Kimin sayesinde \u00e7\u0131kard\u0131, bu h\u00fck\u00fcmetin sayesinde, \u015fimdi bir de d\u00f6n\u00fcp bizi ele\u015ftiriyorlar. \u0130nsaf denen bir\u015fey var. Bu rapor ka\u00e7 ayd\u0131r sizin elinizde? Yan\u0131t yok. Yine soruyorum: Ka\u00e7 ayd\u0131r bu BM raporu sizin elinizdeydi ve niye sizin sesiniz \u00e7\u0131km\u0131yordu?&#8221; diye sordu.<\/p>\n<p style=\"text-align: justify;\"><strong>&#8220;GAZZE&#8217;YE SAVA\u015e F\u0130LOSU G\u00d6NDERECEK M\u0130S\u0130N, G\u00d6NDERMEYECEK M\u0130S\u0130N?&#8221;<\/strong><\/p>\n<p style=\"text-align: justify;\">H\u00fck\u00fcmetin, &#8216;Gazze&#8217;ye gerekirse yard\u0131m gemileriyle beraber sava\u015f gemileri g\u00f6nderece\u011fiz&#8217; s\u00f6zlerini hat\u0131rlatan K\u0131l\u0131\u00e7daro\u011flu, &#8220;Eyvallah, tebrik ederiz. G\u00f6nderirsen seni anl\u0131ndan bile \u00e7\u0131kar \u00f6perim dedim. Hadi g\u00f6nder bakal\u0131m. Hemen \u00e7ark. Efendim senin dudaklar\u0131n kirli, benim aln\u0131m temiz. Sen b\u0131rak onlar\u0131, sen Gazze&#8217;ye sava\u015f filosu g\u00f6nderecek misin, g\u00f6ndermeyecek misin. Adam gibi adam ol, benim soruma adam gibi yan\u0131t ver&#8221; ifadelerini kulland\u0131.<\/p>\n<p style=\"text-align: justify;\">\u00a0<strong>&#8220;AKP \u015eAK\u015eAK\u00c7ILI\u011eI YAPAN MEDYA GRUBU \u0130LE KAR\u015eI KAR\u015eIYAYIZ&#8221;<\/strong><\/p>\n<p style=\"text-align: justify;\">T\u00fcrkiye&#8217;de bas\u0131n\u0131n \u00f6zg\u00fcr olmad\u0131\u011f\u0131n\u0131, bas\u0131n \u00e7al\u0131\u015fanlar\u0131n\u0131n haklar\u0131n\u0131 ise h\u00fck\u00fcmetin ellerinden ald\u0131\u011f\u0131na dikkat \u00e7eken K\u0131l\u0131\u00e7daro\u011flu, baz\u0131 yay\u0131n organlar\u0131n\u0131 ise &#8220;Medya \u00f6zg\u00fcr de\u011fil, AKP \u015fak\u015fak\u00e7\u0131l\u0131\u011f\u0131 yapan g\u00fc\u00e7l\u00fc bir medya grubu ile kar\u015f\u0131 kar\u015f\u0131yay\u0131z. Bunlar\u0131nn i\u015f g\u00fcc\u00fc, b\u00fct\u00fcn TV kanallar\u0131 dahil acaba CHP&#8217;yi nas\u0131l ele\u015ftiririz. Kar\u015f\u0131 taraf, &#8216;aman ha, kar\u015f\u0131 tarafa bir\u015fey s\u00f6ylenir mi?'&#8221; s\u00f6zleriyle ele\u015ftirdi.<\/p>\n<p style=\"text-align: justify;\"><strong>&#8220;KANKAYDIN, B\u0130R AY SONRA NASIL SAVA\u015e HAL\u0130NE GELD\u0130N&#8221;<\/strong><\/p>\n<p style=\"text-align: justify;\">Ba\u015fbakan Erdo\u011fan ve Suriye lideri Be\u015far Esad&#8217;\u0131n bir ay \u00f6ncesine kadar vizeleri kald\u0131rd\u0131\u011f\u0131n\u0131, ortak bakanlar kurulu dediklerini, beraber bir baraj\u0131n temelini birlikte att\u0131klar\u0131n\u0131 s\u00f6yleyen K\u0131l\u0131\u00e7daro\u011flu, aradan bir ay ge\u00e7emeden k\u0131yametin koptu\u011funa dikkat \u00e7ekti. Ba\u015fbakan Erdo\u011fan&#8217;\u0131n, Suriye&#8217;deki olaylar nedeni ile &#8220;b\u0131\u00e7ak kemi\u011fe dayand\u0131&#8221; s\u00f6zlerini an\u0131msatan K\u0131l\u0131\u00e7daro\u011flu, &#8220;Ne demek bu? Bir\u015fey daha yaparsan, kurusar bakma ben sana sava\u015f ilan edece\u011fim demektir. Bir ba\u015fbakan, bir ba\u015fka \u00fclke i\u00e7in &#8216;b\u0131\u00e7ak kemi\u011fe dayand\u0131&#8217; derken nedir ba\u015fka? Bunu s\u00f6yler. Olaylar oluyor. Yap\u0131yor musun bir\u015fey? Bir\u015fey yapm\u0131yor. Biz, sadece Suriye&#8217;de de\u011fil, Suudi Arabistan&#8217;da, Libya&#8217;da, M\u0131s\u0131r&#8217;da, Katar&#8217;da, \u0130ran&#8217;da demokrasinin olmas\u0131n\u0131 savunan bir partiyiz. Kendilerine \u015fu soruyu sorduk: Arkada\u015f, parti ayn\u0131 parti, y\u00f6netim ayn\u0131 y\u00f6netim. Bir ay \u00f6nce kankayd\u0131n, biray sonra nas\u0131l sava\u015f haline geldin. Kim istedi bunu senden? Hangi egemen g\u00fc\u00e7ler d\u00fc\u011fmeye bast\u0131 da, sen onlar\u0131n ta\u015feronlu\u011funu T\u00fcrkiye&#8217;de yap\u0131yorsun&#8221; diye sordu.<\/p>\n<p style=\"text-align: justify;\"><strong>&#8220;BU G\u00dcR\u00dcLT\u00dcN\u00dcN ARKASINDA \u0130SRA\u0130L KALKANI YATIYOR, SESS\u0130ZCE MALATYA&#8217;YA KONU\u015eLANDIRACAKLAR&#8221;<\/strong><\/p>\n<p style=\"text-align: justify;\">Bunun kar\u015f\u0131s\u0131nda kendilerinin &#8220;\u0130srail&#8217;in avukatl\u0131\u011f\u0131&#8221;n\u0131 yapmakla ele\u015ftirildiklerinin alt\u0131n\u0131 \u00e7izen K\u0131l\u0131\u00e7daro\u011flu, &#8220;Biz size soru soruyoruz. Bu milletin bu cevaplara ihtiyac\u0131 var. Biz kimsenin avukat\u0131 olmay\u0131z. E\u011fer bir avukatl\u0131k aran\u0131yorsa ben, T\u00fcrkiye Cumhuriyeti yurtta\u015flar\u0131n\u0131n avukat\u0131y\u0131m. Sen, Bat\u0131&#8217;n\u0131n egemen g\u00fc\u00e7lerinin, Ortado\u011fu&#8217;daki ta\u015feronlu\u011funu yap\u0131yorsun. Ben senin maskeni indirmek zorunday\u0131m&#8221; diye konu\u015ftu. B\u00fct\u00fcn bu g\u00fcr\u00fclt\u00fcn\u00fcn arkas\u0131nda asl\u0131nda, \u0130srail kalk\u0131n\u0131 oldu\u011funu savunan K\u0131l\u0131\u00e7daro\u011flu, &#8220;Sessiz sedas\u0131n \u0130srail Kalkan\u0131&#8217;n\u0131 getirdiler, Malatya&#8217;ya konu\u015fland\u0131racaklar. \u015eimdi kim \u0130srail&#8217;in avukat\u0131&#8221; diye sordu.<\/p>\n<p style=\"text-align: justify;\"><a href=\"http:\/\/www.gazeteport.com.tr\/haber\/52653\/niye_gorustunuz_demiyoruz_niye_yalan_soylediniz\" target=\"_blank\">Kaynak : GAZETEPORT<\/a><\/p>\n","protected":false},"excerpt":{"rendered":"<p style=\"text-align: center;\">\n<p style=\"text-align: justify;\">M\u0130T ile PKK g\u00f6r\u00fc\u015fmesine ili\u015fkin ses kayd\u0131yla ilgili konu\u015fan CHP lideri K\u0131l\u0131\u00e7daro\u011flu, \u201cNiye g\u00f6r\u00fc\u015ft\u00fcn\u00fcz demiyoruz, halka niye yalan s\u00f6ylediniz diyoruz\u201d dedi.<\/p>\n<p style=\"text-align: justify;\">ANKARA &#8211; CHP Genel Ba\u015fkan\u0131 kemal K\u0131l\u0131\u00e7daro\u011flu, ses kayd\u0131 internete d\u00fc\u015fen M\u0130T-PKK g\u00f6r\u00fc\u015fmesiyle ilgili olarak &#8220;Biz niye g\u00f6r\u00fc\u015ft\u00fcn\u00fcz demiyoruz, niye halka yalan s\u00f6ylediniz diyoruz\u201d diyerek, g\u00f6r\u00fc\u015fmenin yap\u0131lmas\u0131na <\/p>\n","protected":false},"author":1,"featured_media":0,"comment_status":"open","ping_status":"open","sticky":false,"template":"","format":"standard","meta":{"footnotes":""},"categories":[105],"tags":[],"class_list":["post-40214","post","type-post","status-publish","format-standard","hentry","category-gundem","odd"],"_links":{"self":[{"href":"http:\/\/www.korhanyilmaz.com\/index.php?rest_route=\/wp\/v2\/posts\/40214","targetHints":{"allow":["GET"]}}],"collection":[{"href":"http:\/\/www.korhanyilmaz.com\/index.php?rest_route=\/wp\/v2\/posts"}],"about":[{"href":"http:\/\/www.korhanyilmaz.com\/index.php?rest_route=\/wp\/v2\/types\/post"}],"author":[{"embeddable":true,"href":"http:\/\/www.korhanyilmaz.com\/index.php?rest_route=\/wp\/v2\/users\/1"}],"replies":[{"embeddable":true,"href":"http:\/\/www.korhanyilmaz.com\/index.php?rest_route=%2Fwp%2Fv2%2Fcomments&post=40214"}],"version-history":[{"count":0,"href":"http:\/\/www.korhanyilmaz.com\/index.php?rest_route=\/wp\/v2\/posts\/40214\/revisions"}],"wp:attachment":[{"href":"http:\/\/www.korhanyilmaz.com\/index.php?rest_route=%2Fwp%2Fv2%2Fmedia&parent=40214"}],"wp:term":[{"taxonomy":"category","embeddable":true,"href":"http:\/\/www.korhanyilmaz.com\/index.php?rest_route=%2Fwp%2Fv2%2Fcategories&post=40214"},{"taxonomy":"post_tag","embeddable":true,"href":"http:\/\/www.korhanyilmaz.com\/index.php?rest_route=%2Fwp%2Fv2%2Ftags&post=40214"}],"curies":[{"name":"wp","href":"https:\/\/api.w.org\/{rel}","templated":true}]}}