{"id":40210,"date":"2011-09-26T12:45:50","date_gmt":"2011-09-26T09:45:50","guid":{"rendered":"http:\/\/www.korhanyilmaz.com\/?p=40210"},"modified":"2011-09-26T16:47:26","modified_gmt":"2011-09-26T13:47:26","slug":"kilicdaroglu-onaylamiyoruz","status":"publish","type":"post","link":"http:\/\/www.korhanyilmaz.com\/?p=40210","title":{"rendered":"K\u0131l\u0131\u00e7daro\u011flu: &#8220;Onaylam\u0131yoruz&#8221;"},"content":{"rendered":"<p style=\"text-align: center;\"><a href=\"http:\/\/www.korhanyilmaz.com\/wp-content\/uploads\/2011\/09\/7026.jpg\"  class=\"lightview\"><img loading=\"lazy\" decoding=\"async\" class=\"aligncenter  wp-image-40211\" src=\"http:\/\/www.korhanyilmaz.com\/wp-content\/uploads\/2011\/09\/7026.jpg\" alt=\"\" width=\"396\" height=\"180\" \/><\/a><\/p>\n<p style=\"text-align: justify;\">CHP lideri K\u0131l\u0131\u00e7daro\u011flu, M\u0130T-PKK g\u00f6r\u00fc\u015fmesine dair &#8220;&#8221;siyasi kanatla m\u00fczakere edilecek&#8221; a\u00e7\u0131klamas\u0131nda bulunana Ba\u015fbakan Erdo\u011fan&#8217;a tepki g\u00f6sterdi: &#8220;Bundan anlad\u0131\u011f\u0131m \u015fu; Recep Tayyip Erdo\u011fan ile PKK aras\u0131nda g\u00f6r\u00fc\u015fmeler devam edecek. Bu do\u011fru de\u011fil, bunu onaylam\u0131yoruz ve kat\u0131lm\u0131yoruz.&#8221;<\/p>\n<p style=\"text-align: justify;\">TBMM- CHP Genel Ba\u015fkan\u0131 Kemal K\u0131l\u0131\u00e7daro\u011flu, M\u0130T ile PKK g\u00f6r\u00fc\u015fmesine ili\u015fkin olarak Ba\u015fbakan Erdo\u011fan&#8217;\u0131n yapt\u0131\u011f\u0131 &#8220;siyasi kanatla m\u00fczakere edilecek&#8221; a\u00e7\u0131klamas\u0131na tepki g\u00f6stererek, &#8220;Bundan anlad\u0131\u011f\u0131m \u015fu; Recep Tayyip Erdo\u011fan ile PKK aras\u0131nda g\u00f6r\u00fc\u015fmeler devam edecek. Bu do\u011fru de\u011fil, bunu onaylam\u0131yoruz ve kat\u0131lm\u0131yoruz&#8221; dedi.\u00a0<!--more--><\/p>\n<p style=\"text-align: justify;\">CHP Genel Ba\u015fkan\u0131, TBMM\u2019deki makam\u0131nda Filistin B\u00fcy\u00fckel\u00e7isi Nabil Maarof ile g\u00f6r\u00fc\u015ft\u00fc. G\u00f6r\u00fc\u015fmenin ard\u0131ndan K\u0131l\u0131\u00e7daro\u011flu, bas\u0131n mensuplar\u0131n\u0131 kabul ederek sorular\u0131n\u0131 yan\u0131tlad\u0131. K\u0131l\u0131\u00e7daro\u011flu, Maarof\u2019a, her t\u00fcrl\u00fc deste\u011fi vereceklerini ifade etti\u011fini s\u00f6yledi.<\/p>\n<p style=\"text-align: justify;\"><strong>\u201cNEREDE K\u00d6STEK OLDUK, A\u00c7IKLASIN\u201d<\/strong><\/p>\n<p style=\"text-align: justify;\">Bir bas\u0131n mensubunun, \u201cSay\u0131n Ba\u015fbakan, &#8216;akil adamlar&#8217; \u00f6nerinize &#8216;muhalefet k\u00f6stek&#8217; oluyor ifadesini kulland\u0131, ne diyeceksiniz\u201d sorusuna CHP Genel Ba\u015fkan\u0131, \u201cNerede k\u00f6stek olduk, bir a\u00e7\u0131klasa bari\u201d dedi.<\/p>\n<p style=\"text-align: justify;\"><strong>\u201cUCUZ, KABA B\u0130R POL\u0130T\u0130KA ANCAK ERDO\u011eAN\u2019A YAKI\u015eIR\u201d<\/strong><\/p>\n<p style=\"text-align: justify;\">Ba\u015fbakan Erdo\u011fan&#8217;\u0131n &#8220;Akil Adamlar&#8221; \u00f6nerilerine y\u00f6nelik olarak yapt\u0131\u011f\u0131 &#8220;Ama\u00e7lar\u0131 prim toplamak&#8221; a\u00e7\u0131klamas\u0131 hat\u0131rlat\u0131lan K\u0131l\u0131\u00e7daro\u011flu, \u015f\u00f6yle konu\u015ftu:<\/p>\n<p style=\"text-align: justify;\">\u201cMuhalefeti k\u00f6r\u00fc k\u00f6r\u00fcne ele\u015ftirmek bir Ba\u015fbakan&#8217;\u0131n g\u00f6revi olmamal\u0131. Biz nerede k\u00f6stek olmu\u015fuz. Bunu a\u00e7\u0131lmal\u0131 \u00f6nce. T\u00fcrkiye\u2019de ter\u00f6r varsa tek sorumlusu AKP H\u00fck\u00fcmeti. T\u00fcrkiye\u2019yi ter\u00f6r batakl\u0131\u011f\u0131na s\u00fcr\u00fckleyen AKP H\u00fck\u00fcmeti de\u011fil mi? Gideceksin PKK ile kol kola, g\u00f6z g\u00f6ze oturup konu\u015fmalar yapacaks\u0131n sonra kalkacaks\u0131n muhalefeti su\u00e7layacaks\u0131n. Ucuz, bu kadar kaba bir politika ancak ve ancak Recep Tayyip Erdo\u011fan\u2019a yak\u0131\u015f\u0131r. Devlet adam\u0131 kimli\u011fi bile s\u00f6z konusu de\u011fil. Biz sorunu \u00e7\u00f6zmek i\u00e7in sorumlu davran\u0131yoruz, o sorunu b\u00fcy\u00fctmek i\u00e7in sorumsuz davran\u0131yor. Aram\u0131zdaki fark bu.\u201d<\/p>\n<p style=\"text-align: justify;\"><strong>F\u0130L\u0130ST\u0130N DAVET\u0130<\/strong><\/p>\n<p style=\"text-align: justify;\">\u201cFilistin daveti s\u00f6z konusu mu?\u201d sorusuna CHP Genel Ba\u015fkan\u0131, \u201cSay\u0131n Mahmut Abbas buraya gelecek, geldi\u011fi zaman g\u00f6r\u00fc\u015fece\u011fiz, bunu Say\u0131n B\u00fcy\u00fckel\u00e7i s\u00f6yledi\u201d dedi.<\/p>\n<p style=\"text-align: justify;\"><strong>\u201cO ARTIK ANAYASA MAHKEMES\u0130 BA\u015eKANI DE\u011e\u0130LD\u0130R\u201d<\/strong><\/p>\n<p style=\"text-align: justify;\">\u201cAnayasa Mahkemesi Ba\u015fkan\u0131\u2019n\u0131n daha \u00f6nce Amerikan B\u00fcy\u00fckel\u00e7isine bilgi verdi\u011fi, rapor sundu\u011fu ortaya \u00e7\u0131kt\u0131, ne diyorsunuz, Anayasa Mahkemesi Ba\u015fkan\u0131\u2019n\u0131n bilgi vermesi normal mi\u201d sorusuna CHP Genel Ba\u015fkan\u0131, \u201cNormal de\u011fil, anormal. Hele hele Anayasa Mahkemesi Ba\u015fkan\u0131 yap\u0131yorsa o koltukta oturmamas\u0131 laz\u0131m. Bir Anayasa Mahkemesi Ba\u015fkan\u0131\u2019n\u0131n da\u011f\u0131taca\u011f\u0131 tek \u015fey vard\u0131r, hukuk. Onu da hukukun \u00fcst\u00fcnl\u00fc\u011f\u00fc \u00fczerine in\u015fa etmek zorundad\u0131r. Ama birilerine gidip hesap vermek gibi bir konumu \u00fcstleniyorsa art\u0131k O Anayasa Mahkemesi Ba\u015fkan\u0131 de\u011fildir\u201d dedi.<\/p>\n<p style=\"text-align: justify;\"><strong>\u201cERDO\u011eAN \u0130LE PKK ARASINDA G\u00d6R\u00dc\u015eMELER DEVAM EDECEK, ONAYLAMIYORUZ\u201d<\/strong><\/p>\n<p style=\"text-align: justify;\">M\u0130T-PKK g\u00f6r\u00fc\u015fmesiyle ilgili olarak, \u201cSay\u0131n Ba\u015fbakan, siyasi kanatla m\u00fczakere edilecek, dedi. Siz ne anl\u0131yorsunuz\u201d sorusuna ise K\u0131l\u0131\u00e7daro\u011flu, \u015f\u00f6yle yan\u0131t verdi:<\/p>\n<p style=\"text-align: justify;\">\u201cAnlad\u0131\u011f\u0131m \u015fu; Recep Tayyip Erdo\u011fan ile PKK aras\u0131nda g\u00f6r\u00fc\u015fmeler devam edecek. Bu do\u011fru de\u011fil, bunu onaylam\u0131yoruz ve kat\u0131lm\u0131yoruz.&#8221;<\/p>\n<p style=\"text-align: justify;\"><strong>&#8220;AK\u0130L ADAMLAR&#8221; \u00d6NER\u0130S\u0130<\/strong><\/p>\n<p style=\"text-align: justify;\">\u201cAkil adamlar\u201d da CHP\u2019nin \u00f6nerisinin ne olaca\u011f\u0131na ili\u015fkin soruya CHP Genel Ba\u015fkan\u0131, \u201cParlamentoda oturup konu\u015fulur. Ortak akl\u0131 egemen k\u0131lal\u0131m, parlamentoyu harekete ge\u00e7irelim, burada \u00e7\u00f6z\u00fcmler \u00fcretelim\u201d dedi.<\/p>\n<p style=\"text-align: justify;\"><strong>\u201cBDP\u2019L\u0130LER YEM\u0130N ETMEL\u0130\u201d<\/strong><\/p>\n<p style=\"text-align: justify;\">BDP\u2019nin yemin etmediklerinin hat\u0131rlat\u0131lmas\u0131 \u00fczerine CHP Genel Ba\u015fkan\u0131, \u201cParlamentoya gelmelerini ve yemin etmelerini isterim. \u00c7\u00fcnk\u00fc AKP ile yapt\u0131\u011f\u0131m\u0131z protokol sadece bizim milletvekillerini kapsam\u0131yor. Tutuklu b\u00fct\u00fcn milletvekilleri i\u00e7in ge\u00e7erli. Orada da bir irade beyan\u0131 var. O irade beyan\u0131n\u0131 herhalde AKP arkas\u0131nda duruyordu irade beyan\u0131n\u0131n, onun k\u0131sa s\u00fcrede uygulamaya ge\u00e7ece\u011fini d\u00fc\u015f\u00fcn\u00fcyoruz. BDP\u2019lilerin de yemin etmeleri gerekir diye d\u00fc\u015f\u00fcn\u00fcyorum. Aksi halde anayasa gibi temel konularda d\u00fczenlemeler yap\u0131l\u0131rken parlamento eksik irade ile b\u00f6yle bir grup olu\u015fturacakt\u0131r. Bu da do\u011fru de\u011fil\u201d dedi.<\/p>\n<p style=\"text-align: justify;\"><strong>\u201cB\u0130Z S\u00dcREC\u0130 TIKAYAN PART\u0130 OLMAK \u0130STEM\u0130YORUZ\u201d<\/strong><\/p>\n<p style=\"text-align: justify;\">\u201cBDP gelmezse, CHP\u2019nin tavr\u0131nda de\u011fi\u015fiklik olur mu, o komisyona \u00fcye verilmesi konusunda\u201d \u015feklindeki soruya CHP Genel Ba\u015fkan\u0131, \u201cBiz s\u00fcreci t\u0131kayan ve engelleyen bir parti olmak istemiyoruz. Olmas\u0131 gerekenleri s\u00f6yl\u00fcyoruz. Bunu o komisyonda da dile getiririz, d\u0131\u015far\u0131da da. Amac\u0131m\u0131z \u00f6zg\u00fcrl\u00fck\u00e7\u00fc daha \u00e7a\u011fda\u015f bir anayasan\u0131n olmas\u0131d\u0131r. G\u00fc\u00e7ler ayr\u0131l\u0131\u011f\u0131 ilkesinin yer ald\u0131\u011f\u0131 sa\u011fl\u0131kl\u0131 bir anayasan\u0131n olmas\u0131d\u0131r\u201d dedi.<\/p>\n<p style=\"text-align: justify;\"><strong>AKP\u2019N\u0130N MEKTUBU<\/strong><\/p>\n<p style=\"text-align: justify;\">\u201cAKP\u2019nin g\u00f6nderece\u011fi mektuba cevab\u0131n\u0131z ne olacak\u201d sorusuna K\u0131l\u0131\u00e7daro\u011flu, \u015f\u00f6yle dedi:<\/p>\n<p style=\"text-align: justify;\">\u201cBir mektup yok ortada. Mektup niye yaz\u0131lacak onu da bilmiyorum. Anayasa de\u011fi\u015fiklikleri ile ilgili olarak Meclis Ba\u015fkan\u0131 bir \u00e7a\u011fr\u0131 yapt\u0131. Anayasa hukuku hocalar\u0131n\u0131 davet etti, onlarla g\u00f6r\u00fc\u015ft\u00fc. Parlamento a\u00e7\u0131l\u0131r a\u00e7\u0131lmaz da bir uzla\u015fma komisyonu kuraca\u011f\u0131n\u0131 s\u00f6yledi. \u0130nisiyatif kimin elinde, Meclis Ba\u015fkan\u0131\u2019n\u0131n elinde. \u00c7\u00fcnk\u00fc bu bir parlamento \u00e7al\u0131\u015fmas\u0131. AKP sanki \u00f6n almak istiyormu\u015f gibi bir haz\u0131rl\u0131k i\u00e7inde. Olabilir, gelsinler mektuplar\u0131n\u0131 yazs\u0131nlar. Bakal\u0131m ne yazacaklar, belki bizim bilmedi\u011fimiz ba\u015fka \u00f6nerileri vard\u0131r. Bakaca\u011f\u0131z. Ama konu TBMM\u2019nin konusudur ve TBMM \u00e7\u00f6z\u00fcm \u00fcreten bir merkez olmak durumundad\u0131r.\u201d<\/p>\n<p style=\"text-align: justify;\"><strong>AKP \u0130LE \u0130MZALANAN MET\u0130N<\/strong><\/p>\n<p style=\"text-align: justify;\">\u201cTutuklu milletvekilleri i\u00e7in imzalanan metne bir bakan temenni dedi, taahh\u00fct de\u011fil, dedi. Ne diyorsunuz?\u201d sorusuna da K\u0131l\u0131\u00e7daro\u011flu, \u201cO bir taahh\u00fctt\u00fcr. Temenni ve taahh\u00fct ne demektir asl\u0131nda, asl\u0131nda ayn\u0131 \u015fey demektir, bir irade beyan\u0131d\u0131r. \u015eimdi ondan \u00e7ark etmenin yollar\u0131n\u0131 aramaya gerek yok. Verilen bir s\u00f6z var. Neden taahh\u00fct diyoruz biz buna. Nihai metin iki lidere sunulduktan sonra imzaland\u0131. Bunun neresi niyet?\u201d dedi. \u201cBir s\u00fcre \u00f6ng\u00f6rd\u00fcn\u00fcz m\u00fc\u201d sorusuna ise K\u0131l\u0131\u00e7daro\u011flu, \u201cHay\u0131r\u201d yan\u0131t\u0131n\u0131 verdi.<\/p>\n<p style=\"text-align: justify;\"><strong>\u201c\u00d6N\u015eART DE\u011e\u0130L\u201d<\/strong><\/p>\n<p style=\"text-align: justify;\">Tutuklu milletvekillerinin durumunun anayasa s\u00fcrecini t\u0131kay\u0131p t\u0131kamayaca\u011f\u0131na ili\u015fkin soruya CHP Genel Ba\u015fkan\u0131, \u201cHay\u0131r, anayasa s\u00fcreci farkl\u0131 bir \u015fey, k\u0131sa s\u00fcrede sonu\u00e7lanabilecek bir \u015fey de\u011fil. \u00d6n \u015fart de\u011fil. Bildi\u011fimiz kadar\u0131yla Adalet Bakanl\u0131\u011f\u0131\u2019n\u0131n bir \u00e7al\u0131\u015fmas\u0131 var. Herhalde o \u00e7al\u0131\u015fma k\u0131sa zamanda sonlan\u0131r, bu sorunda a\u015f\u0131lm\u0131\u015f olur. Parlamentonun me\u015fruiyet kazanmas\u0131 550 milletvekilinin yemin etmesiyle ba\u015flar. Tutuklu milletvekillerinin bulundu\u011fu ortamda her zaman me\u015fruiyet tart\u0131\u015fmas\u0131 \u00e7\u0131kar. Tutuklu vekillerin \u00f6n\u00fcnde hi\u00e7bir yasal, anayasal bir engel yok, parlamentoya gelip yemin etmeleri konusunda. Bu davalar s\u00fcrmesin demiyoruz, davalar devam edebilir\u201d dedi.<\/p>\n<p style=\"text-align: justify;\"><strong>CHP, AKP\u2019YE RANDEVU VERECEK<\/strong><\/p>\n<p style=\"text-align: justify;\">\u201cAKP\u2019ye randevu verecek misiniz\u201d sorusuna da K\u0131l\u0131\u00e7daro\u011flu, \u015f\u00f6yle dedi:<\/p>\n<p style=\"text-align: justify;\">\u201cNiye vermeyelim, tabii mektubun i\u00e7eri\u011fini bilmiyoruz. Biz \u00f6nyarg\u0131 ile hareket eden parti de\u011filiz. \u00d6nyarg\u0131 ile hareket eden AKP\u2019dir. Protokol imzal\u0131yorsunuz, b\u00fct\u00fcn medya protokol diyor, biri diyor ki bu bir niyet mektubu. Pes vallahi. Gruplar\u0131 ziyaret edeceklermi\u015f, gelsinler, otururuz, konu\u015furuz. Arkada\u015flar gelirler, tabi kimlerin gelece\u011fini bilmiyoruz.\u201d<\/p>\n<p style=\"text-align: justify;\"><strong>\u201c\u0130N\u0130S\u0130YAT\u0130F MECL\u0130S BA\u015eKANI\u2019NIN EL\u0130NDE\u201d<\/strong><\/p>\n<p style=\"text-align: justify;\">\u0130nisiyatifin Meclis Ba\u015fkan\u0131\u2019nda oldu\u011funa i\u015faret eden CHP Genel Ba\u015fkan\u0131, \u201cBiz inisiyatifin Meclis Ba\u015fkan\u0131\u2019nda olmas\u0131 gerekti\u011fine inan\u0131yoruz. Parlamentonun gelene\u011finde de bu vard\u0131r. Ge\u00e7mi\u015fte anayasa de\u011fi\u015fiklikleri yap\u0131ld\u0131 hep TBMM Ba\u015fkan\u0131 koordinat\u00f6r oldu, e\u015fg\u00fcd\u00fcm\u00fc o sa\u011flad\u0131, insanlar\u0131 bir araya getirdi. Bir \u00e7al\u0131\u015fmada yap\u0131yor Say\u0131n Cemil \u00c7i\u00e7ek\u201d dedi.<\/p>\n<p style=\"text-align: justify;\">Meclis Ba\u015fkan\u0131\u2019n\u0131n hukuk\u00e7ularla g\u00f6r\u00fc\u015ft\u00fc\u011f\u00fcn\u00fc ve g\u00f6r\u00fc\u015flerin g\u00f6nderilece\u011fini belirten K\u0131l\u0131\u00e7daro\u011flu, \u201cKe\u015fke Cemil \u00c7i\u00e7ek parlamento d\u0131\u015f\u0131nda olan partilere de g\u00f6nderse\u201d dedi.<\/p>\n<p style=\"text-align: justify;\"><a href=\"http:\/\/www.gazeteport.com.tr\/haber\/54232\/quotteror_varsa_tek_sorumlusu_akpquot\" target=\"_blank\">Kaynak : GAZETEPORT<\/a><\/p>\n","protected":false},"excerpt":{"rendered":"<p style=\"text-align: center;\">\n<p style=\"text-align: justify;\">CHP lideri K\u0131l\u0131\u00e7daro\u011flu, M\u0130T-PKK g\u00f6r\u00fc\u015fmesine dair &#8220;&#8221;siyasi kanatla m\u00fczakere edilecek&#8221; a\u00e7\u0131klamas\u0131nda bulunana Ba\u015fbakan Erdo\u011fan&#8217;a tepki g\u00f6sterdi: &#8220;Bundan anlad\u0131\u011f\u0131m \u015fu; Recep Tayyip Erdo\u011fan ile PKK aras\u0131nda g\u00f6r\u00fc\u015fmeler devam edecek. Bu do\u011fru de\u011fil, bunu onaylam\u0131yoruz ve kat\u0131lm\u0131yoruz.&#8221;<\/p>\n<p style=\"text-align: justify;\">TBMM- CHP Genel Ba\u015fkan\u0131 Kemal K\u0131l\u0131\u00e7daro\u011flu, M\u0130T ile PKK g\u00f6r\u00fc\u015fmesine ili\u015fkin olarak Ba\u015fbakan <\/p>\n","protected":false},"author":1,"featured_media":0,"comment_status":"open","ping_status":"open","sticky":false,"template":"","format":"standard","meta":{"footnotes":""},"categories":[105],"tags":[],"class_list":["post-40210","post","type-post","status-publish","format-standard","hentry","category-gundem","odd"],"_links":{"self":[{"href":"http:\/\/www.korhanyilmaz.com\/index.php?rest_route=\/wp\/v2\/posts\/40210","targetHints":{"allow":["GET"]}}],"collection":[{"href":"http:\/\/www.korhanyilmaz.com\/index.php?rest_route=\/wp\/v2\/posts"}],"about":[{"href":"http:\/\/www.korhanyilmaz.com\/index.php?rest_route=\/wp\/v2\/types\/post"}],"author":[{"embeddable":true,"href":"http:\/\/www.korhanyilmaz.com\/index.php?rest_route=\/wp\/v2\/users\/1"}],"replies":[{"embeddable":true,"href":"http:\/\/www.korhanyilmaz.com\/index.php?rest_route=%2Fwp%2Fv2%2Fcomments&post=40210"}],"version-history":[{"count":0,"href":"http:\/\/www.korhanyilmaz.com\/index.php?rest_route=\/wp\/v2\/posts\/40210\/revisions"}],"wp:attachment":[{"href":"http:\/\/www.korhanyilmaz.com\/index.php?rest_route=%2Fwp%2Fv2%2Fmedia&parent=40210"}],"wp:term":[{"taxonomy":"category","embeddable":true,"href":"http:\/\/www.korhanyilmaz.com\/index.php?rest_route=%2Fwp%2Fv2%2Fcategories&post=40210"},{"taxonomy":"post_tag","embeddable":true,"href":"http:\/\/www.korhanyilmaz.com\/index.php?rest_route=%2Fwp%2Fv2%2Ftags&post=40210"}],"curies":[{"name":"wp","href":"https:\/\/api.w.org\/{rel}","templated":true}]}}