{"id":40206,"date":"2011-09-26T14:14:47","date_gmt":"2011-09-26T11:14:47","guid":{"rendered":"http:\/\/www.korhanyilmaz.com\/?p=40206"},"modified":"2011-09-26T16:20:02","modified_gmt":"2011-09-26T13:20:02","slug":"ne-gunlere-kaldik","status":"publish","type":"post","link":"http:\/\/www.korhanyilmaz.com\/?p=40206","title":{"rendered":"&#8216;Ne g\u00fcnlere kald\u0131k&#8230;&#8217;"},"content":{"rendered":"<p style=\"text-align: center;\"><a href=\"http:\/\/www.korhanyilmaz.com\/wp-content\/uploads\/2011\/09\/7025.jpg\"  class=\"lightview\"><img loading=\"lazy\" decoding=\"async\" class=\"aligncenter  wp-image-40207\" src=\"http:\/\/www.korhanyilmaz.com\/wp-content\/uploads\/2011\/09\/7025.jpg\" alt=\"\" width=\"322\" height=\"241\" \/><\/a><\/p>\n<p style=\"text-align: justify;\">MHP Grup Ba\u015fkanvekili Oktay Vural, &#8221;Ne g\u00fcnlere kald\u0131k, ter\u00f6r \u00f6rg\u00fct\u00fc eleba\u015f\u0131 siyasi muhatap haline geldi. Kandan siyaset yap\u0131l\u0131p, &#8216;a\u00e7\u0131l\u0131m&#8217; diye pazarlan\u0131yor&#8221; dedi.<\/p>\n<p style=\"text-align: justify;\">Ankara- MHP Grup Ba\u015fkanvekili Oktay Vural, TBMM&#8217;de d\u00fczenlendi\u011fi bas\u0131nla sohbet toplant\u0131s\u0131nda, \u015fehit haberlerine medyada yeterince yer verilmemesinden yak\u0131nd\u0131. &#8221;Bu kadar \u015fehit varken medyadaki bu sessizli\u011fi, suskunlu\u011fu anlamak m\u00fcmk\u00fcn de\u011fil&#8221; diyen Vural, kendilerini telefonla arayan yurtta\u015flar\u0131n, \u015fehit haberlerinin 2-3 kelimeyle ge\u00e7i\u015ftirilmesinden dolay\u0131 \u00fcz\u00fcnt\u00fc duyduklar\u0131n\u0131 s\u00f6yledi\u011fini aktard\u0131.\u00a0<!--more--><\/p>\n<p style=\"text-align: justify;\">&#8221;H\u00fck\u00fcmetin medyaya bask\u0131 uygulad\u0131\u011f\u0131, \u015fehitlere ili\u015fkin haberlerin arka plana at\u0131ld\u0131\u011f\u0131 ve unutturulmaya \u00e7al\u0131\u015f\u0131ld\u0131\u011f\u0131&#8221; iddias\u0131nda bulunan Vural, &#8221;Bunlar kimin i\u00e7in \u015fehit oluyor? Soruyorum. Bize ne hazmettirilmek isteniyor? \u015eehit haberlerinin bu kadar arka planda kalmas\u0131n\u0131n sorumlusu kim? Say\u0131n Ba\u015fbakan, 4 kad\u0131na s\u0131k\u0131lan kur\u015fundan bahsederken, &#8216;vah\u015fet&#8217; diyor. Bug\u00fcne kadar bunun vah\u015fet oldu\u011funun fark\u0131nda de\u011fil miydin? Bunlar\u0131 &#8216;K\u00fcrt sorunu&#8217;nun tabii sorunu olarak g\u00f6steren sen de\u011fil miydin? Bu adamlarla m\u00fczakere eden sen de\u011fil miydin?&#8221; diye konu\u015ftu.<\/p>\n<p style=\"text-align: justify;\">Vural, elindeki tablet bilgisayardan ter\u00f6r \u00f6rg\u00fct\u00fc taraf\u0131ndan katledilen vatanda\u015flar\u0131n, bebeklerin foto\u011fraflar\u0131n\u0131 g\u00f6stererek, &#8221;Niye unutturuldu bunlar? Bunlar\u0131 unuttun mu? \u015eimdi araya &#8216;temsilci&#8217; koyup bu katliam\u0131 yapanlarla g\u00f6r\u00fc\u015f\u00fcyorsun. Yapt\u0131\u011f\u0131n m\u00fczakereler \u00fczerine t\u00fclbent \u00f6rt\u00fcyorsun. \u015euna bak\u0131n, 200 kur\u015fun s\u0131km\u0131\u015flar kundaktaki bebe\u011fe. \u015eehitlerimiz var, i\u00e7imiz kan a\u011fl\u0131yor. Milli Savunma Bakan\u0131, \u00e7elik \u00e7omak oynuyor, mezbaha a\u00e7\u0131l\u0131\u015flar\u0131na kat\u0131l\u0131yor&#8221; dedi. Vural&#8217;\u0131n, foto\u011fraflar\u0131 g\u00f6sterirken duyguland\u0131\u011f\u0131 ve g\u00f6zlerinin ya\u015fard\u0131\u011f\u0131 g\u00f6r\u00fcld\u00fc.<\/p>\n<p style=\"text-align: justify;\">&#8221;Ter\u00f6rle m\u00fccadele edeceklermi\u015f&#8221; diye konu\u015fan Vural, \u015f\u00f6yle devam etti: &#8221;Ne m\u00fccadelesi? Neyin m\u00fccadelesi? Bu laflar, s\u00f6zler bezdirdi art\u0131k milleti. Her sald\u0131r\u0131dan sonra yok &#8216;b\u0131\u00e7ak kemi\u011fe dayand\u0131&#8217; yok &#8216;ter\u00f6rle m\u00fccadele kararl\u0131l\u0131kla devam edecek&#8217;, b\u0131kt\u0131k art\u0131k bu s\u00f6zlerden, bezdik. Yeni pazarlama arac\u0131. Her biri rol modelin gerekleri bunlar. Ayn\u0131 yalanlar\u0131 dinlemekten b\u0131kt\u0131k. K\u00f6rle yatan \u015fa\u015f\u0131 kalkar. Her bir s\u00f6ylem zik-zak, her bir s\u00f6ylem pazarlan\u0131yor. Bu milletin vicdan\u0131 yok mu? Bir s\u00fcr\u00fc \u015fey duyduk. &#8216;Ter\u00f6rle M\u00fccadele M\u00fcste\u015farl\u0131\u011f\u0131&#8217;, &#8216;an\u0131nda istihbarat&#8217;, &#8216;\u00fc\u00e7l\u00fc mekanizma&#8217;&#8230; ne oldu bunlara? Hani Kuzey Irak BBG evi gibi olacakt\u0131? Hangi birini ele\u015ftirelim? A\u00e7\u0131l\u0131mla \u00e7\u00f6zecekti bu sorunlar\u0131 ne oldu? Hepsi fos \u00e7\u0131kt\u0131. Bunlar\u0131n her birini pazarlad\u0131 millete umut verdi. Millet bunlara inanmak zorunda b\u0131rak\u0131ld\u0131. T\u00fcm bunlar\u0131n sonunda ne \u00e7\u0131kt\u0131 ortaya? Ter\u00f6rle m\u00fccadele de\u011fil m\u00fczakere. &#8216;S\u0131n\u0131r \u00f6tesi operasyonlar amac\u0131na ula\u015ft\u0131&#8217; diyor. Allah Allah, nas\u0131l amac\u0131na ula\u015fm\u0131\u015f? Ne oldu PKK bitirildi mi yoksa? Yoksa Karay\u0131lan m\u0131 yakaland\u0131? &#8216;Bunlarla m\u00fczakere eden al\u00e7akt\u0131r&#8217; dediniz. Sonra &#8216;devlet m\u00fczakere ediyor&#8217; dediniz, devleti de al\u00e7ak yerine koydunuz.&#8221;<\/p>\n<p style=\"text-align: justify;\"><strong>&#8216;Rol payla\u015f\u0131m\u0131&#8217;\u00a0<\/strong><\/p>\n<p style=\"text-align: justify;\">Ba\u015fbakan Recep Tayyip Erdo\u011fan&#8217;\u0131n, &#8221;Ter\u00f6rle m\u00fccadele sonuna kadar, ama siyasette de m\u00fczakere&#8221; s\u00f6zleri bulundu\u011funu ifade eden Vural, &#8221;Ne hikmetli bir s\u00f6z. B\u00fcy\u00fck bir bulu\u015f yapm\u0131\u015f. Bundan \u00f6ncekilerle ne oldu da bununla sonuca ula\u015fas\u0131n. Yani bu ne demek? Siyaseten m\u00fccadele ediyormu\u015f gibi g\u00f6r\u00fcn\u00fcp, m\u00fczakereye devam. \u0130\u015fin \u00f6z\u00fc bu&#8221; \u015feklinde konu\u015ftu. &#8221;Yani temsilci g\u00f6nderdi\u011fi \u0130mral\u0131 siyasi muhatap m\u0131? B\u00f6yle mi anlamam\u0131\u015f gerekiyor?&#8221; sorusunu y\u00f6nelten Vural, &#8221;Demek ki \u0130mral\u0131&#8217;y\u0131 siyasi muhatap kabul etmi\u015fler. Yutarsa yuttur bakal\u0131m. Millete bunu hazmettirmek i\u00e7in 40 takla at\u0131yor&#8221; dedi.<\/p>\n<p style=\"text-align: justify;\">Vural, s\u00f6zlerini \u015f\u00f6yle s\u00fcrd\u00fcrd\u00fc: &#8221;Diyor ki &#8216;ter\u00f6r \u00f6rg\u00fct\u00fc g\u00f6revini yap\u0131yor&#8217; &#8216;Hakl\u0131 bunlar&#8217; diyor yani, &#8216;g\u00f6revlerini yap\u0131yorlar&#8217; Kim verdi bunlara g\u00f6revi? Sen mi verdin? Yani asl\u0131nda millete diyor ki hadi bakal\u0131m, &#8217;40 kat\u0131r m\u0131 40 sat\u0131r m\u0131?&#8217; Hedef, milli egemenlik, cumhuriyetin temelleri. Ter\u00f6r \u00f6rg\u00fct\u00fc de diyor ki &#8216;hadi bakal\u0131m ya 40 kat\u0131rla ya da 40 sat\u0131rla seni b\u00f6lece\u011fim&#8217; Millet i\u00e7 kanama ge\u00e7iriyor, bu d\u0131\u015far\u0131da pazu g\u00f6steriyor. Art\u0131k bunlar\u0131n rol payla\u015f\u0131m\u0131 yapt\u0131klar\u0131 konusunda hi\u00e7bir teredd\u00fct\u00fcm\u00fcz kalmad\u0131. Ne g\u00fcnlere kald\u0131k ter\u00f6r \u00f6rg\u00fct\u00fc eleba\u015f\u0131 siyasi muhatap haline geldi. Kandan siyaset yap\u0131l\u0131p, &#8216;a\u00e7\u0131l\u0131m&#8217; diye pazarlan\u0131yor. Kan \u00fczerinden y\u00fcr\u00fct\u00fclen bu kirli oyunu millete hazmettirmeye \u00e7al\u0131\u015f\u0131yorlar. Milleti bezdirip, &#8216;yeter art\u0131k bu ter\u00f6r nas\u0131l \u00e7\u00f6z\u00fcl\u00fcrse \u00e7\u00f6z\u00fcls\u00fcn&#8217; noktas\u0131na getiriyorlar. Y\u00fcre\u011fin varsa \u00e7\u0131k s\u00f6yle, &#8216;eyalet modeli getirece\u011fim&#8217; de. Bundan daha b\u00fcy\u00fck bir tuzak olabilir mi? Bunlar cahiliye d\u00f6neminin \u0131rk\u00e7\u0131l\u0131\u011f\u0131n muhafazakar d\u00fc\u015f\u00fcnceye enjekte etmeye \u00e7al\u0131\u015f\u0131yorlar. \u0130\u015fte d\u00f6n\u00fc\u015ft\u00fcrme bu. Bu \u00fclkenin de\u011ferlerinin pe\u015fke\u015f \u00e7ekilmeye \u00e7al\u0131\u015f\u0131ld\u0131\u011f\u0131 bir proje hazmettirilmeye \u00e7al\u0131\u015f\u0131l\u0131yor.&#8221;<\/p>\n<p style=\"text-align: justify;\"><strong>&#8216;Bunlar siyaset vampiri&#8230;&#8217;<\/strong><\/p>\n<p style=\"text-align: justify;\">\u00a0Vural, partisi taraf\u0131ndan haz\u0131rlanan, AKP&#8217;nin son genel se\u00e7imlerde kulland\u0131\u011f\u0131, &#8221;ayn\u0131 yoldan ge\u00e7mi\u015fiz biz&#8221; adl\u0131 \u015fark\u0131 e\u015fli\u011finde, &#8221;Ba\u015fbakan Erdo\u011fan&#8217;\u0131n, ABD Ba\u015fkan\u0131 Obama, Celal Talabani, Mesud Barzani, Papa 16. Benediktus ile foto\u011fraflar\u0131n\u0131n yer ald\u0131\u011f\u0131&#8221; klibi de bas\u0131n mensuplar\u0131na izletti. Oktay Vural, &#8221;\u0130\u015fte bunlar bizi yeni Ortado\u011fu&#8217;da zengin kaynaklar\u0131n fakir bek\u00e7isi haline d\u00f6n\u00fc\u015ft\u00fcrmek istiyorlar&#8221; dedi. Vural, a\u00e7\u0131klamas\u0131n\u0131n ard\u0131ndan gazetecilerin sorular\u0131n\u0131 da yan\u0131tlad\u0131.<\/p>\n<p style=\"text-align: justify;\">Bir gazetecinin, &#8221;AK Parti&#8217;nin mektubu elinize ula\u015ft\u0131 m\u0131&#8221; sorusu \u00fczerine Vural, &#8221;Hangi mektup? Onlar \u015fu anda \u0130mral\u0131&#8217;n\u0131n mektubuyla me\u015fguller. Mektupla siyaset devri&#8230; Bu da yeni bir \u015fey. Bize intikal eden bir \u015fey var m\u0131 haberim yok. Mektuplar, makaleler&#8230; Ayn\u0131 yeme\u011fi pi\u015fir, pi\u015fir ye&#8221; ifadesini kulland\u0131. Bir ba\u015fka gazetecinin, &#8221;Biraz \u00f6nce foto\u011fraflar\u0131 g\u00f6sterirken duyguland\u0131n\u0131z&#8221; s\u00f6zleri \u00fczerine Vural, &#8221;Medyan\u0131n \u015fehitlere sahip \u00e7\u0131kmas\u0131ndan h\u00fck\u00fcmet neden \u00fcrk\u00fcyor&#8221; sorusunu y\u00f6neltti.<\/p>\n<p style=\"text-align: justify;\">&#8221;Kendisi t\u00fclbent \u00fczerinden, kan \u00fczerinden siyaset yap\u0131yor&#8221; diyen Vural, s\u00f6zlerini \u015f\u00f6yle s\u00fcrd\u00fcrd\u00fc: &#8221;Genel yay\u0131n y\u00f6netmelerini arayarak, &#8216;amman \u015fehit cenazelerini g\u00f6stermeyin&#8217; diye bask\u0131 yapt\u0131klar\u0131n\u0131 biliyoruz. Barcelona&#8217;n\u0131n 5 gol\u00fc daha \u00f6nemli inan\u0131n bana. \u00c7\u0131km\u0131\u015f k\u00fc\u00e7\u00fck ak\u0131llar\u0131yla &#8216;m\u00fczakere&#8217; diyorlar. Obama, El Kaide ile m\u00fczakere mi yapt\u0131? Kimin eli kimin cebinde belli de\u011fil. \u0130nsanlar\u0131 &#8216;ver kurtul&#8217; noktas\u0131na getirmeye \u00e7al\u0131\u015f\u0131yorlar. Bu millet vermez al\u0131r. Bunu Kurtulu\u015f Sava\u015f\u0131nda herkese g\u00f6sterdi. Bunlar siyaset vampiri. Kan d\u00f6k\u00fcld\u00fck\u00e7e bundan bir rol payla\u015f\u0131m\u0131 \u00e7\u0131karmaya \u00e7al\u0131\u015f\u0131yorlar. &#8221;PKK ter\u00f6r yapmazsa ben de operasyon yapmam&#8217; diyor. Yani m\u00fctareke, ate\u015fkes \u00e7a\u011fr\u0131s\u0131 yap\u0131yor. Ter\u00f6r\u00fc b\u00f6ylesine makul ve mazur g\u00f6sterme anlay\u0131\u015f\u0131n\u0131 telin ediyorum. \u015eimdi &#8216;iyi PKK&#8217;, &#8216;k\u00f6t\u00fc PKK&#8217; durumu \u00e7\u0131kard\u0131lar ortaya. Ba\u015fbakan &#8216;D\u00fcnyay\u0131 Kurtaran Adam&#8217; ya, \u015fimdi temsilciler arac\u0131l\u0131\u011f\u0131 ile PKK&#8217;n\u0131n i\u00e7erisindeki sorunlar\u0131 da halletmeye \u00e7al\u0131\u015f\u0131yor. PKK&#8217;y\u0131 b\u00fct\u00fcnle\u015ftirmeye \u00e7al\u0131\u015f\u0131yor. Kim ter\u00f6rist, kim siyaset\u00e7i bilinmez hale geldi. Toplum k\u00f6rle\u015ftirilmek isteniyor.&#8221;<\/p>\n<p style=\"text-align: justify;\"><a href=\"http:\/\/www.cumhuriyet.com.tr\/?hn=280210\" target=\"_blank\">Kaynak : Cumhuriyet Haber Portal\u0131<\/a><\/p>\n","protected":false},"excerpt":{"rendered":"<p style=\"text-align: center;\">\n<p style=\"text-align: justify;\">MHP Grup Ba\u015fkanvekili Oktay Vural, &#8221;Ne g\u00fcnlere kald\u0131k, ter\u00f6r \u00f6rg\u00fct\u00fc eleba\u015f\u0131 siyasi muhatap haline geldi. Kandan siyaset yap\u0131l\u0131p, &#8216;a\u00e7\u0131l\u0131m&#8217; diye pazarlan\u0131yor&#8221; dedi.<\/p>\n<p style=\"text-align: justify;\">Ankara- MHP Grup Ba\u015fkanvekili Oktay Vural, TBMM&#8217;de d\u00fczenlendi\u011fi bas\u0131nla sohbet toplant\u0131s\u0131nda, \u015fehit haberlerine medyada yeterince yer verilmemesinden yak\u0131nd\u0131. &#8221;Bu kadar \u015fehit varken medyadaki bu sessizli\u011fi, suskunlu\u011fu <\/p>\n","protected":false},"author":1,"featured_media":0,"comment_status":"open","ping_status":"open","sticky":false,"template":"","format":"standard","meta":{"footnotes":""},"categories":[105],"tags":[],"class_list":["post-40206","post","type-post","status-publish","format-standard","hentry","category-gundem","odd"],"_links":{"self":[{"href":"http:\/\/www.korhanyilmaz.com\/index.php?rest_route=\/wp\/v2\/posts\/40206","targetHints":{"allow":["GET"]}}],"collection":[{"href":"http:\/\/www.korhanyilmaz.com\/index.php?rest_route=\/wp\/v2\/posts"}],"about":[{"href":"http:\/\/www.korhanyilmaz.com\/index.php?rest_route=\/wp\/v2\/types\/post"}],"author":[{"embeddable":true,"href":"http:\/\/www.korhanyilmaz.com\/index.php?rest_route=\/wp\/v2\/users\/1"}],"replies":[{"embeddable":true,"href":"http:\/\/www.korhanyilmaz.com\/index.php?rest_route=%2Fwp%2Fv2%2Fcomments&post=40206"}],"version-history":[{"count":0,"href":"http:\/\/www.korhanyilmaz.com\/index.php?rest_route=\/wp\/v2\/posts\/40206\/revisions"}],"wp:attachment":[{"href":"http:\/\/www.korhanyilmaz.com\/index.php?rest_route=%2Fwp%2Fv2%2Fmedia&parent=40206"}],"wp:term":[{"taxonomy":"category","embeddable":true,"href":"http:\/\/www.korhanyilmaz.com\/index.php?rest_route=%2Fwp%2Fv2%2Fcategories&post=40206"},{"taxonomy":"post_tag","embeddable":true,"href":"http:\/\/www.korhanyilmaz.com\/index.php?rest_route=%2Fwp%2Fv2%2Ftags&post=40206"}],"curies":[{"name":"wp","href":"https:\/\/api.w.org\/{rel}","templated":true}]}}