{"id":40199,"date":"2011-09-26T02:32:31","date_gmt":"2011-09-25T23:32:31","guid":{"rendered":"http:\/\/www.korhanyilmaz.com\/?p=40199"},"modified":"2011-09-26T12:29:36","modified_gmt":"2011-09-26T09:29:36","slug":"simdi-tulbentlerinizi-nereye-sereceksiniz","status":"publish","type":"post","link":"http:\/\/www.korhanyilmaz.com\/?p=40199","title":{"rendered":"\u015eimdi t\u00fclbentlerinizi nereye sereceksiniz"},"content":{"rendered":"<p style=\"text-align: center;\"><a href=\"http:\/\/www.korhanyilmaz.com\/wp-content\/uploads\/2011\/09\/7023.jpg\"  class=\"lightview\"><img loading=\"lazy\" decoding=\"async\" class=\"aligncenter  wp-image-40200\" src=\"http:\/\/www.korhanyilmaz.com\/wp-content\/uploads\/2011\/09\/7023.jpg\" alt=\"\" width=\"428\" height=\"212\" \/><\/a><\/p>\n<p style=\"text-align: justify;\">Erdo\u011fan, ABD d\u00f6n\u00fc\u015f\u00fcnde ter\u00f6rle ilgili, \u201cBa\u015f\u0131ndaki t\u00fclbenti ortaya koyan K\u00fcrt annesi karde\u015flerime sesleniyorum; peki \u015fimdi bu t\u00fclbentlerinizi nereye sereceksiniz, bu 4 k\u0131z\u0131m\u0131z kimin k\u0131zlar\u0131. Siirt\u2019te olan hadise s\u0131radan bir hadise de\u011fildir\u201d dedi.<\/p>\n<p style=\"text-align: justify;\">ABD\u2019den Ankara\u2019ya d\u00f6nen Ba\u015fbakan Recep Tayyip Erdo\u011fan, Esenbo\u011fa Havaliman\u0131\u2019nda ABD ziyaretine ili\u015fkin d\u00fczenledi\u011fi bas\u0131n toplant\u0131s\u0131n\u0131n ard\u0131ndan gazetecilerin sorular\u0131n\u0131 yan\u0131tlad\u0131. Erdo\u011fan, son d\u00f6nemdeki ter\u00f6r olaylar\u0131 i\u00e7in, \u201cBa\u015f\u0131ndaki t\u00fclbenti ortaya koyan K\u00fcrt annesi karde\u015flerime sesleniyorum; peki \u015fimdi bu t\u00fclbentlerinizi nereye sereceksiniz, bu 4 k\u0131z\u0131m\u0131z kimin k\u0131zlar\u0131\u201d dedi.<!--more--><\/p>\n<p style=\"text-align: justify;\"><a href=\"http:\/\/www.korhanyilmaz.com\/wp-content\/uploads\/2011\/09\/7024.jpg\"  class=\"lightview\"><img loading=\"lazy\" decoding=\"async\" class=\" wp-image-40201 alignleft\" style=\"margin-left: 10px; margin-right: 10px;\" src=\"http:\/\/www.korhanyilmaz.com\/wp-content\/uploads\/2011\/09\/7024.jpg\" alt=\"\" width=\"364\" height=\"204\" \/><\/a>Erdo\u011fan, \u201cE\u011fer bu s\u0131n\u0131r \u00f6tesi operasyonlarda \u00f6nemli neticeler ortaya \u00e7\u0131kmam\u0131\u015f olsayd\u0131, \u00f6yle zannediyorum ki bu s\u00fcre\u00e7 belki daha sakin ge\u00e7ebilirdi\u201d dedi. Erdo\u011fan, \u0130ran\u2019la PKK\u2019ya kar\u015f\u0131 m\u00fc\u015fterek operasyon yap\u0131laca\u011f\u0131 sinyalini de verdi. \u0130ran ile ter\u00f6rle m\u00fccadele konusunda at\u0131lacak m\u00fc\u015fterek ad\u0131mlar ve Siirt\u2019teki sald\u0131r\u0131ya ili\u015fkin sorular \u00fczerine Erdo\u011fan, ter\u00f6rle m\u00fccadele kararl\u0131l\u0131\u011f\u0131n\u0131n ayn\u0131 \u015fekilde devam edece\u011fini belirterek, \u201cBelki bu bizleri de sizleri de&#8230; Bu ifade \u00e7ok kullan\u0131ld\u0131\u011f\u0131 i\u00e7in bezdirmi\u015f olabilir ama bunu ifade etmek bizim i\u00e7in bir sorumluluktur\u201d dedi.<\/p>\n<p style=\"text-align: justify;\">\u0130ran ile T\u00fcrkiye\u2019nin ortak ter\u00f6r \u00f6rg\u00fct\u00fcyle m\u00fccadele etti\u011fini belirten Erdo\u011fan, \u201cKandil, \u0130ran\u2019\u0131n s\u0131n\u0131r\u0131 olu\u015fu sebebiyle de orayla ilgili \u00f6zellikle kara ve hava harekat\u0131n\u0131 m\u00fc\u015fterek yapt\u0131\u011f\u0131 bir b\u00f6lge. Buna y\u00f6nelik olarak bizim de \u0130ran ile m\u00fc\u015fterek yapabilece\u011fimiz bundan sonra operasyonlar var, yapt\u0131klar\u0131m\u0131z var. Bu konudaki \u00e7al\u0131\u015fmalar\u0131 da ilgili birimlerimiz kendi aralar\u0131nda kar\u015f\u0131l\u0131kl\u0131 y\u00fcr\u00fctecekler. \u015eu anda da y\u00fcr\u00fct\u00fcl\u00fcyor. Bu \u00e7al\u0131\u015fmalar\u0131m\u0131zdaki kararl\u0131l\u0131\u011f\u0131 her iki taraf de teyit etmi\u015ftir. Herhangi bir erteleme s\u00f6z konusu de\u011fildir. Bunun \u00fcz\u00fclerek s\u00f6yl\u00fcyorum ama bedeli olacakt\u0131r\u201d diye konu\u015ftu.<\/p>\n<p style=\"text-align: justify;\"><strong>S\u0131n\u0131r \u00f6tesi vurgusu<\/strong><\/p>\n<p style=\"text-align: justify;\">Erdo\u011fan, \u015f\u00f6yle devam etti:<\/p>\n<p style=\"text-align: justify;\">\u201cE\u011fer bu s\u0131n\u0131r \u00f6tesi operasyonlarda \u00f6nemli neticeler ortaya \u00e7\u0131kmam\u0131\u015f olsayd\u0131 \u00f6yle zannediyorum ki bu s\u00fcre\u00e7 belki daha sakin ge\u00e7ebilirdi. Ama bunu da yapmak durumunday\u0131z ve yapaca\u011f\u0131z da. Bu i\u00e7eride de olacak s\u0131n\u0131r \u00f6tesinde de olacak. Bu konuyu Irak Cumhurba\u015fkan\u0131 ile de payla\u015ft\u0131m. Bundan sonraki s\u00fcrece y\u00f6nelik de bizim g\u00fcvenlik zirvesi olarak ifade etti\u011fimiz heyetimizle, yar\u0131n Bakanlar Kurulu\u2019nda de\u011ferlendirmelerimizi yap\u0131p, tekrar s\u00fcrekli olarak bunlar an be an devam edecek. Bunlar her an g\u00f6r\u00fc\u015fmemiz gereken ve \u00f6zellikle de Be\u015fir beyin (Atalay) ad\u0131ma bu i\u015fleri s\u00fcrekli y\u00fcr\u00fctt\u00fc\u011f\u00fc bir s\u00fcre\u00e7.\u201d<\/p>\n<p style=\"text-align: justify;\"><strong>T\u00fclbent sorusu<\/strong><\/p>\n<p style=\"text-align: justify;\">Erdo\u011fan, s\u00f6zlerini \u015f\u00f6yle s\u00fcrd\u00fcrd\u00fc: \u201cBuradan \u00f6ncelikle K\u00fcrt k\u00f6kenli annelere seslenmek istiyorum, ard\u0131ndan t\u00fcm annelere seslenmek istiyorum; Siirt\u2019te olan hadise s\u0131radan bir hadise de\u011fildir ve ger\u00e7ek y\u00fczlerini ortaya koymas\u0131 bak\u0131m\u0131ndan \u00e7ok \u00f6nemli bir hadisedir. O, PKK\u2019n\u0131n ger\u00e7ek y\u00fcz\u00fcn\u00fc ortaya koymas\u0131 bak\u0131m\u0131ndan \u00e7ok \u00f6nemlidir. PKK, kar\u015f\u0131s\u0131ndaki kad\u0131na da k\u0131za da b\u00f6yledir, kendi i\u00e7indeki kad\u0131na k\u0131za da b\u00f6yledir. 4 tane k\u0131z\u0131m\u0131z\u0131 \u015fehit ettiler. \u0130fade edilen mermi rakam\u0131 ne, 200\u2019e yak\u0131n mermi, kur\u015fun. B\u00f6yle bir vah\u015fet olur mu? B\u00f6yle bir al\u00e7ak\u00e7a sald\u0131r\u0131 olur mu? Ba\u015f\u0131ndaki t\u00fclbenti ortaya koyan K\u00fcrt annesi karde\u015flerime sesleniyorum; peki \u015fimdi bu t\u00fclbentlerinizi nereye sereceksiniz, bu 4 k\u0131z\u0131m\u0131z kimin k\u0131zlar\u0131?\u201d<\/p>\n<p style=\"text-align: justify;\"><strong>Damad\u0131 oldu\u011fum \u015fehir<\/strong><\/p>\n<p style=\"text-align: justify;\">Erdo\u011fan, \u201cBuyurun i\u015fte Siirt. Benim damad\u0131 oldu\u011fum \u015fehir. Orada K\u00fcrt karde\u015flerim var, Arap karde\u015flerim var. \u0130\u015fte buyurun bunlar i\u015fte K\u00fcrt karde\u015flerimiz. Biz onlar\u0131 polis zannettik\u2019 diyor. Bu size hakl\u0131l\u0131k m\u0131 kazand\u0131r\u0131yor?\u201d dedi.<\/p>\n<p style=\"text-align: justify;\">Erdo\u011fan, \u015f\u00f6yle devam etti: \u201cOradaki polis kolejine yapt\u0131\u011f\u0131n\u0131z sald\u0131r\u0131 size hakl\u0131l\u0131k m\u0131 kazand\u0131r\u0131yor? Bu \u00fclkenin polis koleji olmayacak m\u0131? Bu \u00fclkenin polis akademisi olmayacak m\u0131? Bu \u00fclkenin askeri okullar\u0131 olmayacak m\u0131? Biz devletiz. Bu devletin \u00e7e\u015fitli kurumlar\u0131 var. Siz savunmas\u0131z insanlar\u0131 bile \u00e7ok rahatl\u0131kla \u00f6ld\u00fcrebilecek vah\u015fete, al\u00e7ak\u00e7a yakla\u015f\u0131ma sahip bir \u00f6rg\u00fcts\u00fcn\u00fcz. Yapt\u0131klar\u0131n\u0131z \u00e7ok a\u00e7\u0131k net ortada. \u0130\u00e7lerinde 5 tane kad\u0131n\u0131 da infaz ettiler, kendi i\u00e7lerinde. \u015eimdi o da ortaya \u00e7\u0131kt\u0131. \u2019Gaz zehirlenmesi\u2019 dediler. Bunlar ac\u0131mas\u0131zd\u0131r. Bunlar kandan beslenirler ve kandan beslendiklerinin, oradan nemaland\u0131klar\u0131n\u0131n en a\u00e7\u0131k ifadeleri de i\u015fte bu son att\u0131klar\u0131 ad\u0131mlard\u0131r.\u201d<\/p>\n<p style=\"text-align: justify;\"><strong>Son \u00e7\u0131rp\u0131n\u0131\u015f<\/strong><\/p>\n<p style=\"text-align: justify;\">Erdo\u011fan, konu\u015fmas\u0131n\u0131 \u015f\u00f6yle bitirdi: \u201cTemenni ederim ki bunlar son \u00e7\u0131rp\u0131n\u0131\u015flar\u0131d\u0131r. Bizim burada geri ad\u0131m atmam\u0131z, beklememiz m\u00fcmk\u00fcn de\u011fil. \u00c7ok a\u00e7\u0131k net s\u00f6yl\u00fcyoruz, biz ter\u00f6rle m\u00fccadele ederiz, siyasi iradeyle de m\u00fczakere ederiz. Ter\u00f6rle m\u00fccadele sonuna kadar, ama siyasette de m\u00fczakere. Siyasete gelen bizimle konu\u015fabilir, ama gelmeyen bizimle konu\u015famaz. Ter\u00f6rle devlet gerekli g\u00f6rd\u00fc\u011f\u00fc takdirde, gerekli elemanlar\u0131yla bu g\u00f6r\u00fc\u015fmelerini de yapar. \u00c7\u00fcnk\u00fc devletin g\u00f6revi neticeye varmakt\u0131r.\u201d<\/p>\n<p style=\"text-align: justify;\"><strong>ERDO\u011eAN\u2019DAN SATIRBA\u015eLARI\u00a0<\/strong><\/p>\n<p style=\"text-align: justify;\"><strong>\u2018Muhalefetin ter\u00f6r form\u00fcl\u00fc rant ad\u0131m\u0131\u2019\u00a0<\/strong><\/p>\n<p style=\"text-align: justify;\">Ba\u015fbakan Erdo\u011fan, CHP\u2019nin ter\u00f6rle m\u00fccadele konusunda dile getirdi\u011fi, \u201cparlamento devreye girsin ve akil adamlar biraraya gelsin\u201d \u00f6nerisi i\u00e7in, \u201cDolay\u0131s\u0131yla bunlar sadece kamuoyunda zamana oynamak veya da \u2018bir siyasi rant elde edebilir miyiz?\u2019 veya \u2018kendimize y\u00f6nelik bir g\u00fcndem olu\u015fturabilir miyiz?\u2019 Buna y\u00f6nelik ad\u0131mlard\u0131r. Art\u0131k biz bu t\u00fcr \u015feylerden bir yerde b\u0131kt\u0131k, biz art\u0131k netice istiyoruz\u201d dedi. Erdo\u011fan, bir gazetecinin, \u201cCHP Lideri Kemal K\u0131l\u0131\u00e7daro\u011flu, ter\u00f6rle m\u00fccadele konusunda, \u2018parlamento devreye girsin ve akil adamlar biraraya gelsin onlara soral\u0131m. \u0130ktidar partisi kabul ederse, biz onlara detaylar\u0131n\u0131 a\u00e7\u0131klar\u0131z\u2019 \u00f6nerisinde bulundu. Bunu nas\u0131l yorumlars\u0131n\u0131z? Yeni anayasayla ilgili randevu talebi i\u00e7in mektup ne zaman yaz\u0131lacak? Randevu talebi ne zaman istenecek?\u201d sorusuna, \u015fu yan\u0131t\u0131 verdi: \u201cMektubu arkada\u015flar\u0131m\u0131z yar\u0131n (bug\u00fcn) g\u00f6nderecekler ve heyetimiz kabul etmeleri halinde kendilerini ziyaret edecek.\u201d<\/p>\n<p style=\"text-align: justify;\"><strong>\u2018Predatorler i\u00e7in iki teklif verdik\u2019\u00a0<\/strong><\/p>\n<p style=\"text-align: justify;\">\u201c\u0130nsans\u0131z hava arac\u0131 Predatorler ne zaman gelecek? Bu hava ara\u00e7lar\u0131 sadece istihbarat i\u00e7in mi kullan\u0131lacak?\u201d sorusu \u00fczerine, Erdo\u011fan, \u015f\u00f6yle konu\u015ftu: \u201cPredatorun zaten en \u00f6nemli g\u00f6revi istihbarat deste\u011fidir, bunu sa\u011flar ve buna y\u00f6nelik olarak da zamanlama noktas\u0131nda D\u0131\u015fi\u015fleri kendileriyle g\u00f6r\u00fc\u015fmelerini s\u00fcrd\u00fcrecekler ve bize bunlar\u0131n teslimat\u0131 nas\u0131l olur, nerede olur, konu\u015flanmas\u0131 nas\u0131l olacak? Ben Say\u0131n Obama\u2019ya iki teklif yapt\u0131m. \u2018\u0130ster sat\u0131n alma, isterse kiralama her ikisi de olabilir\u2019 dedim. Bunun karar\u0131n\u0131 kendileri verecekler. Olumlu bak\u0131\u015flar\u0131n\u0131 ben ifade ettim Amerika\u2019da. Bu olumlu bak\u0131\u015f\u0131 da \u015fu anda D\u0131\u015fi\u015fleri te\u015fkilat\u0131m\u0131z takip edip neticeye kavu\u015fturaca\u011f\u0131z.\u201d<\/p>\n<p style=\"text-align: justify;\"><strong>Suriye yapt\u0131r\u0131m\u0131 g\u00f6zden ge\u00e7iriliyor\u00a0<\/strong><\/p>\n<p style=\"text-align: justify;\">Erdo\u011fan, bir gazetecinin, Suriye\u2019ye yapt\u0131r\u0131m tart\u0131\u015fmalar\u0131 ile ilgili \u201cHatay ziyaretinizin tarihi netle\u015fti mi? Yapt\u0131r\u0131m takvimi var m\u0131? T\u00fcrkiye\u2019nin ne t\u00fcr yapt\u0131r\u0131mlar\u0131 olacak\u201d sorusu \u00fczerine, per\u015fembe g\u00fcn\u00fc Makedonya\u2019ya g\u00fcn\u00fcbirlik bir ziyareti olaca\u011f\u0131n\u0131, ziyaretten sonraki g\u00fcnler i\u00e7in planlamay\u0131 bu hafta i\u00e7erisinde yapacaklar\u0131n\u0131 ifade etti. Erdo\u011fan, \u201cOna g\u00f6re bir Hatay ziyareti olacak\u201d diye konu\u015ftu. Yapt\u0131r\u0131mlar noktas\u0131nda D\u0131\u015fi\u015fleri Bakanl\u0131\u011f\u0131\u2019n\u0131n \u00e7al\u0131\u015fmalar\u0131n\u0131 daha \u00f6nce m\u00fczakere ettiklerini belirten Erdo\u011fan, \u015funlar\u0131 kaydetti: \u201c\u015eimdi onlar\u0131 biraz daha geli\u015fen \u015fartlar sebebiyle g\u00f6zden ge\u00e7irmek durumunday\u0131z. Ama \u015funu size s\u00f6yleyebilirim ki deniz, hava, kara olsun buralardan ge\u00e7ebilecek silahlar noktas\u0131nda bunlar konusundaki karar\u0131m\u0131z kesindir. Burada durdururuz, indiririz ve bunlara el koyar\u0131z bu art\u0131k belli olmu\u015ftur.\u201d<\/p>\n<p style=\"text-align: justify;\"><strong>Filistin\u2019i BM\u2019nin g\u00fcndemine oturttuk\u00a0<\/strong><\/p>\n<p style=\"text-align: justify;\">Ba\u015fbakan Erdo\u011fan, \u201cA\u011f\u0131rl\u0131kl\u0131 olarak Filistin\u2019in devlet olma noktas\u0131ndaki ad\u0131m\u0131n\u0131 att\u0131\u011f\u0131 bu Genel Kurul, tabii ki BM\u2019nin g\u00fcndemine tam manas\u0131yla oturmu\u015ftur. Filistin\u2019in devlet olma s\u00fcrecini ko\u015fulsuz destekleyen \u00fclkemiz, \u015fu ana kadar yapt\u0131\u011f\u0131 \u00e7al\u0131\u015fmalar\u0131 bundan sonra da yine ayn\u0131 kararl\u0131l\u0131kla devam ettirecektir\u201d dedi. Erdo\u011fan ayr\u0131ca liderlerle yapt\u0131\u011f\u0131 temaslarda, T\u00fcrkiye\u2019nin 2015-2016 d\u00f6nemi G\u00fcvenlik Konseyi adayl\u0131\u011f\u0131 ile EXPO 2020 i\u00e7in \u0130zmir\u2019in adayl\u0131\u011f\u0131 konusunda destek istedi\u011fini de a\u00e7\u0131klad\u0131. BM Genel Kurulu\u2019nda ise T\u00fcrkiye\u2019nin d\u0131\u015f politika \u00f6nceliklerini yeniden vurgulad\u0131\u011f\u0131n\u0131 kaydeden Erdo\u011fan, \u201cK\u0131br\u0131s konusunun yan\u0131 s\u0131ra Somali\u2019deki insanl\u0131k felaketi, Ortado\u011fu, Kuzey Afrika\u2019daki k\u00f6kl\u00fc d\u00f6n\u00fc\u015f\u00fcm s\u00fcreci, az geli\u015fmi\u015f \u00fclkelere destek olunmas\u0131 ve ter\u00f6rizm m\u00fccadelesi gibi pek \u00e7ok alanda y\u00fcr\u00fctt\u00fc\u011f\u00fcm\u00fcz \u00e7al\u0131\u015fmalara de\u011findim. Ne \u0130srail\u2019in ne de ba\u015fka hi\u00e7bir \u00fclkenin kendisini uluslararas\u0131 hukukun \u00fcst\u00fcnde g\u00f6remeyece\u011fini ve Gazze halk\u0131na kar\u015f\u0131 uygulanan insanl\u0131k d\u0131\u015f\u0131 ablukan\u0131n sona erdirilmesi gerekti\u011finin alt\u0131n\u0131 \u00e7izerek ifade ettim\u201d diye konu\u015ftu.<\/p>\n<p style=\"text-align: justify;\"><a href=\"http:\/\/siyaset.milliyet.com.tr\/simdi-tulbentlerinizi-nereye-sereceksiniz\/siyaset\/siyasetdetay\/26.09.2011\/1443020\/default.htm\" target=\"_blank\">Kaynak : Milliyet.com.tr<\/a><\/p>\n","protected":false},"excerpt":{"rendered":"<p style=\"text-align: center;\">\n<p style=\"text-align: justify;\">Erdo\u011fan, ABD d\u00f6n\u00fc\u015f\u00fcnde ter\u00f6rle ilgili, \u201cBa\u015f\u0131ndaki t\u00fclbenti ortaya koyan K\u00fcrt annesi karde\u015flerime sesleniyorum; peki \u015fimdi bu t\u00fclbentlerinizi nereye sereceksiniz, bu 4 k\u0131z\u0131m\u0131z kimin k\u0131zlar\u0131. Siirt\u2019te olan hadise s\u0131radan bir hadise de\u011fildir\u201d dedi.<\/p>\n<p style=\"text-align: justify;\">ABD\u2019den Ankara\u2019ya d\u00f6nen Ba\u015fbakan Recep Tayyip Erdo\u011fan, Esenbo\u011fa Havaliman\u0131\u2019nda ABD ziyaretine ili\u015fkin d\u00fczenledi\u011fi bas\u0131n toplant\u0131s\u0131n\u0131n ard\u0131ndan <\/p>\n","protected":false},"author":1,"featured_media":0,"comment_status":"open","ping_status":"open","sticky":false,"template":"","format":"standard","meta":{"footnotes":""},"categories":[105],"tags":[],"class_list":["post-40199","post","type-post","status-publish","format-standard","hentry","category-gundem","odd"],"_links":{"self":[{"href":"http:\/\/www.korhanyilmaz.com\/index.php?rest_route=\/wp\/v2\/posts\/40199","targetHints":{"allow":["GET"]}}],"collection":[{"href":"http:\/\/www.korhanyilmaz.com\/index.php?rest_route=\/wp\/v2\/posts"}],"about":[{"href":"http:\/\/www.korhanyilmaz.com\/index.php?rest_route=\/wp\/v2\/types\/post"}],"author":[{"embeddable":true,"href":"http:\/\/www.korhanyilmaz.com\/index.php?rest_route=\/wp\/v2\/users\/1"}],"replies":[{"embeddable":true,"href":"http:\/\/www.korhanyilmaz.com\/index.php?rest_route=%2Fwp%2Fv2%2Fcomments&post=40199"}],"version-history":[{"count":0,"href":"http:\/\/www.korhanyilmaz.com\/index.php?rest_route=\/wp\/v2\/posts\/40199\/revisions"}],"wp:attachment":[{"href":"http:\/\/www.korhanyilmaz.com\/index.php?rest_route=%2Fwp%2Fv2%2Fmedia&parent=40199"}],"wp:term":[{"taxonomy":"category","embeddable":true,"href":"http:\/\/www.korhanyilmaz.com\/index.php?rest_route=%2Fwp%2Fv2%2Fcategories&post=40199"},{"taxonomy":"post_tag","embeddable":true,"href":"http:\/\/www.korhanyilmaz.com\/index.php?rest_route=%2Fwp%2Fv2%2Ftags&post=40199"}],"curies":[{"name":"wp","href":"https:\/\/api.w.org\/{rel}","templated":true}]}}