{"id":40194,"date":"2011-09-25T14:05:10","date_gmt":"2011-09-25T11:05:10","guid":{"rendered":"http:\/\/www.korhanyilmaz.com\/?p=40194"},"modified":"2011-09-26T07:13:19","modified_gmt":"2011-09-26T04:13:19","slug":"kilicdaroglu-cok-tepedeki-kostebeklere-tanik-olacaksiniz","status":"publish","type":"post","link":"http:\/\/www.korhanyilmaz.com\/?p=40194","title":{"rendered":"K\u0131l\u0131\u00e7daro\u011flu : &#8220;\u00c7ok tepedeki k\u00f6stebeklere tan\u0131k olacaks\u0131n\u0131z&#8221;"},"content":{"rendered":"<p style=\"text-align: justify;\">\n<p style=\"text-align: justify;\"><a href=\"http:\/\/www.korhanyilmaz.com\/wp-content\/uploads\/2011\/09\/70221.jpg\"  class=\"lightview\"><img loading=\"lazy\" decoding=\"async\" class=\"aligncenter size-full wp-image-40196\" title=\"\" src=\"http:\/\/www.korhanyilmaz.com\/wp-content\/uploads\/2011\/09\/70221.jpg\" alt=\"\" width=\"313\" height=\"219\" \/><\/a><\/p>\n<p style=\"text-align: justify;\">Vatan Gazetesi yazar\u0131 Mustafa Mutlu bug\u00fcnk\u00fc yaz\u0131s\u0131nda K\u0131l\u0131\u00e7daro\u011flu&#8217;nun a\u00e7\u0131klamalar\u0131na yer verdi. K\u0131l\u0131\u00e7daro\u011flu&#8217;nun gazeteyi ziyareti s\u0131ras\u0131nda yapt\u0131\u011f\u0131 de\u011ferlendirmeleri yazan Mutlu Deniz Feneri&#8217;nden &#8220;yemin krizi&#8221;ne K\u0131l\u0131\u00e7daro\u011flu&#8217;nun bir\u00e7ok konudaki yan\u0131tlar\u0131na yer verdi.\u00a0<!--more--><\/p>\n<p style=\"text-align: justify;\"><span style=\"text-decoration: underline;\">\u0130\u015fte Mutlu&#8217;nun &#8220;K\u00f6stebekleri bekliyorum!&#8221; ba\u015fl\u0131kl\u0131 yaz\u0131s\u0131&#8230;\u00a0<\/span><\/p>\n<p style=\"text-align: justify;\">VATAN okurlar\u0131 sordu, CHP Genel Ba\u015fkan\u0131 K\u0131l\u0131\u00e7daro\u011flu yan\u0131tlad\u0131.<\/p>\n<p style=\"text-align: justify;\">K\u0131l\u0131\u00e7daro\u011flu, Deniz Feneri\u2019yle ilgili soruyu, \u201cDeniz Feneri\u2019nde yarg\u0131lama s\u00fcreci ba\u015flad\u0131. Kimlerin san\u0131klara bilgi aktard\u0131\u011f\u0131, yani k\u00f6stebeklik yapt\u0131\u011f\u0131 ortaya \u00e7\u0131kacak. \u00c7ok tepe noktalardaki baz\u0131 isimlerin nas\u0131l k\u00f6stebeklik yapt\u0131\u011f\u0131na tan\u0131k olaca\u011f\u0131z\u201c diye yan\u0131tlad\u0131.<\/p>\n<p style=\"text-align: justify;\">CHP Genel Ba\u015fkan\u0131 Kemal K\u0131l\u0131\u00e7daro\u011flu, d\u00fcn Genel Ba\u015fkan Yard\u0131mc\u0131s\u0131 G\u00fcrsel Tekin, \u0130stanbul M\u0130lletvekili Ayd\u0131n Ayayd\u0131n ve \u0130stanbul \u0130l Ba\u015fkan\u0131 O\u011fuz Kaan Sal\u0131c\u0131 ile birlikte gazetemizi ziyaret etti. K\u0131l\u0131\u00e7daro\u011flu, Genel Yay\u0131n Y\u00f6netmenimiz \u0130smail Turgut Yuvacan, Ba\u015fyazar\u0131m\u0131z G\u00fcng\u00f6r Mengi, yazarlar\u0131m\u0131z Ruhat Mengi, Can Atakl\u0131, Yaz\u0131i\u015fleri M\u00fcd\u00fcr\u00fcm\u00fcz U\u011fur Ko\u00e7ba\u015f, Ekonomi M\u00fcd\u00fcr\u00fcm\u00fcz Ercan \u0130nan ve Yay\u0131n Kurulu \u00dcyemiz Ayd\u0131n \u00d6zt\u00fcrk ile g\u00fcncel geli\u015fmeleri de\u011ferlendirdi.\u201d\u00d6n\u00fcm\u00fczdeki g\u00fcnlerde g\u00fcndeme ili\u015fkin bir s\u00fcrpriz bekliyor musunuz\u201d \u015feklindeki bir soruyu ise \u015f\u00f6yle yan\u0131tlad\u0131: \u201cEvet, bekliyorum. Yarg\u0131lama s\u00fcreci ba\u015flad\u0131; Deniz Feneri davas\u0131nda kimlerin san\u0131klara bilgi aktard\u0131\u011f\u0131n\u0131n, yani k\u00f6stebeklik yapt\u0131\u011f\u0131n\u0131n ortaya \u00e7\u0131kt\u0131\u011f\u0131n\u0131 g\u00f6rece\u011fiz. \u00c7ok tepe noktalardaki baz\u0131 isimlerin nas\u0131l k\u00f6stebeklik yapt\u0131klar\u0131na tan\u0131k olacaks\u0131n\u0131z\u201d dedi. Gazetemizin yazar ve y\u00f6neticileriyle biraya gelmeden \u00f6nce yakla\u015f\u0131k bir saat boyunca odamda konuk etti\u011fim K\u0131l\u0131\u00e7daro\u011flu\u2019na, VATAN okurlar\u0131n\u0131n iki g\u00fcnd\u00fcr bana ya\u011fd\u0131rd\u0131\u011f\u0131 sorular\u0131n bir b\u00f6l\u00fcm\u00fcn\u00fc, virg\u00fcl\u00fcne dokunmadan sorma olana\u011f\u0131 buldum. Baz\u0131lar\u0131 olduk\u00e7a sert olan bu sorulara K\u0131l\u0131\u00e7daro\u011flu\u2019nun verdi\u011fi yan\u0131tlar \u015f\u00f6yle:<\/p>\n<p style=\"text-align: justify;\"><strong>PKK ile g\u00f6r\u00fc\u015fme bir fiyaskodur\u00a0<\/strong><\/p>\n<p style=\"text-align: justify;\">Say\u0131n K\u0131l\u0131\u00e7daro\u011flu, M\u0130T ve Ba\u015fbakanl\u0131k \u00d6zel Temsilcisi\u2019nin PKK\u2019n\u0131n \u00f6nde gelen isimleriyle yapt\u0131\u011f\u0131 g\u00f6r\u00fc\u015fmeleri de\u011ferlendirirken,\u2019Neden g\u00f6r\u00fc\u015ft\u00fcn\u00fcz demiyorum, millete ni\u00e7in yalan s\u00f6ylediniz diyorum\u2019 demi\u015fti. Acaba Say\u0131n K\u0131l\u0131\u00e7daro\u011flu, ter\u00f6r \u00f6rg\u00fct\u00fc silah b\u0131rakmadan yap\u0131lan g\u00f6r\u00fc\u015fmeleri destekliyor mu? (M. \u015eeref Soyak, Cevat Eren, Osman Ar\u0131kan)<\/p>\n<p style=\"text-align: justify;\">Ter\u00f6r\u00fc bitirmek i\u00e7in elbette g\u00f6r\u00fc\u015f\u00fclebilir. Fakat \u00f6nce kar\u015f\u0131 taraf\u0131n s\u00f6zc\u00fclerinden ter\u00f6r\u00fc bitirme g\u00fcvencesi al\u0131nmal\u0131. Bir yanda silahlar konu\u015furken, di\u011fer yanda siz ter\u00f6r \u00f6rg\u00fct\u00fcn\u00fcn temsilcileriyle ayn\u0131 masaya oturup m\u00fczakere yapamazs\u0131n\u0131z. \u0130stihbarat \u00f6rg\u00fctleri bu t\u00fcr g\u00f6r\u00fc\u015fmeleri yapabilir. Zaten daha \u00f6nce de defalarca yap\u0131ld\u0131. Ama ilk kez bir Ba\u015fbakan \u00d6zel Temsilcisi bu g\u00f6r\u00fc\u015fmelere g\u00f6nderildi. Yani g\u00f6r\u00fc\u015fmelere Ba\u015fbakan\u2019\u0131n iddia etti\u011fi gibi sadece \u2018devlet\u2019 kat\u0131lmad\u0131, \u00fclkeyi y\u00f6neten siyaset\u00e7iler de temsil edildi. Fakat medya bunu \u0131srarla \u2018M\u0130T-PKK g\u00f6r\u00fc\u015fmesi\u2019 olarak verdi. \u00d6zel Temsilcisi o masan\u0131n etraf\u0131nda oturup m\u00fczakerelerde bulunurken; Ba\u015fbakan, \u2018O g\u00f6r\u00fc\u015fmelere biz kat\u0131lmad\u0131k\u2019 diyemez. Yap\u0131lan bu g\u00f6r\u00fc\u015fme tam anlam\u0131yla bir fiyaskodur!<\/p>\n<p style=\"text-align: justify;\">Say\u0131n K\u0131l\u0131\u00e7daro\u011flu \u2018G\u00f6r\u00fc\u015f\u00fclebilir\u2019 diyor ama adamlar bizden toprak istiyorlar&#8230; Vereceksen konu\u015fursun, vermeyeceksen zaten onlar konu\u015fmak istemiyor&#8230; (Osman Ar\u0131kan)<\/p>\n<p style=\"text-align: justify;\">Kimse T\u00fcrkiye Cumhuriyeti\u2019nden bir kar\u0131\u015f bile toprak talebinde bulunamaz. Bildi\u011fim kadar\u0131yla da \u00f6yle bir talep yok. Biz g\u00f6r\u00fc\u015fmelerin i\u00e7eri\u011fini bilmiyoruz. Milleti temsil eden milletvekillerine bu konuda hi\u00e7bir bilgi verilmiyor, Meclis devre d\u0131\u015f\u0131 b\u0131rak\u0131l\u0131yor. Elbette toprak talebinde bulunanla masaya oturulmaz. Biz buna \u015fiddetle kar\u015f\u0131 \u00e7\u0131kar\u0131z. Bu vatana ihanet anlam\u0131na gelir.<\/p>\n<p style=\"text-align: justify;\">Apo\u2019nun sivil cezaevine nakledilme talebini nas\u0131l de\u011ferlendiriyorsunuz? (Veysel Mihmandar)<\/p>\n<p style=\"text-align: justify;\">Ki\u015fiye \u00f6zel hi\u00e7bir d\u00fczenlemeyi do\u011fru bulmuyorum.<\/p>\n<p style=\"text-align: justify;\">PKK\u2019ya deste\u011fini esirgemeyen BDP\u2019yi ve y\u00f6neticilerini kamuoyunun \u00f6n\u00fcnde bir kez bile ele\u015ftirmememenizin nedeni nedir? (Yetkin Tak\u0131r)<\/p>\n<p style=\"text-align: justify;\">Ter\u00f6r \u00f6rg\u00fct\u00fcn\u00fc her zaman ele\u015ftirdik. BDP\u2019nin etnik kimlik ve b\u00f6lge partisi olmaktan kurtulup, T\u00fcrkiye\u2019nin partisi olmas\u0131 gerekti\u011finin alt\u0131n\u0131 hep \u00e7izdik. Ama unutulmamal\u0131 ki onlar da halktan oy alarak parlamentoya girdiler.<\/p>\n<p style=\"text-align: justify;\">Kendisi askere moral vermek i\u00e7in karakol ziyareti yaparken, partisinden bir milletvekilinin ter\u00f6rist evine taziyeye gitmesini i\u00e7ine sindiriyor mu? Bu olay parti i\u00e7i demokrasiye mi i\u015faret ediyor, yoksa ideolojik da\u011f\u0131n\u0131kl\u0131\u011f\u0131 m\u0131 g\u00f6steriyor? (Canan H\u0131zal)<\/p>\n<p style=\"text-align: justify;\">Say\u0131n Sezgin Tanr\u0131kulu Van\u2019da bir ter\u00f6ristin de\u011fil, bir il\u00e7edeki belediye meclis \u00fcyesinin evine taziyeye gitti. Bu ki\u015fi ayn\u0131 zamanda il\u00e7e ba\u015fkan\u0131m\u0131z\u0131n da ye\u011feni. Yani ter\u00f6rist falan de\u011fil. Bizi karalamak isteyenler, bunu b\u00f6yle yans\u0131tmaya \u00e7al\u0131\u015ft\u0131lar.<\/p>\n<p style=\"text-align: justify;\"><strong>Yanl\u0131\u015flar\u0131 yazsak Recep Larousse \u00e7\u0131kar\u00a0<\/strong><\/p>\n<p style=\"text-align: justify;\">CHP\u2019de birka\u00e7 c\u0131l\u0131z \u00e7\u0131k\u0131\u015ftan, kar\u015f\u0131 tarafa laf yeti\u015ftirmekten ba\u015fka hi\u00e7bir hareket yok. \u0130ktidar, bo\u015f buldu\u011fu bir ortamda at ko\u015fturuyor. Bunun nedeni parti i\u00e7i sorunlar m\u0131, yeteneksizlik mi, korku mu, \u00e7aresizlik mi? (Teoman Borasoy)<\/p>\n<p style=\"text-align: justify;\">Hi\u00e7bir zaman meydan\u0131 bo\u015f b\u0131rakmad\u0131k. Ama bizim d\u00fc\u015f\u00fcncelerimizin geni\u015f kesimlere ula\u015fmas\u0131n\u0131n yolu medyad\u0131r. Ne yaz\u0131k ki bu konuda ciddi s\u0131k\u0131nt\u0131lar ya\u015f\u0131yoruz. Daha fazla \u00e7al\u0131\u015faca\u011f\u0131z.<\/p>\n<p style=\"text-align: justify;\">AKP\u2019li siyaset\u00e7iler \u00e7ok a\u011f\u0131r ve bazen hakarete kadar varan konu\u015fmalar yaparken, K\u0131l\u0131\u00e7daro\u011flu neden hep alttan al\u0131yor? \u00c7eli\u015fkileri, tutars\u0131zl\u0131klar\u0131 neden bir tokat gibi AKP\u2019lilerin surat\u0131na \u00e7arpm\u0131yor? (Metin \u0130nci-Timur Yurt\u00e7u)<\/p>\n<p style=\"text-align: justify;\">Partililerimiz \u00f6zellikle Recep Tayyip Erdo\u011fan\u2019\u0131n diliyle konu\u015fmam\u0131z\u0131 istemiyor. Kulland\u0131\u011f\u0131 dil, bizim hi\u00e7bir zaman kabul edemeyece\u011fimiz, \u00e7ocuklar\u0131m\u0131z\u0131n duymas\u0131n\u0131 istemedi\u011fimiz bir dil. \u00c7eli\u015fkilerine gelince: Yapt\u0131klar\u0131 yanl\u0131\u015flar\u0131 alt alta yazarsak, RECEP LAROUSSE \u00e7\u0131kar.<\/p>\n<p style=\"text-align: justify;\"><strong>Erdo\u011fan bizim pe\u015fimize tak\u0131ld\u0131\u00a0<\/strong><\/p>\n<p style=\"text-align: justify;\">K\u0131l\u0131\u00e7daro\u011flu, T\u00fcrkiye\u2019de bu kadar a\u00e7l\u0131k \u00e7eken insan varken, Somali\u2019de i\u015fi neydi? Geziden umdu\u011funu buldu mu? Ba\u015fbakan\u2019\u0131n d\u00fcmen suyuna girip, neden bu geziyi d\u00fczenledi? M\u0131s\u0131r\u2019a, Libya\u2019ya, ABD\u2019ye gitmeyi de d\u00fc\u015f\u00fcn\u00fcyor mu? (Ahmet G\u00fcl)<\/p>\n<p style=\"text-align: justify;\">Somali\u2019ye gidi\u015f karar\u0131n\u0131 Ba\u015fbakan\u2019dan \u00e7ok \u00f6nce alm\u0131\u015ft\u0131k. D\u0131\u015fi\u015fleri\u2019ne sorulursa; ger\u00e7ek \u00e7\u0131kar ortaya. Yani biz Ba\u015fbakan\u2019\u0131n pe\u015fine de\u011fil, o bizim pe\u015fimize tak\u0131ld\u0131. Yoksullu\u011fa, a\u00e7l\u0131\u011fa, s\u00f6m\u00fcr\u00fcye dikkat \u00e7ekmek istedik. Di\u011fer \u00fclkelere gitmem s\u00f6z konusu de\u011fil.<\/p>\n<p style=\"text-align: justify;\">Y\u00fcce Mahkeme\u2019ye ba\u015fvurduk&#8230;<\/p>\n<p style=\"text-align: justify;\">K\u0131l\u0131\u00e7daro\u011flu, Kanun H\u00fckm\u00fcnde Kararname\u2019yle (KHK) Milli E\u011fitim\u2019de yap\u0131lan de\u011fi\u015fiklikler hakk\u0131nda ne d\u00fc\u015f\u00fcn\u00fcyor? (T\u00fclay Mestano\u011fullar\u0131)<\/p>\n<p style=\"text-align: justify;\">Anayasa Mahkemesi\u2019ne ba\u015fvurduk&#8230; Bu d\u00fczenleme, parlamentonun devre d\u0131\u015f\u0131 b\u0131rak\u0131lmas\u0131d\u0131r. 12 Eyl\u00fcl\u2019le s\u00f6z\u00fcm ona kar\u015f\u0131 \u00e7\u0131kanlar, 12 Eyl\u00fcl \u00fcr\u00fcnlerinden yararlanmakta sak\u0131nca g\u00f6rm\u00fcyorlar!<\/p>\n<p style=\"text-align: justify;\">K\u0131l\u0131\u00e7daro\u011flu, MHP\u2019li bir ismi CHP\u2019ye neden dan\u0131\u015fman yapt\u0131? (Mustafa Sevin\u00e7)<\/p>\n<p style=\"text-align: justify;\">Her g\u00f6r\u00fc\u015ften insanlardan bilgi al\u0131r\u0131z. Ad\u0131 \u00fczerinde, dan\u0131\u015fman kendisi&#8230;<\/p>\n<p style=\"text-align: justify;\"><strong>G\u00f6lge kabine \u00e7al\u0131\u015fmaya ba\u015flad\u0131\u00a0<\/strong><\/p>\n<p style=\"text-align: justify;\">K\u0131l\u0131\u00e7daro\u011flu, \u2018Partiye \u00fcye say\u0131s\u0131 artacak, kap\u0131m\u0131z herkese a\u00e7\u0131k olacak, \u00f6rg\u00fct yenilenecek demi\u015fti. \u0130nsanlar \u00fcye bile olam\u0131yor. (U\u011fur Namal)<\/p>\n<p style=\"text-align: justify;\">Sempati duyan herkesi CHP\u2019ye davet ediyoruz. Sonra gelip hesap sorsunlar. \u00dcye olmak isteyip olamayan varsa, beni, \u00f6zel kalemimi ve hatta sizi aray\u0131p bildirsinler. \u00dcyeli\u011fi geciktirenleri an\u0131nda g\u00f6revden al\u0131r\u0131m!<\/p>\n<p style=\"text-align: justify;\">Bir bu\u00e7uk y\u0131lda Parti Meclisi ve MYK \u00fcyelerini, \u0130stanbul \u0130l Ba\u015fkan\u0131\u2019n\u0131 \u00fc\u00e7 d\u00f6rt kez de\u011fi\u015ftirdi. Neden? (Mehmet I\u015f\u0131k)<\/p>\n<p style=\"text-align: justify;\"><strong>Ki\u015filer istifa etti&#8230;\u00a0<\/strong><\/p>\n<p style=\"text-align: justify;\">G\u00f6lge Kabine kuracaklard\u0131&#8230; Ne oldu? (Defne Hattat)<\/p>\n<p style=\"text-align: justify;\">Kurduk. \u00c7al\u0131\u015fmalar\u0131na ba\u015flad\u0131 arkada\u015flar\u0131m\u0131z. Parlamentonun a\u00e7\u0131lmas\u0131ndan sonra daha aktif hale gelecektir.<\/p>\n<p style=\"text-align: justify;\"><strong>\u2018Mustafa Sar\u0131g\u00fcl gelmesin\u2019 demedim<\/strong><\/p>\n<p style=\"text-align: justify;\">\u00a0Say\u0131n K\u0131l\u0131\u00e7daro\u011flu, Zeki Sezer ile Emine \u00dclker Tarhan\u2019\u0131n \u00e7ocuklar\u0131n\u0131n d\u00fc\u011f\u00fcn\u00fcne davet edildi\u011finde, \u2018Mustafa Sar\u0131g\u00fcl kat\u0131lacaksa, ben gelmem\u2019 dedi\u011fi s\u00f6yleniyor. Do\u011fru mu? (Recep Oymak)<\/p>\n<p style=\"text-align: justify;\">Asla b\u00f6yle bir \u015fey yok. Hatta ilk kez duydum. Biz CHP\u2019ye hizmet etmi\u015f, d\u00fcnyaya bizim gibi bakan herkese kap\u0131m\u0131z\u0131 a\u00e7\u0131k tutar\u0131z.<\/p>\n<p style=\"text-align: justify;\">Osman Ni\u015fanc\u0131:\u0130stanbul Milletvekili Ayd\u0131n Ayayd\u0131n\u2019\u0131n Deniz Baykal\u2019\u0131 Bodrum\u2019da a\u011f\u0131rlay\u0131p, sizi \u015fikayet etti\u011fi \u00f6ne s\u00fcr\u00fcld\u00fc. Ne diyorsunuz? (Osman Ni\u015fanc\u0131)<\/p>\n<p style=\"text-align: justify;\">B\u00f6yle bir \u015fey oldu\u011funa ihtimal bile vermem. Bizim milletvekillerimizin Say\u0131n Baykal\u2019la g\u00f6r\u00fc\u015fmesi, dan\u0131\u015fmas\u0131 ola\u011fand\u0131r. Say\u0131n Baykal, uzun y\u0131llar partimize genel ba\u015fkan olarak hizmet etmi\u015ftir. Bir yere gitti\u011finde il veya il\u00e7e ba\u015fkanlar\u0131m\u0131z\u0131n kendisini a\u011f\u0131rlamalar\u0131ndan mutluluk duyar\u0131m.<\/p>\n<p style=\"text-align: justify;\">\u015eifre skandal\u0131n\u0131 meydanlarda kulland\u0131n\u0131z, sonra unuttunuz. Atat\u00fcrk\u2019ten hi\u00e7 s\u00f6z etmiyorsunuz. T\u00fcrban\u0131 yasalla\u015ft\u0131rarak ne yapt\u0131\u011f\u0131n\u0131z\u0131 san\u0131yorsunuz? (Celalettin Boz)<\/p>\n<p style=\"text-align: justify;\">\u015eifre konusu yarg\u0131ya intikal etti. Biz soru\u015fturma yapacak kurum de\u011filiz. Sonucu bekliyoruz. Atat\u00fcrk\u2019ten hemen hemen b\u00fct\u00fcn konu\u015fmalar\u0131mda s\u00f6z ediyorum. Biz t\u00fcrban\u0131 yasalla\u015ft\u0131rmad\u0131k; sadece g\u00fcndemden bu konuyu \u00e7\u0131kard\u0131k, kamuoyunu rahatlatt\u0131k. \u00dcniversitelerde \u00f6zg\u00fcrl\u00fc\u011f\u00fc savunduk.<\/p>\n<p style=\"text-align: justify;\"><strong>T\u00fck\u00fcrd\u00fc\u011f\u00fcm\u00fcz\u00fc yalamad\u0131k!\u00a0<\/strong><\/p>\n<p style=\"text-align: justify;\">Silivri\u2019deki milletvekilleri i\u00e7in yapt\u0131\u011f\u0131 anla\u015fmadan h\u00e2l\u00e2 memnun mu? Oy verdi\u011fim partinin ba\u015fkan\u0131n, t\u00fck\u00fcrd\u00fc\u011f\u00fcn\u00fc yalamas\u0131 nas\u0131l bir duygudur, biliyor mu? Yemin etmedi\u011fi i\u00e7in \u0130sa G\u00f6k\u2019e disiplin cezas\u0131 vermeyi d\u00fc\u015f\u00fcn\u00fcyor mu? Bu konuda ne zaman imza kampanyas\u0131 gibi eylemler d\u00fczenleyecekler? (Ergun Ba\u015far-Devrim Bilgili)<\/p>\n<p style=\"text-align: justify;\">&#8211; \u0130sa G\u00f6k\u2019e ceza vermek, akl\u0131m\u0131n ucundan bile ge\u00e7medi. Bu konuda bir \u015fey yanl\u0131\u015f anla\u015f\u0131l\u0131yor: Biz yemin etmeyerek bir olguya dikkat \u00e7ekmek istedik. Amac\u0131m\u0131z, tutuklu milletvekillerine yemin etme yolunun a\u00e7\u0131lmas\u0131n\u0131 sa\u011flamakt\u0131. Bir irade beyan\u0131n\u0131n deklare edilmesi gerekiyordu. AKP\u2019yle imzalad\u0131\u011f\u0131m\u0131z bildiriyle, bu yol a\u00e7\u0131ld\u0131. \u0130mza namustur. Gere\u011finin yerine getirilece\u011fine inan\u0131yorum. \u015eu anda bir sonu\u00e7 alanamad\u0131 ama unutmay\u0131n Meclis tatilde. AKP, \u2018Yarg\u0131ya m\u00fcdahale etmeyiz\u2019 diyor. Biz zaten bunu istemedik ki&#8230; \u2018Se\u00e7ilmi\u015f milletvekillerinin yasama faaliyetlerine yarg\u0131 engel olabiliyorsa, bu sorun a\u015f\u0131lmal\u0131d\u0131r\u2019 dedik. \u00c7\u00fcnk\u00fc demokrasinin gere\u011fi ve uluslararas\u0131 ilkeler, bunu gerektiriyor. Hi\u00e7bir zaman t\u00fck\u00fcrd\u00fc\u011f\u00fcm\u00fcz\u00fc yalamad\u0131k. S\u00f6ylediklerimizin arkas\u0131nda durduk. \u2018Biz tutuklu vekillere yemin etme yolu a\u00e7\u0131lmad\u0131k\u00e7a, yemin etmeyiz\u2019 dedik. Bu yol, o bildiriyle a\u00e7\u0131ld\u0131. \u0130zmir\u2019de Balbay, Zonguldak\u2019ta Haberal i\u00e7in imza kampanyalar\u0131 ba\u015flad\u0131 bile.. Duru\u015fmalar\u0131 milletvekili arkada\u015flar\u0131m\u0131z izliyor. Parlamento a\u00e7\u0131ld\u0131\u011f\u0131nda duygu ve d\u00fc\u015f\u00fcncelerimizi daha iyi anlatabilece\u011fiz.<\/p>\n<p style=\"text-align: justify;\"><strong>TSK silah b\u0131rakmaz!\u00a0<\/strong><\/p>\n<p style=\"text-align: justify;\">Ter\u00f6r\u00fc bitirmek konusunda CHP\u2019nin tavr\u0131 ve politikalar\u0131 nedir? M\u00fczakere mi, m\u00fcdahale mi? (M\u00fcfit Yavuz)<\/p>\n<p style=\"text-align: justify;\">Bizim tavr\u0131m\u0131z a\u00e7\u0131k: Bu sorun otuz, otuz be\u015f y\u0131ld\u0131r silahla \u00e7\u00f6z\u00fclemedi. \u00c7\u00f6z\u00fcmden siyaset kurumu sorumlu ama bu \u00fclkeyi y\u00f6netenler ve ba\u015fta da Recep Tayyip Erdo\u011fan, siyasi \u00e7\u00f6z\u00fcm \u00fcretemedi. Biz sorunu parlamentonun \u00e7\u00f6zmesini istiyoruz. Ama kar\u015f\u0131 taraf\u0131n elinde silah oldu\u011fu s\u00fcrece, elbette m\u00fcdahale de olacakt\u0131r. Baz\u0131lar\u0131, \u201cTSK silah b\u0131raks\u0131n\u201d bile dedi. B\u00f6yle \u015fey olur mu? Devletin yasal ordusunun, bir ter\u00f6r \u00f6rg\u00fct\u00fcyle ayn\u0131 silah b\u0131rakmas\u0131n\u0131 istemek, en hafif deyi\u015fle sa\u00e7mad\u0131r!<\/p>\n<p style=\"text-align: justify;\"><strong>T\u00fcrkiye\u2019yi \u015fikayet etmedik\u00a0<\/strong><\/p>\n<p style=\"text-align: justify;\">Sosyalist Enternasyonel\u2019de T\u00fcrkiye\u2019yi \u015fikayet eder gibi s\u00f6zler s\u00f6yledi. Amac\u0131 neydi? (Aykut Kesiriklio\u011flu)<\/p>\n<p style=\"text-align: justify;\">Biz hi\u00e7bir zaman T\u00fcrkiye\u2019yi \u015fikayet etmedik. Demokraside ve \u00f6zg\u00fcrl\u00fcklerde ya\u015fanan sorunlar\u0131 dile getirdik. E\u011fer bu \u00fclkede halk\u0131nz oyuyla se\u00e7ilmi\u015f vekiller tutukluysa, bizim buna dile getirmemiz \u015fikayet de\u011fil, demokrasiye ihanet olur.<\/p>\n<p style=\"text-align: justify;\"><strong>A\u00e7 adama laikli\u011fi nas\u0131l anlatabiliriz?\u00a0<\/strong><\/p>\n<p style=\"text-align: justify;\">Ba\u015fbakan bile laiklikten s\u00f6z etti ama K\u0131l\u0131\u00e7daro\u011flu\u2019nun a\u011fz\u0131ndan duydu\u011fumu hat\u0131rlam\u0131yorum. Neden? (Etem Develi)<\/p>\n<p style=\"text-align: justify;\">Defalarca s\u00f6yledim. Kald\u0131 ki bizim d\u00fcnyam\u0131z zaten laiklik \u00fczerine kurulu&#8230; As\u0131l sorgulanmas\u0131 gereken Ba\u015fbakan\u2019\u0131n bu konudaki ge\u00e7mi\u015fidir. Laiklik, anayas\u0131n\u0131n de\u011fi\u015ftirilemez ilkesi. Defalarca bunun k\u0131rm\u0131z\u0131 \u00e7izgimiz oldu\u011funu s\u00f6yledim. Ama tek ba\u015f\u0131na laiklik vurgusu yap\u0131lmamal\u0131, sosyal devlet ilkesi de unutulmamal\u0131d\u0131r. A\u00e7 adama laikli\u011fi nas\u0131l anlatabiliriz? Bu nedenle biz anayasadaki t\u00fcm ilkelere ayn\u0131 anda ve e\u015fit oranda sahip \u00e7\u0131k\u0131yoruz.<\/p>\n<p style=\"text-align: justify;\">Genel Ba\u015fkan, yurtd\u0131\u015f\u0131nda yapt\u0131\u011f\u0131 bir konu\u015fmada, T\u00fcrkiye\u2019de laiklik ilkesinin tehdit alt\u0131nda olmad\u0131\u011f\u0131n\u0131 s\u00f6ylemi\u015fti. H\u00e2l\u00e2 bu d\u00fc\u015f\u00fcncesini koruyor mu? (Av. Serdan Y\u0131lmaz)<\/p>\n<p style=\"text-align: justify;\">E\u011fer bu \u00fclkede CHP varsa, b\u00f6yle bir tehdit ve tehlike yok demektir. Bu tehlike, CHP\u2019nin yok olmas\u0131yla ba\u015flar.<\/p>\n<p style=\"text-align: justify;\">Laik, ulusalc\u0131 ve vatansever insanlar\u0131n \u00f6n\u00fcne ge\u00e7ip, Cumhuriyet Mitingleri benzeri eylemler yapmay\u0131 d\u00fc\u015f\u00fcn\u00fcyorlar m\u0131? (Bilge Bilek-Mustafa P\u0131nar)<\/p>\n<p style=\"text-align: justify;\">\u015eu anda g\u00fcndemimizde yok ama yeri ve zaman\u0131 geldi\u011finde mutlaka yapar\u0131z. Sadece eylem de\u011fil, birden fazla d\u00fc\u015f\u00fcncemiz var.<\/p>\n<p style=\"text-align: justify;\">NOT: Bu sorular; K\u0131l\u0131\u00e7daro\u011flu\u2019na VATAN okurlar\u0131n\u0131n sordu\u011fu sorular\u0131n sadece d\u00f6rtte biri&#8230; Zaman darl\u0131\u011f\u0131 y\u00fcz\u00fcnden soramad\u0131\u011f\u0131m di\u011fer sorular\u0131 sormak i\u00e7in \u00f6n\u00fcm\u00fczdeki hafta Ankara\u2019da yeniden bir araya gelece\u011fiz.<\/p>\n<p style=\"text-align: justify;\"><a href=\"http:\/\/www.odatv.com\/n.php?n=cok-tepedeki-kostebeklere-tanik-olacagiz-2509111200\" target=\"_blank\">Kaynak : Odatv.com<\/a><\/p>\n","protected":false},"excerpt":{"rendered":"<p style=\"text-align: justify;\">\n<p style=\"text-align: justify;\">\n<p style=\"text-align: justify;\">Vatan Gazetesi yazar\u0131 Mustafa Mutlu bug\u00fcnk\u00fc yaz\u0131s\u0131nda K\u0131l\u0131\u00e7daro\u011flu&#8217;nun a\u00e7\u0131klamalar\u0131na yer verdi. K\u0131l\u0131\u00e7daro\u011flu&#8217;nun gazeteyi ziyareti s\u0131ras\u0131nda yapt\u0131\u011f\u0131 de\u011ferlendirmeleri yazan Mutlu Deniz Feneri&#8217;nden &#8220;yemin krizi&#8221;ne K\u0131l\u0131\u00e7daro\u011flu&#8217;nun bir\u00e7ok konudaki yan\u0131tlar\u0131na yer verdi. <\/p>\n","protected":false},"author":1,"featured_media":0,"comment_status":"open","ping_status":"open","sticky":false,"template":"","format":"standard","meta":{"footnotes":""},"categories":[105],"tags":[],"class_list":["post-40194","post","type-post","status-publish","format-standard","hentry","category-gundem","odd"],"_links":{"self":[{"href":"http:\/\/www.korhanyilmaz.com\/index.php?rest_route=\/wp\/v2\/posts\/40194","targetHints":{"allow":["GET"]}}],"collection":[{"href":"http:\/\/www.korhanyilmaz.com\/index.php?rest_route=\/wp\/v2\/posts"}],"about":[{"href":"http:\/\/www.korhanyilmaz.com\/index.php?rest_route=\/wp\/v2\/types\/post"}],"author":[{"embeddable":true,"href":"http:\/\/www.korhanyilmaz.com\/index.php?rest_route=\/wp\/v2\/users\/1"}],"replies":[{"embeddable":true,"href":"http:\/\/www.korhanyilmaz.com\/index.php?rest_route=%2Fwp%2Fv2%2Fcomments&post=40194"}],"version-history":[{"count":0,"href":"http:\/\/www.korhanyilmaz.com\/index.php?rest_route=\/wp\/v2\/posts\/40194\/revisions"}],"wp:attachment":[{"href":"http:\/\/www.korhanyilmaz.com\/index.php?rest_route=%2Fwp%2Fv2%2Fmedia&parent=40194"}],"wp:term":[{"taxonomy":"category","embeddable":true,"href":"http:\/\/www.korhanyilmaz.com\/index.php?rest_route=%2Fwp%2Fv2%2Fcategories&post=40194"},{"taxonomy":"post_tag","embeddable":true,"href":"http:\/\/www.korhanyilmaz.com\/index.php?rest_route=%2Fwp%2Fv2%2Ftags&post=40194"}],"curies":[{"name":"wp","href":"https:\/\/api.w.org\/{rel}","templated":true}]}}