{"id":40189,"date":"2011-09-25T16:46:52","date_gmt":"2011-09-25T13:46:52","guid":{"rendered":"http:\/\/www.korhanyilmaz.com\/?p=40189"},"modified":"2011-09-26T06:50:46","modified_gmt":"2011-09-26T03:50:46","slug":"yalanin-batsin","status":"publish","type":"post","link":"http:\/\/www.korhanyilmaz.com\/?p=40189","title":{"rendered":"Yalan\u0131n bats\u0131n!"},"content":{"rendered":"<p style=\"text-align: center;\"><a href=\"http:\/\/www.korhanyilmaz.com\/wp-content\/uploads\/2011\/09\/7021.jpg\"  class=\"lightview\"><img loading=\"lazy\" decoding=\"async\" class=\"aligncenter  wp-image-40190\" src=\"http:\/\/www.korhanyilmaz.com\/wp-content\/uploads\/2011\/09\/7021.jpg\" alt=\"\" width=\"336\" height=\"252\" \/><\/a><\/p>\n<p style=\"text-align: justify;\">\u0130stanbul Fatih Belediyesi Ba\u015fkan\u0131 Mustafa Demir, Sulukule\u2019deki kentsel d\u00f6n\u00fc\u015f\u00fcm projesinin tamamlanmak \u00fczere oldu\u011fu bilgisini verdi. Projenin son halini g\u00f6ren bas\u0131n, Sulukule\u2019deki de\u011fi\u015fimi yere g\u00f6re s\u0131\u011fd\u0131ramad\u0131. A\u00e7\u0131klama, \u201cSulukule hayata d\u00f6n\u00fcyor\u201d, \u201cYeni Sulukule parmak \u0131s\u0131rtt\u0131\u201d, \u201cYeni Sulukule g\u00f6z kama\u015ft\u0131r\u0131yor\u201d, \u201cBu de\u011fi\u015fime inanamayacaks\u0131n\u0131z!\u201d ba\u015fl\u0131kl\u0131 haberlerle kamuoyuna duyuruldu. Ancak bu haberlerin hi\u00e7birinde \u015fu sorunun yan\u0131t\u0131 yer alm\u0131yordu: \u201cSulukule\u2019den kovulan yoksul halk \u015fimdi ne halde, ne yap\u0131yor?\u201d<!--more--><\/p>\n<p style=\"text-align: justify;\"><strong>M\u00dcLK SAH\u0130PLER\u0130 MEMNUNMU\u015e!<\/strong><\/p>\n<p style=\"text-align: justify;\">\u0130stanbul Fatih Belediye Ba\u015fkan\u0131 Mustafa Demir, \u201cKlasik Osmanl\u0131 mimarisinin \u00f6zelliklerini ta\u015f\u0131yan cumbal\u0131 evlerin\u201d 2012 y\u0131l\u0131 Mart ay\u0131na kadar hak sahiplerine teslim edileceklerini a\u00e7\u0131klad\u0131. Projenin son halini bas\u0131n mensuplar\u0131yla payla\u015fan Demir, bunun \u00f6rnek bir proje oldu\u011funu, m\u00fclk sahiplerinin de projeden b\u00fcy\u00fck memnuniyet duydu\u011funu iddia etti!<\/p>\n<p style=\"text-align: justify;\">Demir, \u015f\u00f6yle konu\u015ftu: \u201cBu projeyi yapmadan \u00f6nce burada tenekeden, tenteden naylondan yap\u0131lm\u0131\u015f evlerde insanlar hayat m\u00fccadelesi veriyorlard\u0131. Altyap\u0131lar\u0131, elektrik, su ve kanalizasyon tesisatlar\u0131 yoktu. B\u00f6ylesine s\u0131k\u0131nt\u0131l\u0131 bir b\u00f6lgeden \u015fimdi rahat, t\u00fcm modern imk\u00e2nlar\u0131n bulundu\u011fu yeni bir kent olu\u015fturuluyor.\u201d<\/p>\n<p style=\"text-align: justify;\"><strong>SIRADA AYVANSARAY VAR<\/strong><\/p>\n<p style=\"text-align: justify;\">Bu evler i\u00e7in villa tabiri kullan\u0131lmas\u0131n\u0131n do\u011fru olmad\u0131\u011f\u0131n\u0131 s\u00f6yleyen Demir, \u201cVilla de\u011fil bu evler, 65, 70, 90 ve 100 metre karelik daireler bunlar. Projeyi uygularken b\u00f6lgenin yap\u0131s\u0131n\u0131 bozmad\u0131k. M\u00fclk sahipleri buraya geri geldiklerinde daha \u00f6nce bi\u00e7ilen muhammen bedeli, in\u015faat maliyetinden d\u00fc\u015f\u00fcrece\u011fiz ve evlerine ge\u00e7tikten sonra kalan k\u0131sm\u0131n\u0131 180 ayda 15 y\u0131lda \u00f6deyecekler\u201d diye konu\u015ftu.<\/p>\n<p style=\"text-align: justify;\">Fatih\u2019te 12 alanda daha kentsel d\u00f6n\u00fc\u015f\u00fcm yap\u0131laca\u011f\u0131n\u0131n m\u00fcjdesini (!) veren Demir, Sulukule\u2019nin ard\u0131ndan di\u011fer projenin Ayvansaray T\u00fcrk mahallesinde Ekim ay\u0131nda ba\u015flat\u0131laca\u011f\u0131n\u0131 s\u00f6yledi.<\/p>\n<p style=\"text-align: justify;\"><strong>RANTSAL D\u00d6N\u00dc\u015e\u00dcM\u00dcN GER\u00c7EK SONUCU<\/strong><\/p>\n<p style=\"text-align: justify;\">2009\u2019daki haber \u201ckonutlar\u0131n y\u00fczde 50\u2019si el de\u011fi\u015ftirdi\u201d dese de, aradan ge\u00e7en zaman, Sulukule\u2019de evlerin y\u00fczde 85\u2019inin el de\u011fi\u015ftirmesini beraberinde getirdi. \u201cBa\u015fkan Demir\u2019in \u2018M\u00fclk sahipleri geri geldi\u2019 s\u00f6z\u00fc koskoca bir yalan!\u201d diyen Sulukule Platformu \u00fcyesi aktivist Hacer Foggo, gazetemize \u015fu bilgileri verdi: \u201cDemir\u2019in s\u00f6zleri, \u00f6zellikle Sulukule\u2019de ya\u015fananlar\u0131 bilmeyenler i\u00e7in tam bir kand\u0131rmaca. Sulukule\u2019de eskiden yoksul halk\u0131n, Roman yurtta\u015flar\u0131n ya\u015fad\u0131\u011f\u0131 evlerin y\u00fczde 85\u2019i el de\u011fi\u015ftirdi. Yoksul halk, 40km \u00f6teye, Ta\u015foluk TOK\u0130 konutlar\u0131na g\u00f6nderildi. Bor\u00e7land\u0131r\u0131ld\u0131lar, ama bu bor\u00e7lar\u0131 \u00f6deyecek durumlar\u0131 olmad\u0131\u011f\u0131ndan TOK\u0130 evlerinden \u00e7\u0131kt\u0131lar.\u201d<\/p>\n<p style=\"text-align: justify;\">Bug\u00fcn Ta\u015foluk konutlar\u0131nda yaln\u0131zca 1-2 ailenin kald\u0131\u011f\u0131na dikkat \u00e7eken Foggo, \u201cOrada ya\u015fayan Roman yurtta\u015flar, bug\u00fcn Karag\u00fcmr\u00fck-Balat civar\u0131nda yapt\u0131klar\u0131 derme \u00e7atma barakalarda ya\u015famlar\u0131n\u0131 s\u00fcrd\u00fcrmeye \u00e7al\u0131\u015f\u0131yor. Kentsel d\u00f6n\u00fc\u015f\u00fcm dedikleri, yoksullar\u0131 ya\u015fad\u0131klar\u0131 yerlerden d\u0131\u015far\u0131 atmay\u0131 ama\u00e7layan yat\u0131r\u0131mlardan ibaret. Ger\u00e7ek bu\u201d dedi.<\/p>\n<p style=\"text-align: justify;\"><strong>V\u0130CDAN YOKSUNU A\u00c7IKLAMALAR<\/strong><\/p>\n<p style=\"text-align: justify;\">Ba\u015fkan Demir\u2019in Ayvansaray Tokludere&#8217;de ba\u015flat\u0131lacak kentsel d\u00f6n\u00fc\u015f\u00fcm projesiyle ilgili s\u00f6zlerine de de\u011finen Foggo, \u015f\u00f6yle devam etti: \u201cTokludede halk\u0131 da ayn\u0131 Sulukule\u2019nin yoksul halk\u0131 gibi zorla yerlerinden edilmek isteniyor. Bir yurtta\u015f, belediyenin bask\u0131lar\u0131na dayanamayarak intihara kalk\u0131\u015ft\u0131. Ancak Fatih Belediye Ba\u015fkan\u0131, bu ki\u015fiyi g\u00f6r\u00fcp \u2018O ar\u0131za sen misin?\u2019 diyebildi! Biraz vicdanl\u0131 olmal\u0131lar. Yerlerinden ettikleri yoksul insanlar\u0131 ziyaret edip durumlar\u0131n\u0131 g\u00f6rmeliler.\u201d<\/p>\n<p style=\"text-align: justify;\"><strong>\u0130\u015fte o m\u00fclk sahipleri<\/strong><\/p>\n<p style=\"text-align: justify;\">Projenin son halini t\u00fcm detaylar\u0131yla bas\u0131nla payla\u015fan Demir, ulusal ve uluslar aras\u0131 kamuoyunun yan\u0131t bekledi\u011fi bir konuya ise de\u011finmekten ka\u00e7\u0131nd\u0131. O konu, \u201cSulukule\u2019den zorla tahliye edilen yoksul halk\u0131n bug\u00fcn ne halde oldu\u011fu\u201dydu. Demir\u2019in \u201c\u00e7ok memnunlar, geri d\u00f6nd\u00fcklerinde \u00f6demede kolayl\u0131k sa\u011flayaca\u011f\u0131z\u201d dedi\u011fi m\u00fclk sahipleri, y\u00fczy\u0131llard\u0131r Sulukule\u2019de ya\u015fayan Roman yurtta\u015flar m\u0131yd\u0131, yoksa ba\u015fkalar\u0131 m\u0131yd\u0131?<\/p>\n<p style=\"text-align: justify;\">Asl\u0131nda bu sorunun yan\u0131t\u0131, H\u00fcrriyet Gazetesi\u2019nde 2009 y\u0131l\u0131nda yer alan bir haberde yer al\u0131yordu. Haberde \u015f\u00f6yle deniyordu: \u201cSulukule\u2019de iki mahalledeki konutlar\u0131n y\u00fczde 50\u2019si el de\u011fi\u015ftirdi. \u2019Romanlar\u2019 bor\u00e7land\u0131r\u0131l\u0131p TOK\u0130\u2019nin yapt\u0131\u011f\u0131 dairelere ta\u015f\u0131n\u0131rken, ba\u015fkan dan\u0131\u015fman\u0131 ve baz\u0131 arac\u0131lar, de\u011ferleri katlanacak daireleri, belediyenin g\u00f6sterdi\u011fi emsal fiyat\u0131n biraz \u00fczerinden, \u00fc\u00e7\u00fcnc\u00fc ki\u015filer ad\u0131na toplamaya ba\u015flad\u0131.\u201d<\/p>\n<p style=\"text-align: justify;\">Ayn\u0131 haberde, ba\u015fta hakk\u0131nda dava a\u00e7\u0131lan Deniz Feneri noteri \u0130smet B\u00fcy\u00fckk\u0131l\u0131\u00e7 olmak \u00fczere bir milletvekilinin o\u011flu, AKP\u2019li meclis \u00fcyeleri ve tarikat lideri Mahmut Hoca\u2019n\u0131n Sulukule\u2019de konut ald\u0131\u011f\u0131 da belirtiliyordu.<\/p>\n<p style=\"text-align: justify;\"><a href=\"http:\/\/www.birgun.net\/actuels_index.php?news_code=1316936249&amp;year=2011&amp;month=09&amp;day=25\" target=\"_blank\">Kaynak : Sevgim Denizalt\u0131 &#8211; BirG\u00fcn<\/a><a href=\"http:\/\/www.birgun.net\/actuels_index.php?news_code=1316936249&amp;year=2011&amp;month=09&amp;day=25\" target=\"_blank\">\u00a0<\/a><\/p>\n","protected":false},"excerpt":{"rendered":"<p style=\"text-align: center;\">\n<p style=\"text-align: justify;\">\u0130stanbul Fatih Belediyesi Ba\u015fkan\u0131 Mustafa Demir, Sulukule\u2019deki kentsel d\u00f6n\u00fc\u015f\u00fcm projesinin tamamlanmak \u00fczere oldu\u011fu bilgisini verdi. Projenin son halini g\u00f6ren bas\u0131n, Sulukule\u2019deki de\u011fi\u015fimi yere g\u00f6re s\u0131\u011fd\u0131ramad\u0131. A\u00e7\u0131klama, \u201cSulukule hayata d\u00f6n\u00fcyor\u201d, \u201cYeni Sulukule parmak \u0131s\u0131rtt\u0131\u201d, \u201cYeni Sulukule g\u00f6z kama\u015ft\u0131r\u0131yor\u201d, \u201cBu de\u011fi\u015fime inanamayacaks\u0131n\u0131z!\u201d ba\u015fl\u0131kl\u0131 haberlerle kamuoyuna duyuruldu. Ancak bu haberlerin hi\u00e7birinde \u015fu sorunun <\/p>\n","protected":false},"author":1,"featured_media":0,"comment_status":"open","ping_status":"open","sticky":false,"template":"","format":"standard","meta":{"footnotes":""},"categories":[105],"tags":[],"class_list":["post-40189","post","type-post","status-publish","format-standard","hentry","category-gundem","odd"],"_links":{"self":[{"href":"http:\/\/www.korhanyilmaz.com\/index.php?rest_route=\/wp\/v2\/posts\/40189","targetHints":{"allow":["GET"]}}],"collection":[{"href":"http:\/\/www.korhanyilmaz.com\/index.php?rest_route=\/wp\/v2\/posts"}],"about":[{"href":"http:\/\/www.korhanyilmaz.com\/index.php?rest_route=\/wp\/v2\/types\/post"}],"author":[{"embeddable":true,"href":"http:\/\/www.korhanyilmaz.com\/index.php?rest_route=\/wp\/v2\/users\/1"}],"replies":[{"embeddable":true,"href":"http:\/\/www.korhanyilmaz.com\/index.php?rest_route=%2Fwp%2Fv2%2Fcomments&post=40189"}],"version-history":[{"count":0,"href":"http:\/\/www.korhanyilmaz.com\/index.php?rest_route=\/wp\/v2\/posts\/40189\/revisions"}],"wp:attachment":[{"href":"http:\/\/www.korhanyilmaz.com\/index.php?rest_route=%2Fwp%2Fv2%2Fmedia&parent=40189"}],"wp:term":[{"taxonomy":"category","embeddable":true,"href":"http:\/\/www.korhanyilmaz.com\/index.php?rest_route=%2Fwp%2Fv2%2Fcategories&post=40189"},{"taxonomy":"post_tag","embeddable":true,"href":"http:\/\/www.korhanyilmaz.com\/index.php?rest_route=%2Fwp%2Fv2%2Ftags&post=40189"}],"curies":[{"name":"wp","href":"https:\/\/api.w.org\/{rel}","templated":true}]}}