{"id":40179,"date":"2011-09-25T22:42:25","date_gmt":"2011-09-25T19:42:25","guid":{"rendered":"http:\/\/www.korhanyilmaz.com\/?p=40179"},"modified":"2011-09-26T06:37:14","modified_gmt":"2011-09-26T03:37:14","slug":"muzakere-maliyeti-cok-agir-oluyor","status":"publish","type":"post","link":"http:\/\/www.korhanyilmaz.com\/?p=40179","title":{"rendered":"M\u00fczakere maliyeti \u00e7ok a\u011f\u0131r oluyor!"},"content":{"rendered":"<p style=\"text-align: justify;\">\n<p style=\"text-align: center;\"><a href=\"http:\/\/www.korhanyilmaz.com\/wp-content\/uploads\/2011\/09\/7020.jpg\"  class=\"lightview\"><img loading=\"lazy\" decoding=\"async\" class=\"aligncenter  wp-image-40187\" title=\"7020\" src=\"http:\/\/www.korhanyilmaz.com\/wp-content\/uploads\/2011\/09\/7020.jpg\" alt=\"\" width=\"350\" height=\"312\" \/><\/a><\/p>\n<p style=\"text-align: justify;\">Siirt\u2019in Pervari il\u00e7esindeki hain sald\u0131r\u0131da \u015fehit olanlara Allah\u2019tan rahmet, ailelerine ve millete sab\u0131r ve ba\u015fsa\u011fl\u0131\u011f\u0131, yaral\u0131lara da acil \u015fifalar dileyen Bah\u00e7eli, gelinen noktadan PKK ile masaya oturan AKP iktidar\u0131n\u0131 sorumlu tuttu.<\/p>\n<p style=\"text-align: justify;\"><strong>T\u00fcrkiye ate\u015f \u00e7emberine al\u0131n\u0131yor<\/strong><\/p>\n<p style=\"text-align: justify;\">Bah\u00e7eli, \u201cPatlayan bombalar, i\u011fren\u00e7 tuzaklar, rezil pusular, insanlar\u0131m\u0131z\u0131n hayatlar\u0131na kastediyor. T\u00fcrkiye ate\u015f \u00e7emberine al\u0131nd\u0131. PKK ile AKP aras\u0131ndaki g\u00f6r\u00fc\u015fmelerin, mutabakat aray\u0131\u015flar\u0131n\u0131n maliyeti \u00e7ok a\u011f\u0131r oluyor\u201d dedi.\u00a0<!--more--><\/p>\n<p style=\"text-align: justify;\"><strong>Bah\u00e7eli: Tahamm\u00fcl s\u0131n\u0131rlar\u0131n\u0131 \u00e7oktan a\u015ft\u0131<\/strong><\/p>\n<p style=\"text-align: justify;\">Bah\u00e7eli, \u201cPatlayan bombalar, i\u011fren\u00e7 tuzaklar, rezil pusular, masum ve mazlum insanlar\u0131m\u0131z\u0131n hayatlar\u0131na kastetmektedir. T\u00fcrkiye deyim yerindeyse ate\u015f \u00e7emberine al\u0131nm\u0131\u015ft\u0131r\u201d dedi.<\/p>\n<p style=\"text-align: justify;\">Pamukkale Richmond Otel\u2019de 2 g\u00fcnd\u00fcr devam eden MHP \u0130l Ba\u015fkanlar\u0131 Toplant\u0131s\u0131\u2019n\u0131n ard\u0131ndan bir bas\u0131n toplant\u0131s\u0131 d\u00fczenleyen MHP Genel Ba\u015fkan\u0131 Devlet Bah\u00e7eli, il ba\u015fkanlar\u0131yla T\u00fcrkiye\u2019nin i\u00e7inde bulundu\u011fu a\u011f\u0131r \u015fartlar\u0131 g\u00f6r\u00fc\u015ft\u00fcklerini, 12 Haziran genel se\u00e7imlerinden bu yana ge\u00e7en s\u00fcredeki siyasi, ekonomik, sosyal konular\u0131, b\u00f6l\u00fcc\u00fc ter\u00f6r\u00fcn ula\u015ft\u0131\u011f\u0131 kayg\u0131 verici seviyeyi, yeni anayasa s\u00fcrecini ele ald\u0131klar\u0131n\u0131 s\u00f6yledi. T\u00fcrkiye\u2019de ter\u00f6r\u00fcn kayg\u0131 verici sald\u0131r\u0131lar\u0131n\u0131n tahamm\u00fcl s\u0131n\u0131rlar\u0131n\u0131 \u00e7oktan a\u015ft\u0131\u011f\u0131n\u0131, hain eylemlerin milletin can ve mal g\u00fcvenli\u011fini \u00fcst d\u00fczeyde tehdit etti\u011fini ifade eden Bah\u00e7eli, ter\u00f6r\u00fcn kanl\u0131 y\u00fcz\u00fcn\u00fcn \u015fehirleri, caddeleri, sokak aralar\u0131n\u0131 y\u00fcr\u00fcnmez hale getirdi\u011fini kaydetti. Bah\u00e7eli, s\u00f6zlerini \u015f\u00f6yle s\u00fcrd\u00fcrd\u00fc: \u201cPatlayan bombalar, i\u011fren\u00e7 tuzaklar, rezil pusular, masum ve mazlum insanlar\u0131m\u0131z\u0131n hayatlar\u0131na kastetmektedir. T\u00fcrkiye deyim yerindeyse ate\u015f \u00e7emberine al\u0131nm\u0131\u015ft\u0131r. B\u00f6l\u00fcc\u00fc canilere verilen tavizler, uyand\u0131r\u0131lan umutlar etnik kalk\u0131\u015fman\u0131n bahanesi ve gerek\u00e7esi haline gelmi\u015ftir. Milletimiz \u00e7aresizce ter\u00f6r\u00fcn menfur suikastlar\u0131na maruz kalmaktad\u0131r. Ankara\u2019n\u0131n g\u00f6be\u011finde patlayan bomba ve sonucunda \u00fc\u00e7 vatanda\u015f\u0131m\u0131z\u0131n al\u00e7ak\u00e7a \u015fehit edilmesi ve 34\u2019\u00fcn\u00fcn de yaralanmas\u0131 h\u0131yanet \u015febekesinin insanl\u0131k d\u00fc\u015fman\u0131 eylemlerine hazin bir misal olmu\u015ftur. Siirt\u2019te d\u00f6rt gen\u00e7 k\u0131z\u0131n ter\u00f6re kurban gitmesi de vicdans\u0131zl\u0131\u011f\u0131n, izans\u0131zl\u0131\u011f\u0131n nerelere kadar ula\u015ft\u0131\u011f\u0131n\u0131 a\u00e7\u0131k\u00e7a resmetmi\u015ftir. Polislerimize y\u00f6nelik kalle\u015f ve kahpe sald\u0131r\u0131lar\u0131n \u00e7\u0131\u011f\u0131r\u0131ndan \u00e7\u0131kmas\u0131yla arka arkaya \u015fehit haberlerinin gelmesi milletimizi derinden sarsm\u0131\u015ft\u0131r.\u201d<\/p>\n<p style=\"text-align: justify;\"><strong>Tevil \u00e7abalar\u0131na girdiler<\/strong><\/p>\n<p style=\"text-align: justify;\">Siirt\u2019teki hain sald\u0131r\u0131da \u015fehit olanlara Allah\u2019tan rahmet, ailelerine ve millete sab\u0131r ve ba\u015fsa\u011fl\u0131\u011f\u0131 dileyen Bah\u00e7eli, \u015f\u00f6yle devam etti: \u201cBu vah\u015fet ne ilktir ne de anla\u015f\u0131ld\u0131\u011f\u0131 kadar\u0131yla son olacakt\u0131r. Ne ibretlik bir \u00e7eli\u015fkidir ki bar\u0131\u015ftan, demokrasiden ve \u00f6zg\u00fcrl\u00fckten bahseden katiller, belirli aral\u0131klarla sivil vatanda\u015flar\u0131m\u0131za g\u00f6zlerini kan b\u00fcr\u00fcm\u00fc\u015fcesine sald\u0131r\u0131lar d\u00fczenlemektedir.\u201d Ankara Kumrular Caddesi\u2019ndeki suikasti PKK ter\u00f6r \u00f6rg\u00fct\u00fcn\u00fcn kabul etmedi\u011fini ve \u201chedef sapt\u0131rmaya hayas\u0131zca tevess\u00fcl etti\u011fini\u201d ifade eden Bah\u00e7eli, \u015funlar\u0131 kaydetti: \u201c\u0130\u015fin tehlikeli taraf\u0131 ise bombal\u0131 sald\u0131r\u0131n\u0131n PKK \u00fczerinde kalmamas\u0131 i\u00e7in malum mihraklar\u0131n el birli\u011fi etmi\u015fcesine izahlarda bulunmalar\u0131 ve tevil \u00e7abalar\u0131na girmeleri olmu\u015ftur. Olu\u015fturulmaya \u00e7al\u0131\u015f\u0131lan iyi PKK, k\u00f6t\u00fc PKK tasnifi bir kez daha belirginlik kazanm\u0131\u015ft\u0131r. T\u00fcple bombay\u0131 ay\u0131rt edemeyenlerin kamuoyunu yan\u0131ltmaya, y\u00f6nlendirmeye ve PKK\u2019y\u0131 aklamak i\u00e7in yo\u011fun gayret sarf etmeye c\u00fcret ettikleri manidard\u0131r. G\u00f6r\u00fcld\u00fc\u011f\u00fc kadar\u0131yla PKK ile AKP aras\u0131ndaki g\u00f6r\u00fc\u015fmelerin, mutabakat aray\u0131\u015flar\u0131n\u0131n maliyeti \u00e7ok a\u011f\u0131r olmaktad\u0131r.\u201d<\/p>\n<p style=\"text-align: justify;\"><strong>Bedelini misliyle \u00f6deyecekler<\/strong><\/p>\n<p style=\"text-align: justify;\">MHP Genel Ba\u015fkan\u0131 Devlet Bah\u00e7eli, ter\u00f6r \u00f6rg\u00fct\u00fc PKK\u2019n\u0131n bebek, \u00e7ocuk, kad\u0131n ya\u015fl\u0131 demeden insanlar\u0131 vah\u015fice katletti\u011fini s\u00f6yledi. Ter\u00f6r \u00f6rg\u00fct\u00fcn\u00fcn \u00e7e\u015fitli tarihlerde sivil vatanda\u015flara y\u00f6nelik yapt\u0131\u011f\u0131 sald\u0131r\u0131lar\u0131 an\u0131msatan Bah\u00e7eli, son zamanlarda ya\u015fanan ter\u00f6r sald\u0131r\u0131lar\u0131n\u0131n en b\u00fcy\u00fck dayana\u011f\u0131n\u0131n AKP\u2019nin a\u00e7\u0131l\u0131m s\u00fcreci oldu\u011funu belirterek, \u201cPKK\u2019y\u0131 aklamak ve siyasalla\u015ft\u0131rmak ad\u0131na, b\u00fct\u00fcn de\u011ferlerimiz ve milli ilkelerimiz ayaklar alt\u0131na al\u0131nm\u0131\u015ft\u0131r. Y\u0131k\u0131m projesi T\u00fcrkiye\u2019yi b\u00f6lme ve milletimizi par\u00e7alama niyetinde olanlara alt\u0131n tepsi i\u00e7inde imkanlar sunmu\u015f ve \u00fclkemizi geri d\u00f6n\u00fc\u015f\u00fc \u00e7ok zor olacak bir ayr\u0131\u015fma ve da\u011f\u0131lma s\u00fcrecine sokmu\u015ftur. B\u00f6l\u00fcc\u00fcl\u00fckle tahkim edilmi\u015f ter\u00f6r, d\u00f6rt bir koldan \u00fclkemizi ku\u015fatm\u0131\u015fsa bunun sorumlulu\u011fu kesinlikle Ba\u015fbakan Erdo\u011fan ve h\u00fck\u00fcmeti \u00fczerinedir\u201d dedi.<\/p>\n<p style=\"text-align: justify;\">\u00d6zel yetkili savc\u0131lar\u0131n inand\u0131r\u0131c\u0131l\u0131\u011f\u0131 muamma olan ihbarlarla, imzas\u0131z \u015fikayet mektuplar\u0131yla, teyit edilmesi gereken bilgi ve belgelerle neredeyse \u00f6n\u00fcne geleni tutuklad\u0131\u011f\u0131n\u0131 kaydeden Bah\u00e7eli, ter\u00f6r\u00fcn t\u0131rmand\u0131\u011f\u0131 bir ortamda b\u00f6l\u00fcc\u00fcl\u00fck propagandas\u0131 ve tahrik\u00e7ili\u011fi yapan baz\u0131 siyaset\u00e7ilere, k\u00f6\u015fe yazarlar\u0131na ve s\u00f6zde ayd\u0131nlara hi\u00e7 bir\u015fey yap\u0131lmad\u0131\u011f\u0131n\u0131 kaydetti. Ter\u00f6r\u00fcn art\u0131k herkesi do\u011frudan do\u011fuya tehdit etti\u011fini, bundan sonra daha a\u011f\u0131r ter\u00f6r hadiselerinin olmas\u0131n\u0131n s\u00fcrpriz olmayaca\u011f\u0131n\u0131 belirten Bah\u00e7eli, s\u00f6zlerini \u015f\u00f6yle s\u00fcrd\u00fcrd\u00fc:<\/p>\n<p style=\"text-align: justify;\"><strong>\u201cAzmettirici a\u00e7\u0131l\u0131md\u0131r\u201d<\/strong><\/p>\n<p style=\"text-align: justify;\">\u201cPatlayan bombalar\u0131n azmettiricisi de AKP\u2019nin s\u00f6zde demokratik a\u00e7\u0131l\u0131m\u0131ndan ba\u015fkas\u0131 de\u011fildir. AKP, PKK\u2019ya yol a\u00e7m\u0131\u015f ve kanl\u0131 sald\u0131r\u0131lar\u0131n\u0131 icra edebilmesi i\u00e7in y\u0131\u011f\u0131nak yapmas\u0131na g\u00f6z yummu\u015ftur. Ba\u015fbakan Erdo\u011fan, faili oldu\u011fu su\u00e7lar\u0131 devlete y\u00fckleyerek sorumluluktan muaf olamayacakt\u0131r. Geli\u015fmeler Y\u00fcce Divan dosyas\u0131n\u0131n kabard\u0131\u011f\u0131n\u0131 g\u00f6stermektedir. O tarihi adalet ve hesapla\u015fma g\u00fcn\u00fc geldi\u011finde, bug\u00fcnlerde kendilerinden ge\u00e7en iktidar sahipleri yapt\u0131klar\u0131n\u0131n bedelini hukuk \u00f6n\u00fcnde misliyle \u00f6deyeceklerdir.\u201d<\/p>\n<p style=\"text-align: justify;\"><strong>Derin muhabbete devam etsinler<\/strong><\/p>\n<p style=\"text-align: justify;\">MHP lideri Bah\u00e7eli yapt\u0131\u011f\u0131 bas\u0131n toplant\u0131s\u0131n\u0131n ard\u0131ndan gazetecilerin sorular\u0131n\u0131 cevapland\u0131rd\u0131. Bah\u00e7eli, Ba\u015fbakan\u2019n \u015fehit haberlerinden sonra kendisine sorulan soru \u00fczerine \u201cPKK da g\u00f6revini yap\u0131yor, biz de yap\u0131yoruz\u201d \u015feklindeki cevab\u0131n\u0131 soran bir gazeteciyi de, \u201c\u0130haneti g\u00f6rev kabul eden bir anlay\u0131\u015f\u0131 cevapland\u0131rmak bile l\u00fczumsuzdur. Abesle i\u015ftigaldir\u201d \u015feklinde cevapland\u0131rd\u0131. Devlet Bah\u00e7eli, Ba\u015fbakan Yard\u0131mc\u0131s\u0131 B\u00fclent Ar\u0131n\u00e7\u2019\u0131n Br\u00fcksel\u2019de kat\u0131ld\u0131\u011f\u0131 bir toplant\u0131da PKK ile M\u0130T aras\u0131ndaki g\u00f6r\u00fc\u015fmelerin kesintiye u\u011frad\u0131\u011f\u0131n\u0131 s\u00f6ylemesine ra\u011fmen bundan sonra g\u00f6r\u00fc\u015fmeler yap\u0131lmayacak anlam\u0131na gelmiyor \u201c \u015feklindeki bir a\u00e7\u0131klamas\u0131na da Bah\u00e7eli, \u201cDerin muhabbete devam etsinler\u201ddedi. Bah\u00e7eli, \u201cAnayasa ile ilgili d\u00fc\u015f\u00fcncelerinizi daha \u00f6nce a\u00e7\u0131klad\u0131n\u0131z. Ya\u015fanan son geli\u015fmeler neticesinde bir bu g\u00f6r\u00fc\u015flerinizde bir de\u011fi\u015fiklik olacak m\u0131 ?\u201d sorusuna da \u015fu cevab\u0131 verdi:<\/p>\n<p style=\"text-align: justify;\">\u2018G\u00f6r\u00fc\u015flerimizin ne kadar hakl\u0131 oldu\u011funun ortaya \u00e7\u0131kmas\u0131na vesile olmaktad\u0131r. Mecliste de arkada\u015flar\u0131m\u0131z bu y\u00f6nde haz\u0131rl\u0131klar\u0131n\u0131 tamamlayarak 1 Ekim\u2019den itibaren MHP, 1 eksi\u011fiyleTBMM\u2019de olacakt\u0131r. \u0130n\u015fallah Engin Alan pa\u015fa da k\u0131sa bir d\u00f6nem sonra aram\u0131za kat\u0131l\u0131r diye \u00fcmit etmekteyiz.\u201d Bah\u00e7eli, merhum Muhsin Yaz\u0131c\u0131o\u011flu\u2019nun helikopter kazas\u0131 ile ilgili ortaya \u00e7\u0131kan g\u00f6r\u00fcnt\u00fcler hakk\u0131ndaki soruya, \u201cBa\u015fta Say\u0131n Cumhurba\u015fkan\u0131 olmak \u00fczere savc\u0131lar ve ilgililer olay\u0131n \u00fczerinde durmaktad\u0131r. Geriye d\u00f6n\u00fclmeyecek bir \u015fekilde sonuna kadar g\u00f6t\u00fcr\u00fclmesinde yarar vard\u0131r. Soru\u015fturmaya devam edilmeli\u201d cevab\u0131n\u0131 verdi.<\/p>\n<p style=\"text-align: justify;\"><strong>S\u00fcnepe politika<\/strong><\/p>\n<p style=\"text-align: justify;\">Devlet Bah\u00e7eli, Rumlar\u0131n Do\u011fu Akdeniz\u2019de do\u011fal gaz aramaya ba\u015flad\u0131mas\u0131na ili\u015fkin olarak da, \u0130srail\u2019in de Rum y\u00f6netiminin yan\u0131nda yer alarak Akdeniz\u2019i kriz merkezi haline getirdi\u011fini belirten Bah\u00e7eli, \u201c\u015e\u00fcphesiz G\u00fcney K\u0131br\u0131s Rum y\u00f6netiminin bu tutumu asla kabul edilemeyecek k\u00fcstahl\u0131kt\u0131r\u201d diye konu\u015ftu. Bah\u00e7eli, \u015funlar\u0131 s\u00f6yledi: \u201cRumlara kar\u015f\u0131 alttan alan p\u0131s\u0131r\u0131k ve s\u00fcnepe politikalarla Do\u011fu Akdeniz\u2019in fiilen i\u015fgal ve ekonomik b\u00f6lge ilan edilmesi aras\u0131nda do\u011frudan ba\u011flant\u0131 oldu\u011fu \u015f\u00fcphesizdir.\u201d<\/p>\n<p style=\"text-align: justify;\"><strong>Pamukkale\u2019ye sokulmad\u0131<\/strong><\/p>\n<p style=\"text-align: justify;\">Bu arada, Pamukkale\u2019yi gezmek isteyen Bah\u00e7eli\u2019nin makam arac\u0131, Pamukkale Kuzey Kap\u0131s\u0131 giri\u015finde \u201cara\u00e7la ge\u00e7i\u015fin izinle yap\u0131lmas\u0131ndan\u201d dolay\u0131 g\u00fcvenlik taraf\u0131ndan durduruldu. Bah\u00e7eli ve beraberindekiler k\u0131sa s\u00fcreli bir bekleyi\u015fin ard\u0131ndan ara\u00e7 ge\u00e7i\u015fine izin verilmemesi \u00fczerine Pamukkale\u2019ye u\u011framadan Ankara\u2019ya gitmek \u00fczere yola \u00e7\u0131kt\u0131.<\/p>\n<p style=\"text-align: justify;\"><strong>ABD\u2019den hangi deste\u011fi ald\u0131n\u0131z!<\/strong><\/p>\n<p style=\"text-align: justify;\">B\u00f6l\u00fcc\u00fc ter\u00f6r\u00fcn artan sald\u0131r\u0131lar\u0131 kar\u015f\u0131s\u0131nda h\u00fck\u00fcmetin i\u015fi a\u011f\u0131rdan alarak kamuoyunu oyalamaya d\u00f6n\u00fck taktiklerde bulundu\u011funu savunan MHP Genel Ba\u015fkan\u0131 Bah\u00e7eli, s\u0131n\u0131r \u00f6tesi kara harekat\u0131n\u0131n halen ger\u00e7ekle\u015ftirilemedi\u011fini, b\u00f6l\u00fcc\u00fcl\u00fckle m\u00fccadelede kapsaml\u0131 ve etkili bir plan uygulamaya sokulamad\u0131\u011f\u0131n\u0131 belirterek, \u201cAKP h\u00fck\u00fcmeti ter\u00f6re kar\u015f\u0131 tam saha pres yap\u0131laca\u011f\u0131n\u0131 iddia etse de, kendi sahas\u0131ndan hen\u00fcz \u00e7\u0131kabilmi\u015f de\u011fildir\u201d \u015feklinde konu\u015ftu. Ba\u015fbakan Erdo\u011fan\u2019\u0131n ABD ziyaretini de de\u011ferlendiren Bah\u00e7eli, \u015fu sorular\u0131 y\u00f6neltti: \u201cGe\u00e7mi\u015fte ABD\u2019yle, PKK ter\u00f6r \u00f6rg\u00fct\u00fc konusunda bir dayan\u0131\u015fma noktas\u0131nda ve bir nevi i\u015fbirli\u011fi i\u00e7inde oldu\u011funuzu ifade ederken neyi kast etmi\u015ftiniz? ABD\u2019yle stratejik ortak olarak PKK ter\u00f6r\u00fcne kar\u015f\u0131 daha fazla i\u015fbirli\u011fi i\u00e7inde oldu\u011funuzu s\u00f6ylediniz mi, s\u00f6ylemediniz mi? Madem ter\u00f6r\u00fcn \u00f6nlenmesi konusunda ayn\u0131 d\u00fc\u015f\u00fcnceleri payla\u015ft\u0131\u011f\u0131n\u0131z\u0131 2006 y\u0131l\u0131nda dile getirdiniz, o zaman bug\u00fcne kadar hangi ter\u00f6r \u00f6rg\u00fct\u00fcyle m\u00fccadele ettiniz? 2007 y\u0131l\u0131nda stratejik ortak olarak de\u011ferlendirdi\u011finiz ABD\u2019ye, PKK ter\u00f6r \u00f6rg\u00fct\u00fcne kar\u015f\u0131 hangi i\u015fbirli\u011fi ve elde etti\u011finiz ne gibi sonu\u00e7lar i\u00e7in te\u015fekk\u00fcr ettiniz? D\u00fcn stratejik ortakl\u0131k dahilinde, minnet duydu\u011funuz bu devletten hangi kal\u0131c\u0131 ve etkili deste\u011fi ald\u0131n\u0131z?\u201d<\/p>\n<p style=\"text-align: justify;\"><a href=\"http:\/\/www.yg.yenicaggazetesi.com.tr\/habergoster.php?haber=56696\" target=\"_blank\">Kaynak : Yeni\u00e7a\u011f Gazetesi<\/a><\/p>\n","protected":false},"excerpt":{"rendered":"<p style=\"text-align: justify;\">\n<p style=\"text-align: center;\">\n<p style=\"text-align: justify;\">Siirt\u2019in Pervari il\u00e7esindeki hain sald\u0131r\u0131da \u015fehit olanlara Allah\u2019tan rahmet, ailelerine ve millete sab\u0131r ve ba\u015fsa\u011fl\u0131\u011f\u0131, yaral\u0131lara da acil \u015fifalar dileyen Bah\u00e7eli, gelinen noktadan PKK ile masaya oturan AKP iktidar\u0131n\u0131 sorumlu tuttu.<\/p>\n<p style=\"text-align: justify;\">T\u00fcrkiye ate\u015f \u00e7emberine al\u0131n\u0131yor<\/p>\n<p style=\"text-align: justify;\">Bah\u00e7eli, \u201cPatlayan bombalar, i\u011fren\u00e7 tuzaklar, rezil pusular, insanlar\u0131m\u0131z\u0131n <\/p>\n","protected":false},"author":1,"featured_media":0,"comment_status":"open","ping_status":"open","sticky":false,"template":"","format":"standard","meta":{"footnotes":""},"categories":[105],"tags":[],"class_list":["post-40179","post","type-post","status-publish","format-standard","hentry","category-gundem","odd"],"_links":{"self":[{"href":"http:\/\/www.korhanyilmaz.com\/index.php?rest_route=\/wp\/v2\/posts\/40179","targetHints":{"allow":["GET"]}}],"collection":[{"href":"http:\/\/www.korhanyilmaz.com\/index.php?rest_route=\/wp\/v2\/posts"}],"about":[{"href":"http:\/\/www.korhanyilmaz.com\/index.php?rest_route=\/wp\/v2\/types\/post"}],"author":[{"embeddable":true,"href":"http:\/\/www.korhanyilmaz.com\/index.php?rest_route=\/wp\/v2\/users\/1"}],"replies":[{"embeddable":true,"href":"http:\/\/www.korhanyilmaz.com\/index.php?rest_route=%2Fwp%2Fv2%2Fcomments&post=40179"}],"version-history":[{"count":0,"href":"http:\/\/www.korhanyilmaz.com\/index.php?rest_route=\/wp\/v2\/posts\/40179\/revisions"}],"wp:attachment":[{"href":"http:\/\/www.korhanyilmaz.com\/index.php?rest_route=%2Fwp%2Fv2%2Fmedia&parent=40179"}],"wp:term":[{"taxonomy":"category","embeddable":true,"href":"http:\/\/www.korhanyilmaz.com\/index.php?rest_route=%2Fwp%2Fv2%2Fcategories&post=40179"},{"taxonomy":"post_tag","embeddable":true,"href":"http:\/\/www.korhanyilmaz.com\/index.php?rest_route=%2Fwp%2Fv2%2Ftags&post=40179"}],"curies":[{"name":"wp","href":"https:\/\/api.w.org\/{rel}","templated":true}]}}