{"id":40174,"date":"2011-09-26T00:09:53","date_gmt":"2011-09-25T21:09:53","guid":{"rendered":"http:\/\/www.korhanyilmaz.com\/?p=40174"},"modified":"2011-09-26T06:14:53","modified_gmt":"2011-09-26T03:14:53","slug":"basbakan-kuresel-masalarin-bir-figuru","status":"publish","type":"post","link":"http:\/\/www.korhanyilmaz.com\/?p=40174","title":{"rendered":"Ba\u015fbakan k\u00fcresel masalar\u0131n bir fig\u00fcr\u00fc"},"content":{"rendered":"<p style=\"text-align: justify;\"><a href=\"http:\/\/www.korhanyilmaz.com\/wp-content\/uploads\/2011\/09\/7018.jpg\"  class=\"lightview\"><img loading=\"lazy\" decoding=\"async\" class=\"aligncenter size-full wp-image-40175\" title=\"\" src=\"http:\/\/www.korhanyilmaz.com\/wp-content\/uploads\/2011\/09\/7018.jpg\" alt=\"\" width=\"313\" height=\"188\" \/><\/a><\/p>\n<p style=\"text-align: justify;\">Denizli\u2019de il ba\u015fkanlar\u0131 toplant\u0131s\u0131na kat\u0131lan MHP Genel Ba\u015fkan\u0131 Devlet Bah\u00e7eli, toplant\u0131dan sonra bas\u0131n toplant\u0131s\u0131 d\u00fczenleyerek Ba\u015fbakan Tayyip Erdo\u011fan\u2019\u0131 artan ter\u00f6r olaylar\u0131n\u0131n sorumlusu olarak g\u00f6sterdi.<\/p>\n<p style=\"text-align: justify;\">T\u00fcrkiye a\u011f\u0131r bir i\u00e7 kanama ge\u00e7irirken, Erdo\u011fan\u2019\u0131n d\u00fcnyay\u0131 kurtaran adam rol\u00fcne soyundu\u011funu s\u00f6yleyen Bah\u00e7eli, \u201cHer g\u00fcn \u015fehitler verilirken, kendisini ba\u015fka co\u011frafyalar\u0131n g\u00fcvenli\u011fine memur etmi\u015f, adam\u0131\u015ft\u0131r\u201d dedi. Bah\u00e7eli, \u00f6zetle \u015f\u00f6yle konu\u015ftu:<!--more--><\/p>\n<p style=\"text-align: justify;\"><strong>Benli\u011fi ba\u015f\u0131n\u0131 d\u00f6nd\u00fcrm\u00fc\u015f<\/strong><\/p>\n<p style=\"text-align: justify;\">&#8211; \u201cAK Parti ger\u00e7eklerin \u00fczerini \u00f6rtmekte, hayalin, tezvirat\u0131n ve dedikodunun ger\u00e7ekmi\u015f gibi alg\u0131lanmas\u0131n\u0131 sa\u011flamaktad\u0131r. Kabaran kibri Ba\u015fbakan Erdo\u011fan\u2019\u0131 kendinden ge\u00e7irmi\u015f, d\u0131\u015f y\u00f6nlendirme ve destek sayesinde d\u00fcnyay\u0131 kurtaran adam rol\u00fcne soyunmu\u015ftur. Ba\u015fbakan k\u00fcresel siyaset masalar\u0131nda imal edilmi\u015f bir fig\u00fcr. A\u015f\u0131r\u0131 g\u00fcveni nedeniyle ayaklar\u0131 yerden kesilmi\u015f, \u015fi\u015fen benli\u011fi ba\u015f\u0131n\u0131 d\u00f6nd\u00fcrm\u00fc\u015f, b\u00f6ylelikle \u00fclkemizi ve milletimizi kand\u0131rmaktan \u00e7ekinmemi\u015ftir. Ba\u015fbakan Erdo\u011fan s\u0131k\u0131\u015ft\u0131\u011f\u0131 ve bunald\u0131\u011f\u0131 her f\u0131rsatta minderden ka\u00e7makta, kurallar\u0131 \u00e7i\u011fnemektedir. Ba\u015fbakan i\u00e7in ba\u015far\u0131s\u0131zl\u0131\u011f\u0131n\u0131 kapatacak, aczini gizleyecek ve habis emellerine korunak olacak diklenmeler ve meydan okumalar cankurtaran i\u015flevi g\u00f6rmektedir. \u0130srail gerilimi, Suriye resti ve K\u0131br\u0131s Rum kesimiyle at\u0131\u015fmalar arad\u0131\u011f\u0131 imkan\u0131 kendisine sunmu\u015f, sahte \u00e7\u0131k\u0131\u015flar\u0131na m\u00fczahir bir zemin olu\u015fturmu\u015ftur.<\/p>\n<p style=\"text-align: justify;\"><strong>Siyasi fel\u00e7 ya\u015f\u0131yorlar<\/strong><\/p>\n<p style=\"text-align: justify;\">&#8211; En b\u00fcy\u00fck destek Ak Parti\u2019nin a\u00e7\u0131l\u0131m s\u00fcrecinden gelmi\u015ftir. PKK\u2019y\u0131 aklamak ve siyasalla\u015ft\u0131rmak ad\u0131na b\u00fct\u00fcn milli de\u011fer ve ilkeler ayaklar alt\u0131na al\u0131nm\u0131\u015ft\u0131r. Y\u0131k\u0131m projesi, T\u00fcrkiye\u2019yi b\u00f6lme ve milletimizi par\u00e7alama niyetinde olanlara alt\u0131n tepsi i\u00e7inde imkanlar sunmu\u015f ve \u00fclkemizi geri d\u00f6n\u00fc\u015f\u00fc \u00e7ok zor olacak bir ayr\u0131\u015fma ve da\u011f\u0131lma s\u00fcrecine sokmu\u015ftur. B\u00f6l\u00fcc\u00fcl\u00fckle tahkim edilmi\u015f ter\u00f6r, d\u00f6rt bir koldan \u00fclkemizi ku\u015fatm\u0131\u015fsa, bunun sorumlulu\u011fu kesinlikle Ba\u015fbakan Erdo\u011fan ve h\u00fck\u00fcmeti \u00fczerinedir. Biz bu olacaklar\u0131n hepsini g\u00fcndeme getirdik ve muhataplar\u0131m\u0131z\u0131 \u0131srarla uyard\u0131k. \u2018\u015eerefsiz, al\u00e7ak\u2019 diyerek inkar ettiler. Bu s\u0131fatlara kimin lay\u0131k oldu\u011funu sonunda g\u00f6rd\u00fcler ve ger\u00e7ekler kar\u015f\u0131s\u0131nda siyasi fel\u00e7 ya\u015famaktan kurtulamad\u0131lar.\u201d<\/p>\n<p style=\"text-align: justify;\"><a href=\"http:\/\/www.hurriyet.com.tr\/gundem\/18826887.asp\" target=\"_blank\">Kaynak : H\u00fcrriyet.com.tr<\/a><\/p>\n","protected":false},"excerpt":{"rendered":"<p style=\"text-align: justify;\">\n<p style=\"text-align: justify;\">Denizli\u2019de il ba\u015fkanlar\u0131 toplant\u0131s\u0131na kat\u0131lan MHP Genel Ba\u015fkan\u0131 Devlet Bah\u00e7eli, toplant\u0131dan sonra bas\u0131n toplant\u0131s\u0131 d\u00fczenleyerek Ba\u015fbakan Tayyip Erdo\u011fan\u2019\u0131 artan ter\u00f6r olaylar\u0131n\u0131n sorumlusu olarak g\u00f6sterdi.<\/p>\n<p style=\"text-align: justify;\">T\u00fcrkiye a\u011f\u0131r bir i\u00e7 kanama ge\u00e7irirken, Erdo\u011fan\u2019\u0131n d\u00fcnyay\u0131 kurtaran adam rol\u00fcne soyundu\u011funu s\u00f6yleyen Bah\u00e7eli, \u201cHer g\u00fcn \u015fehitler verilirken, kendisini ba\u015fka co\u011frafyalar\u0131n g\u00fcvenli\u011fine memur etmi\u015f, <\/p>\n","protected":false},"author":1,"featured_media":0,"comment_status":"open","ping_status":"open","sticky":false,"template":"","format":"standard","meta":{"footnotes":""},"categories":[105],"tags":[],"class_list":["post-40174","post","type-post","status-publish","format-standard","hentry","category-gundem","odd"],"_links":{"self":[{"href":"http:\/\/www.korhanyilmaz.com\/index.php?rest_route=\/wp\/v2\/posts\/40174","targetHints":{"allow":["GET"]}}],"collection":[{"href":"http:\/\/www.korhanyilmaz.com\/index.php?rest_route=\/wp\/v2\/posts"}],"about":[{"href":"http:\/\/www.korhanyilmaz.com\/index.php?rest_route=\/wp\/v2\/types\/post"}],"author":[{"embeddable":true,"href":"http:\/\/www.korhanyilmaz.com\/index.php?rest_route=\/wp\/v2\/users\/1"}],"replies":[{"embeddable":true,"href":"http:\/\/www.korhanyilmaz.com\/index.php?rest_route=%2Fwp%2Fv2%2Fcomments&post=40174"}],"version-history":[{"count":0,"href":"http:\/\/www.korhanyilmaz.com\/index.php?rest_route=\/wp\/v2\/posts\/40174\/revisions"}],"wp:attachment":[{"href":"http:\/\/www.korhanyilmaz.com\/index.php?rest_route=%2Fwp%2Fv2%2Fmedia&parent=40174"}],"wp:term":[{"taxonomy":"category","embeddable":true,"href":"http:\/\/www.korhanyilmaz.com\/index.php?rest_route=%2Fwp%2Fv2%2Fcategories&post=40174"},{"taxonomy":"post_tag","embeddable":true,"href":"http:\/\/www.korhanyilmaz.com\/index.php?rest_route=%2Fwp%2Fv2%2Ftags&post=40174"}],"curies":[{"name":"wp","href":"https:\/\/api.w.org\/{rel}","templated":true}]}}