{"id":40170,"date":"2011-09-25T17:49:51","date_gmt":"2011-09-25T14:49:51","guid":{"rendered":"http:\/\/www.korhanyilmaz.com\/?p=40170"},"modified":"2011-09-26T05:48:00","modified_gmt":"2011-09-26T02:48:00","slug":"terorle-mucadele-siyasetle-muzakere-edecegiz","status":"publish","type":"post","link":"http:\/\/www.korhanyilmaz.com\/?p=40170","title":{"rendered":"&#8216;Ter\u00f6rle m\u00fccadele, siyasetle m\u00fczakere edece\u011fiz&#8217;"},"content":{"rendered":"<p style=\"text-align: center;\"><a href=\"http:\/\/www.korhanyilmaz.com\/wp-content\/uploads\/2011\/09\/7017.jpg\"  class=\"lightview\"><img loading=\"lazy\" decoding=\"async\" class=\"aligncenter  wp-image-40171\" src=\"http:\/\/www.korhanyilmaz.com\/wp-content\/uploads\/2011\/09\/7017.jpg\" alt=\"\" width=\"360\" height=\"240\" \/><\/a><\/p>\n<p style=\"text-align: justify;\">Esenbo\u011fa Havaliman\u0131&#8217;nda d\u00fczenledi\u011fi bas\u0131n toplant\u0131s\u0131nda ter\u00f6r konusuna yer veren Erdo\u011fan, ter\u00f6rle sonuna kadar m\u00fccadele edeceklerini belirterek &#8216;Ter\u00f6rle m\u00fccadele, siyasetle m\u00fczakere edece\u011fiz&#8217;dedi.<\/p>\n<p style=\"text-align: justify;\">ANKARA &#8211; Ba\u015fbakan Recep Tayyip Erdo\u011fan, \u201cBuradan \u00f6ncelikle K\u00fcrt k\u00f6kenli annelere seslenmek istiyorum, ard\u0131ndan t\u00fcm annelere seslenmek istiyorum; Siirt&#8217;te olan hadise s\u0131radan bir hadise de\u011fildir ve ger\u00e7ek y\u00fczlerini ortaya koymas\u0131 bak\u0131m\u0131ndan \u00e7ok \u00f6nemli bir hadisedir. O PKK&#8217;n\u0131n ger\u00e7ek y\u00fcz\u00fcn\u00fc ortaya koymas\u0131 bak\u0131m\u0131ndan \u00e7ok \u00f6nemlidir. PKK kar\u015f\u0131s\u0131ndaki kad\u0131na da k\u0131za da b\u00f6yledir, kendi i\u00e7indeki kad\u0131na k\u0131za da b\u00f6yledir. 4 tane k\u0131z\u0131m\u0131z\u0131 \u015fehit ettiler. \u0130fade edilen mermi rakam\u0131 200&#8217;e yak\u0131n mermi, kur\u015fun, b\u00f6yle bir vah\u015fet olur mu? B\u00f6yle bir al\u00e7ak\u00e7a sald\u0131r\u0131 olur mu?\u201d dedi.\u00a0<!--more--><\/p>\n<p style=\"text-align: justify;\">Erdo\u011fan, Esenbo\u011fa Havaliman\u0131&#8217;nda ABD ziyaretine ili\u015fkin d\u00fczenledi\u011fi bas\u0131n toplant\u0131s\u0131n\u0131n ard\u0131ndan gazetecilerin sorular\u0131n\u0131 yan\u0131tlad\u0131.<\/p>\n<p style=\"text-align: justify;\">\u0130ran ile ter\u00f6rle m\u00fccadele konusunda at\u0131lacak m\u00fc\u015fterek ad\u0131mlar ve Siirt&#8217;teki sald\u0131r\u0131ya ili\u015fkin sorular \u00fczerine Erdo\u011fan, ter\u00f6rle m\u00fccadele kararl\u0131l\u0131\u011f\u0131n\u0131n ayn\u0131 \u015fekilde devam edece\u011fini s\u00f6yledi. Erdo\u011fan, \u201c&#8217;Belki bu bizleri de sizleri de bu ifade \u00e7ok kullan\u0131ld\u0131\u011f\u0131 i\u00e7in bezdirmi\u015f olabilir ama bunu ifade etmek bizim i\u00e7in bir sorumluluktur. bundan dolay\u0131 bunu ortaya koymak durumunday\u0131m\u201d dedi.<\/p>\n<p style=\"text-align: justify;\">\u0130ran ile T\u00fcrkiye&#8217;nin ortak ter\u00f6r \u00f6rg\u00fct\u00fcyle m\u00fccadele etti\u011fini belirten Erdo\u011fan, \u201cOradaki ismi farkl\u0131, bizdeki ismi farkl\u0131, ama ter\u00f6r \u00f6rg\u00fct\u00fc ayn\u0131. Kandil, \u0130ran&#8217;\u0131n s\u0131n\u0131r\u0131 olu\u015fu sebebiyle de orayla ilgili \u00f6zellikle kara ve hava harekat\u0131n\u0131 m\u00fc\u015fterek yapt\u0131\u011f\u0131 bir b\u00f6lge. Buna y\u00f6nelik olarak bizim de \u0130ran ile m\u00fc\u015fterek yapabilece\u011fimiz bundan sonra operasyonlar var, yapt\u0131klar\u0131m\u0131z var. Bu konudaki \u00e7al\u0131\u015fmalar\u0131 da ilgili birimlerimiz kendi aralar\u0131nda kar\u015f\u0131l\u0131kl\u0131 y\u00fcr\u00fctecekler. \u015eu anda da y\u00fcr\u00fct\u00fcl\u00fcyor. Bu \u00e7al\u0131\u015fmalar\u0131m\u0131zdaki kararl\u0131l\u0131\u011f\u0131 her iki taraf de teyit etmi\u015ftir. Herhangi bir erteleme s\u00f6z konusu de\u011fildir. Bunun \u00fcz\u00fclerek s\u00f6yl\u00fcyorum ama bedeli olacakt\u0131r\u201d diye konu\u015ftu.<\/p>\n<p style=\"text-align: justify;\"><strong>\u2018\u0130\u00c7ERDE DE SINIR \u00d6TES\u0130NDE DE OLACAK\u2019<\/strong><\/p>\n<p style=\"text-align: justify;\">Son geli\u015fmelerin, s\u0131n\u0131r \u00f6tesi operasyonlar\u0131n \u00e7ok \u00f6nemli bir netice do\u011furmas\u0131ndan kaynakland\u0131\u011f\u0131na inand\u0131\u011f\u0131n\u0131 dile getiren Ba\u015fbakan Erdo\u011fan, \u015f\u00f6yle devam etti:<\/p>\n<p style=\"text-align: justify;\">\u201cE\u011fer bu s\u0131n\u0131r \u00f6tesi operasyonlarda \u00f6nemli neticeler ortaya \u00e7\u0131kmam\u0131\u015f olsayd\u0131 \u00f6yle zannediyorum ki bu s\u00fcre\u00e7 belki daha sakin ge\u00e7ebilirdi, ama bunu da yapmak durumunday\u0131z ve yapaca\u011f\u0131z da. Bu i\u00e7eride de olacak s\u0131n\u0131r \u00f6tesinde de olacak. Bu konuyu Irak Cumhurba\u015fkan\u0131 ile de payla\u015ft\u0131m, g\u00f6r\u00fc\u015ft\u00fcm. Bundan sonraki s\u00fcrece y\u00f6nelik de bizim g\u00fcvenlik zirvesi olarak ifade etti\u011fimiz heyetimizle, yar\u0131n Bakanlar Kurulu&#8217;nda de\u011ferlendirmelerimizi yap\u0131p, tekrar s\u00fcrekli olarak bunlar an be an devam edecek. \u00c7\u00fcnk\u00fc bunu aral\u0131\u011f\u0131 \u00e7ok \u00e7ok a\u00e7mak suretiyle de\u011ferlendirmek olmaz. Bunlar her an g\u00f6r\u00fc\u015fmemiz gereken ve \u00f6zellikle de Be\u015fir beyin ad\u0131ma bu i\u015fleri s\u00fcrekli y\u00fcr\u00fctt\u00fc\u011f\u00fc bir s\u00fcre\u00e7. \u015eu anda belki de Diyarbak\u0131r&#8217;daki merasim yeni bitmi\u015f olabilir. \u0130\u00e7i\u015fleri Bakan\u0131m, Milli Savunma Bakan\u0131m, Tar\u0131m Bakan\u0131m orada merasime kat\u0131ld\u0131lar.<\/p>\n<p style=\"text-align: justify;\">Bir \u015feyi \u00e7ok a\u00e7\u0131k net ortaya koymam laz\u0131m. Buradan \u00f6ncelikle K\u00fcrt k\u00f6kenli annelere seslenmek istiyorum, ard\u0131ndan t\u00fcm annelere seslenmek istiyorum; Siirt&#8217;te olan hadise s\u0131radan bir hadise de\u011fildir ve ger\u00e7ek y\u00fczlerini ortaya koymas\u0131 bak\u0131m\u0131ndan \u00e7ok \u00f6nemli bir hadisedir. O, PKK&#8217;n\u0131n ger\u00e7ek y\u00fcz\u00fcn\u00fc ortaya koymas\u0131 bak\u0131m\u0131ndan \u00e7ok \u00f6nemlidir. PKK, kar\u015f\u0131s\u0131ndaki kad\u0131na da k\u0131za da b\u00f6yledir, kendi i\u00e7indeki kad\u0131na k\u0131za da b\u00f6yledir. 4 tane k\u0131z\u0131m\u0131z\u0131 \u015fehit ettiler. \u0130fade edilen mermi rakam\u0131 ne, 200&#8217;e yak\u0131n mermi, kur\u015fun. B\u00f6yle bir vah\u015fet olur mu? B\u00f6yle bir al\u00e7ak\u00e7a sald\u0131r\u0131 olur mu?<\/p>\n<p style=\"text-align: justify;\">Ba\u015f\u0131ndaki t\u00fclbenti ortaya koyan K\u00fcrt annesi karde\u015flerime sesleniyorum; peki \u015fimdi bu t\u00fclbentlerinizi nereye sereceksiniz, bu 4 k\u0131z\u0131m\u0131z kimin k\u0131zlar\u0131. Buyurun i\u015fte Siirt. Benim damad\u0131 oldu\u011fum \u015fehir. Orada K\u00fcrt karde\u015flerim var, Arap karde\u015flerim var. \u0130\u015fte buyurun bunlar i\u015fte K\u00fcrt karde\u015flerimiz. Biz onlar\u0131 polis zannettik&#8217; diyor. Bu size hakl\u0131l\u0131k m\u0131 kazand\u0131r\u0131yor? Oradaki polis kolejine yapt\u0131\u011f\u0131n\u0131z sald\u0131r\u0131 size hakl\u0131l\u0131k m\u0131 kazand\u0131r\u0131yor? Bu \u00fclkenin polis koleji olmayacak m\u0131? Bu \u00fclkenin polis akademisi olmayacak m\u0131? Bu \u00fclkenin askeri okullar\u0131 olmayacak m\u0131? Biz devletiz. Bu devletin \u00e7e\u015fitli kurumlar\u0131 var. Siz savunmas\u0131z insanlar\u0131 bile \u00e7ok rahatl\u0131kla \u00f6ld\u00fcrebilecek vah\u015fete, al\u00e7ak\u00e7a yakla\u015f\u0131ma sahip bir \u00f6rg\u00fcts\u00fcn\u00fcz. Yapt\u0131klar\u0131n\u0131z \u00e7ok a\u00e7\u0131k net ortada. \u0130\u00e7lerinde 5 tane kad\u0131n\u0131 da infaz ettiler, kendi i\u00e7lerinde. \u015eimdi o da ortaya \u00e7\u0131kt\u0131. &#8216;Gaz zehirlenmesi&#8217; dediler. Bunlar ac\u0131mas\u0131zd\u0131r. Bunlar kandan beslenirler ve kandan beslendiklerinin, oradan nemaland\u0131klar\u0131n\u0131n en a\u00e7\u0131k ifadeleri de i\u015fte bu son att\u0131klar\u0131 ad\u0131mlard\u0131r. Temenni ederim ki bunlar son \u00e7\u0131rp\u0131n\u0131\u015flar\u0131d\u0131r. Bizim burada geri ad\u0131m atmam\u0131z, beklememiz m\u00fcmk\u00fcn de\u011fil. \u00c7ok a\u00e7\u0131k net s\u00f6yl\u00fcyoruz, biz ter\u00f6rle m\u00fccadele ederiz, siyasi iradeyle de m\u00fczakere ederiz. Bizim anlay\u0131\u015f\u0131m\u0131z budur. Ter\u00f6rle m\u00fccadele sonuna kadar, ama siyasette de m\u00fczakere. Siyasete gelen bizimle konu\u015fabilir, ama gelmeyen bizimle konu\u015famaz. Ter\u00f6rle devlet gerekli g\u00f6rd\u00fc\u011f\u00fc takdirde, gerekli elemanlar\u0131yla bu g\u00f6r\u00fc\u015fmelerini de yapar. Bu sadece ter\u00f6r su\u00e7lular\u0131yla de\u011fil, farkl\u0131 su\u00e7lularla da bunlar\u0131 yapar. \u00c7\u00fcnk\u00fc devletin g\u00f6revi neticeye varmakt\u0131r. Netice almakt\u0131r.\u201d<\/p>\n<p style=\"text-align: justify;\"><strong>F\u0130L\u0130ST\u0130N KONUSUNDAK\u0130 KARARLILI\u011eIMIZ DEVAM EDECEK<\/strong><\/p>\n<p style=\"text-align: justify;\">Ba\u015fbakan Recep Tayyip Erdo\u011fan, \u201cA\u011f\u0131rl\u0131kl\u0131 olarak Filistin&#8217;in devlet olma noktas\u0131ndaki ad\u0131m\u0131n\u0131 att\u0131\u011f\u0131 bu Genel Kurul, tabii ki BM&#8217;nin g\u00fcndemine tam manas\u0131yla oturmu\u015ftur. Filistin&#8217;in devlet olma s\u00fcrecini ko\u015fulsuz destekleyen \u00fclkemiz, \u015fu ana kadar yapt\u0131\u011f\u0131 \u00e7al\u0131\u015fmalar\u0131 bundan sonra da yine ayn\u0131 kararl\u0131l\u0131kla devam ettirecektir\u201d dedi.<\/p>\n<p style=\"text-align: justify;\">Erdo\u011fan, BM Genel Kurulu&#8217;na kat\u0131ld\u0131\u011f\u0131n\u0131 an\u0131msatarak, hafta ba\u015f\u0131nda New York&#8217;a gitti\u011fini ve pek \u00e7ok temasta bulundu\u011funu s\u00f6yledi.Erdo\u011fan, \u015f\u00f6yle konu\u015ftu:<\/p>\n<p style=\"text-align: justify;\">\u201cHafta ba\u015f\u0131nda seyahate \u00e7\u0131kmadan \u00f6nce yapt\u0131\u011f\u0131m a\u00e7\u0131klamada, bu y\u0131lki Genel Kurul g\u00f6r\u00fc\u015fmelerinin d\u00fcnya siyasi g\u00fcndemimizin ve \u00fclkemizin d\u0131\u015f politikas\u0131nda ola\u011fan\u00fcst\u00fc bir yo\u011funlu\u011fun, hareketlili\u011fin ya\u015fand\u0131\u011f\u0131 bir d\u00f6neme tesad\u00fcf etti\u011fine \u00f6zellikle vurgu yapm\u0131\u015ft\u0131m. Ger\u00e7ekten de New York&#8217;a gelen 100&#8217;\u00fc a\u015fk\u0131n devlet ve h\u00fck\u00fcmet ba\u015fkan\u0131, Genel Kurul m\u00fcnasebetiyle d\u00fcnya kamuoyunu me\u015fgul eden \u00e7e\u015fitli alanlarda d\u00fc\u015f\u00fcncelerini a\u00e7\u0131klama, fikir al\u0131\u015fveri\u015finde bulunma imkan\u0131 elde etti. Akdeniz Havzas\u0131 ve Ortado\u011fu&#8217;da ya\u015fanan k\u00f6kl\u00fc d\u00f6n\u00fc\u015f\u00fcm s\u00fcrecinde yeni ekonomik d\u00fczenin nas\u0131l yap\u0131land\u0131r\u0131laca\u011f\u0131ndan, Japonya&#8217;da ya\u015fanan radyoaktif s\u0131z\u0131nt\u0131 sonras\u0131nda ortaya \u00e7\u0131kan n\u00fckleer g\u00fcvenlikle irtibatl\u0131 endi\u015felerden, Afrika boynuzundaki insanl\u0131k dram\u0131na kadar varan pek \u00e7ok sorun bu sayede en \u00fcst d\u00fczeyde ele al\u0131nm\u0131\u015f oldu. Ben de kat\u0131ld\u0131\u011f\u0131m toplant\u0131larda tezlerimizi, g\u00f6r\u00fc\u015flerimizi, politikalar\u0131m\u0131z\u0131, beklentilerimizi payla\u015fma imkan\u0131 buldum.<\/p>\n<p style=\"text-align: justify;\">BM Genel Kurulu&#8217;na yapt\u0131\u011f\u0131m hitapta, \u00fclkemizin d\u0131\u015f politika \u00f6nceliklerini yeniden vurgulad\u0131m. K\u0131br\u0131s konusunun yan\u0131 s\u0131ra Somali&#8217;deki insanl\u0131k felaketi, Ortado\u011fu, Kuzey Afrika&#8217;daki k\u00f6kl\u00fc d\u00f6n\u00fc\u015f\u00fcm s\u00fcreci, az geli\u015fmi\u015f \u00fclkelere destek olunmas\u0131 ve ter\u00f6rizm m\u00fccadelesi gibi pek \u00e7ok alanda y\u00fcr\u00fctt\u00fc\u011f\u00fcm\u00fcz \u00e7al\u0131\u015fmalara de\u011findim. Ne \u0130srail&#8217;in ne de ba\u015fka hi\u00e7bir \u00fclkenin kendisini uluslararas\u0131 hukukun \u00fcst\u00fcnde g\u00f6remeyece\u011fini ve Gazze halk\u0131na kar\u015f\u0131 uygulanan insanl\u0131k d\u0131\u015f\u0131 ablukan\u0131n sona erdirilmesi gerekti\u011finin alt\u0131n\u0131 \u00e7izerek ifade ettim.\u201d<\/p>\n<p style=\"text-align: justify;\"><strong>\u2018G\u00d6R\u00dc\u015eMELER, OLDUK\u00c7A VER\u0130ML\u0130 GE\u00c7T\u0130\u2019<\/strong><\/p>\n<p style=\"text-align: justify;\">Ba\u015fta ABD Ba\u015fkan\u0131 Say\u0131n Barack Obama, BM Genel Sekreteri Ban Ki-Moon&#8217;un da aralar\u0131nda bulundu\u011fu \u00e7ok say\u0131da liderle de g\u00f6r\u00fc\u015fme imkan\u0131 buldu\u011funu belirten Erdo\u011fan, d\u00fcn de \u0130ran Cumhurba\u015fkan\u0131 Mahmut Ahmedinejat ile g\u00f6r\u00fc\u015ft\u00fc\u011f\u00fcn\u00fc an\u0131msatt\u0131.<\/p>\n<p style=\"text-align: justify;\">Erdo\u011fan, bu g\u00f6r\u00fc\u015fmelerde \u00f6zellikle ikili ili\u015fkilerin yan\u0131 s\u0131ra b\u00f6lgesel konulara y\u00f6nelik d\u00fc\u015f\u00fcncelerini de payla\u015fma ortam\u0131 bulduklar\u0131n\u0131 anlatarak, \u015f\u00f6yle devam etti:<\/p>\n<p style=\"text-align: justify;\">\u201cBu g\u00f6r\u00fc\u015fmelerde, \u00f6zellikle k\u00fcresel konulardaki fikir terakkisinde, d\u00fc\u015f\u00fcncelerimizin \u00f6rt\u00fc\u015ft\u00fc\u011f\u00fcn\u00fc tespit etme f\u0131rsat\u0131n\u0131 bulduk. Onlar\u0131n yakla\u015f\u0131m tarzlar\u0131, tabii ki bizim bundan sonraki s\u00fcrece y\u00f6nelik de\u011ferlendirmelerimize zenginlik katacakt\u0131r. Temaslar\u0131m\u0131zda \u00fclkemizin 2015-2016 d\u00f6nemi G\u00fcvenlik Konseyi adayl\u0131\u011f\u0131 ve bunun yan\u0131nda \u0130zmir EXPO 2020 adayl\u0131\u011f\u0131n\u0131 muhataplar\u0131ma hat\u0131rlatt\u0131m ve kendilerinden deste\u011fi de \u00f6zellikle istedim. Bunlara ilaveten SETA taraf\u0131ndan d\u00fczenlenen bir etkinlikte de konu\u015fma yapt\u0131m.<\/p>\n<p style=\"text-align: justify;\">Ayr\u0131ca \u00fclkemize yat\u0131r\u0131mlar\u0131n te\u015fviki amac\u0131yla Yat\u0131r\u0131m Destek Ajans\u0131 taraf\u0131ndan \u00f6nde gelen yabanc\u0131 i\u015f adamlar\u0131n\u0131n kat\u0131l\u0131m\u0131yla d\u00fczenlenen toplant\u0131ya kat\u0131ld\u0131m. Ziyaretim esnas\u0131nda baz\u0131 medya kurulu\u015flar\u0131na verdi\u011fim m\u00fclakatlar arac\u0131l\u0131\u011f\u0131yla da \u00fclkemizin tutum ve g\u00f6r\u00fc\u015flerini yabanc\u0131 kamuoylar\u0131na aktard\u0131m.<\/p>\n<p style=\"text-align: justify;\">Ba\u015fta D\u0131\u015fi\u015fleri Bakan\u0131m olmak \u00fczere heyetimin bir b\u00f6l\u00fcm\u00fc New York&#8217;taki temaslar\u0131n\u0131 s\u00fcrd\u00fcr\u00fcyorlar. Yakla\u015f\u0131k \u00f6n\u00fcm\u00fczdeki hafta sonuna kadar bu g\u00f6r\u00fc\u015fmeler de devam edecek. \u0130nan\u0131yorum ki, k\u00fcresel, b\u00f6lgesel ve ikili d\u00fczeyde hemen her konunun muhataplar\u0131m\u0131zla masaya yat\u0131r\u0131ld\u0131\u011f\u0131 genel kurul, d\u00fcnyan\u0131n \u00f6n\u00fcnde yeni ufuklar a\u00e7acakt\u0131r. A\u011f\u0131rl\u0131kl\u0131 olarak Filistin&#8217;in devlet olma noktas\u0131ndaki ad\u0131m\u0131n\u0131 att\u0131\u011f\u0131 bu Genel Kurul, tabii ki BM&#8217;nin g\u00fcndemine tam manas\u0131yla oturmu\u015ftur ve Filistin&#8217;in devlet olma s\u00fcrecini ko\u015fulsuz destekleyen \u00fclkemiz, \u015fu ana kadar yapt\u0131\u011f\u0131 \u00e7al\u0131\u015fmalar\u0131 bundan sonra da yine ayn\u0131 kararl\u0131l\u0131kla devam ettirecektir.<\/p>\n<p style=\"text-align: justify;\">BM G\u00fcvenlik Konseyinde bu s\u00fcrecin m\u00fczakeresi, ard\u0131ndan geli\u015fmelere g\u00f6re BM Genel Kurulu&#8217;na gelmesi, bunlar\u0131n hepsi taraf\u0131m\u0131zdan yak\u0131n bir takip i\u00e7erisinde Filistin y\u00f6netimiyle de irtibatl\u0131 olarak devam edecektir. Kendi ad\u0131m\u0131za orada yapt\u0131\u011f\u0131m\u0131z g\u00f6r\u00fc\u015fmelerin olduk\u00e7a verimli ge\u00e7ti\u011fini, bu sayede \u00fclkemizin d\u00fc\u015f\u00fcnce, beklenti ve \u00f6ng\u00f6r\u00fclerini payla\u015fma imkan\u0131 buldu\u011fumuzu belirtmek isterim.\u201d<\/p>\n<p style=\"text-align: justify;\"><strong>\u20182002&#8217;DEN BU YANA, MUHTEL\u0130F \u00dcLKELERDEN 4 B\u0130N 28 TAR\u0130H\u0130 ESER \u00dcLKEM\u0130ZE \u0130ADE ED\u0130LD\u0130\u2019\u00a0<\/strong><\/p>\n<p style=\"text-align: justify;\">Bu vesileyle yurt d\u0131\u015f\u0131ndaki k\u00fclt\u00fcr varl\u0131klar\u0131n\u0131n T\u00fcrkiye&#8217;ye iadesi a\u00e7\u0131s\u0131ndan \u00f6nemli bir geli\u015fmeyi de payla\u015fmak iste\u011fini ifade eden Erdo\u011fan, \u015funlar\u0131 kaydetti:<\/p>\n<p style=\"text-align: justify;\">\u201cPerge \u00d6ren Yeri&#8217;ndeki kaz\u0131larda bulunan MS 2. y\u00fczy\u0131la ait Herakles Heykeli&#8217;nin alt yar\u0131s\u0131, Antalya M\u00fcze M\u00fcd\u00fcrl\u00fc\u011f\u00fcndeki eserler aras\u0131nda yer al\u0131r. Bu heykelin \u00fcst yar\u0131s\u0131 ise ABD&#8217;de idi. Turizm Bakanl\u0131\u011f\u0131m\u0131z, s\u00f6z konusu eserin \u00fclkemize iadesi i\u00e7in 20 y\u0131ldan beri, ciddi gayret sarf etmekteydi. Bu m\u00fczakereler, Boston G\u00fczel Sanatlar M\u00fczesinin kar\u015f\u0131l\u0131kl\u0131 iyi niyet \u00e7er\u00e7evesinde Herakles Heykeli&#8217;nin \u00fcst yar\u0131s\u0131n\u0131 \u00fclkemize iadesi ile neticelenmi\u015ftir. Nitekim, \u015fu an itibar\u0131yla \u00fclkemize getirmi\u015f bulunuyoruz.<\/p>\n<p style=\"text-align: justify;\">Bizler, 2002&#8217;den bu yana, muhtelif \u00fclkelerden 4 bin 28 tarihi eserin \u00fclkemize iadesini sa\u011flam\u0131\u015f durumday\u0131z. K\u00fclt\u00fcr ve Turizm bakanl\u0131\u011f\u0131m\u0131z\u0131n bu konudaki kararl\u0131 ve \u0131srarl\u0131 politikalar\u0131n\u0131n, \u00f6n\u00fcm\u00fczdeki d\u00f6nemde de devam edece\u011finden eminim. Herakles Heykeli&#8217;nin \u00fcst kesiminin iadesinin sa\u011flanmas\u0131 da bunun g\u00f6stergesidir. Bu, memnuniyet verici bir geli\u015fmedir. Eme\u011fi ge\u00e7en t\u00fcm arkada\u015flar\u0131m\u0131 kutluyorum. Medya mensuplar\u0131 olarak da sizlere te\u015fekk\u00fcr ediyorum.<\/p>\n<p style=\"text-align: justify;\"><a href=\"http:\/\/www.radikal.com.tr\/Radikal.aspx?aType=RadikalDetayV3&amp;ArticleID=1064398&amp;Date=26.09.2011&amp;CategoryID=78\" target=\"_blank\">Kaynak : Radikal.com.tr<\/a><\/p>\n","protected":false},"excerpt":{"rendered":"<p style=\"text-align: center;\">\n<p style=\"text-align: justify;\">Esenbo\u011fa Havaliman\u0131&#8217;nda d\u00fczenledi\u011fi bas\u0131n toplant\u0131s\u0131nda ter\u00f6r konusuna yer veren Erdo\u011fan, ter\u00f6rle sonuna kadar m\u00fccadele edeceklerini belirterek &#8216;Ter\u00f6rle m\u00fccadele, siyasetle m\u00fczakere edece\u011fiz&#8217;dedi.<\/p>\n<p style=\"text-align: justify;\">ANKARA &#8211; Ba\u015fbakan Recep Tayyip Erdo\u011fan, \u201cBuradan \u00f6ncelikle K\u00fcrt k\u00f6kenli annelere seslenmek istiyorum, ard\u0131ndan t\u00fcm annelere seslenmek istiyorum; Siirt&#8217;te olan hadise s\u0131radan bir hadise de\u011fildir ve ger\u00e7ek <\/p>\n","protected":false},"author":1,"featured_media":0,"comment_status":"open","ping_status":"open","sticky":false,"template":"","format":"standard","meta":{"footnotes":""},"categories":[105],"tags":[],"class_list":["post-40170","post","type-post","status-publish","format-standard","hentry","category-gundem","odd"],"_links":{"self":[{"href":"http:\/\/www.korhanyilmaz.com\/index.php?rest_route=\/wp\/v2\/posts\/40170","targetHints":{"allow":["GET"]}}],"collection":[{"href":"http:\/\/www.korhanyilmaz.com\/index.php?rest_route=\/wp\/v2\/posts"}],"about":[{"href":"http:\/\/www.korhanyilmaz.com\/index.php?rest_route=\/wp\/v2\/types\/post"}],"author":[{"embeddable":true,"href":"http:\/\/www.korhanyilmaz.com\/index.php?rest_route=\/wp\/v2\/users\/1"}],"replies":[{"embeddable":true,"href":"http:\/\/www.korhanyilmaz.com\/index.php?rest_route=%2Fwp%2Fv2%2Fcomments&post=40170"}],"version-history":[{"count":0,"href":"http:\/\/www.korhanyilmaz.com\/index.php?rest_route=\/wp\/v2\/posts\/40170\/revisions"}],"wp:attachment":[{"href":"http:\/\/www.korhanyilmaz.com\/index.php?rest_route=%2Fwp%2Fv2%2Fmedia&parent=40170"}],"wp:term":[{"taxonomy":"category","embeddable":true,"href":"http:\/\/www.korhanyilmaz.com\/index.php?rest_route=%2Fwp%2Fv2%2Fcategories&post=40170"},{"taxonomy":"post_tag","embeddable":true,"href":"http:\/\/www.korhanyilmaz.com\/index.php?rest_route=%2Fwp%2Fv2%2Ftags&post=40170"}],"curies":[{"name":"wp","href":"https:\/\/api.w.org\/{rel}","templated":true}]}}