{"id":40165,"date":"2011-09-25T10:39:14","date_gmt":"2011-09-25T07:39:14","guid":{"rendered":"http:\/\/www.korhanyilmaz.com\/?p=40165"},"modified":"2011-09-27T07:23:03","modified_gmt":"2011-09-27T04:23:03","slug":"her-sey-ortaya-cikti","status":"publish","type":"post","link":"http:\/\/www.korhanyilmaz.com\/?p=40165","title":{"rendered":"Her \u015fey ortaya \u00e7\u0131kt\u0131!"},"content":{"rendered":"<p style=\"text-align: center;\"><a href=\"http:\/\/www.korhanyilmaz.com\/wp-content\/uploads\/2011\/09\/7016.jpg\"  class=\"lightview\"><img loading=\"lazy\" decoding=\"async\" class=\"aligncenter  wp-image-40166\" src=\"http:\/\/www.korhanyilmaz.com\/wp-content\/uploads\/2011\/09\/7016.jpg\" alt=\"\" width=\"320\" height=\"240\" \/><\/a><\/p>\n<p style=\"text-align: justify;\">\u0130\u015fte Cumhurba\u015fkan\u0131\u2019n\u0131n \u2018\u0130nsan\u0131n akl\u0131n\u0131n almayaca\u011f\u0131 \u015feyler var\u2019 dedi\u011fi g\u00f6r\u00fcnt\u00fcler<\/p>\n<p style=\"text-align: justify;\">Yaz\u0131c\u0131o\u011flu\u2019nun helikopterinin d\u00fc\u015fmesiyle ilgili soru\u015fturman\u0131n seyrini de\u011fi\u015ftirecek g\u00f6r\u00fcnt\u00fcler ortaya \u00e7\u0131kt\u0131. Videoda 4 subay var, biri cihaz\u0131 s\u00f6kerken ikisi onu izliyor. D\u00f6rd\u00fcnc\u00fc asker de olay\u0131 g\u00f6r\u00fcnt\u00fcl\u00fcyor&#8230;\u00a0<!--more--><\/p>\n<p style=\"text-align: justify;\">CUMHURBA\u015eKANI G\u00fcl\u2019e me\u00e7hul bir subay\u0131n Muhsin Yaz\u0131c\u0131o\u011flu\u2019nun helikopter kazas\u0131yla ilgili g\u00f6nderdi\u011fi g\u00f6r\u00fcnt\u00fcler ortaya \u00e7\u0131kt\u0131. G\u00fcl, ge\u00e7en hafta Almanya\u2019ya yapt\u0131\u011f\u0131 gezide kazas\u0131yla ilgili g\u00f6r\u00fcnt\u00fcleri izledi\u011fini s\u00f6yleyerek, \u015f\u00fcphelerini \u015f\u00f6yle anlatm\u0131\u015ft\u0131: \u201cHelikopkerin beyni yok ortada. Ke\u00e7iler gelip s\u00f6k\u00fcp g\u00f6t\u00fcrmedi. \u00d6zel vidalarla s\u00f6k\u00fclm\u00fc\u015f. \u0130nsan\u0131n akl\u0131n\u0131n almayaca\u011f\u0131 \u015feyler var.\u201d<\/p>\n<p style=\"text-align: justify;\">Zaman Gazetesi\u2019nde yer alan g\u00f6r\u00fcnt\u00fcler, Cumhurba\u015fkan\u0131 G\u00fcl\u2019\u00fcn i\u015faret etti\u011fi kay\u0131p cihazla ilgili tart\u0131\u015fmalara son noktay\u0131 koyuyor. 48 saniyelik kay\u0131t, iki y\u0131ld\u0131r kay\u0131p olan helikopterin beyni durumundaku cihazlar\u0131n kim taraf\u0131ndan s\u00f6k\u00fcld\u00fc\u011f\u00fcn\u00fc g\u00f6steriyor. Video, g\u00f6ky\u00fcz\u00fcnde bir askeri helikopterin g\u00f6r\u00fcnmesiyle ba\u015fl\u0131yor. Ard\u0131ndan enkaz\u0131n etraf\u0131ndaki subaylar g\u00f6z\u00fck\u00fcyor. Subaylardan biri elinde turuncu tornavidayla helikopterin \u00f6n panelinden par\u00e7alar\u0131 s\u00f6kerken, di\u011feri onu izliyor. Videodaki \u00fc\u00e7\u00fcn\u00e7\u00fc asker biraz daha uzakta oturmu\u015f sigara i\u00e7iyor.<\/p>\n<p style=\"text-align: justify;\"><strong>G\u00d6R\u00dcNT\u00dcLER 48 SAN\u0130YE\u00a0<\/strong><\/p>\n<p style=\"text-align: justify;\">Eski BBP Genel Ba\u015fkan\u0131 Muhsin Yaz\u0131c\u0131o\u011flu ile beraber 5 ki\u015finin ya\u015fam\u0131n\u0131n\u0131 yitirdi\u011fi kazaya ili\u015fkin g\u00f6r\u00fcnt\u00fc 48 saniye s\u00fcr\u00fcyor. G\u00f6r\u00fcnt\u00fclerde 4 subay g\u00f6r\u00fcn\u00fcyor. G\u00f6r\u00fcnt\u00fcn\u00fcn 30 ila 36. saniyeleri aras\u0131nda helikopterin kaybolan GPS cihazlar\u0131n\u0131 elinde tornavidayla s\u00f6ken bir subay yer al\u0131yor.<\/p>\n<p style=\"text-align: justify;\"><a href=\"http:\/\/haber.gazetevatan.com\/Haber\/401703\/1\/Gundem\" target=\"_blank\">Kaynak : VATAN Gazetesi<\/a><\/p>\n<hr style=\"width: 500px; border-width: 1px; border-style: solid; border-color: #CCCCCC; color: #ffffff;\" noshade=\"noshade\" width=\"500\" \/>\n<p style=\"text-align: justify;\">[flv]http:\/\/ntvmsnbc-video.mncdn.net\/FlvFiles\/0000032874.flv[\/flv]<\/p>\n<p style=\"text-align: justify;\">\n","protected":false},"excerpt":{"rendered":"<p style=\"text-align: center;\">\n<p style=\"text-align: justify;\">\u0130\u015fte Cumhurba\u015fkan\u0131\u2019n\u0131n \u2018\u0130nsan\u0131n akl\u0131n\u0131n almayaca\u011f\u0131 \u015feyler var\u2019 dedi\u011fi g\u00f6r\u00fcnt\u00fcler<\/p>\n<p style=\"text-align: justify;\">Yaz\u0131c\u0131o\u011flu\u2019nun helikopterinin d\u00fc\u015fmesiyle ilgili soru\u015fturman\u0131n seyrini de\u011fi\u015ftirecek g\u00f6r\u00fcnt\u00fcler ortaya \u00e7\u0131kt\u0131. Videoda 4 subay var, biri cihaz\u0131 s\u00f6kerken ikisi onu izliyor. D\u00f6rd\u00fcnc\u00fc asker de olay\u0131 g\u00f6r\u00fcnt\u00fcl\u00fcyor&#8230; <\/p>\n","protected":false},"author":1,"featured_media":0,"comment_status":"open","ping_status":"open","sticky":false,"template":"","format":"standard","meta":{"footnotes":""},"categories":[105],"tags":[144,103,104],"class_list":["post-40165","post","type-post","status-publish","format-standard","hentry","category-gundem","tag-bbp","tag-helikopter-kazasi","tag-muhsin-yazicioglu","odd"],"_links":{"self":[{"href":"http:\/\/www.korhanyilmaz.com\/index.php?rest_route=\/wp\/v2\/posts\/40165","targetHints":{"allow":["GET"]}}],"collection":[{"href":"http:\/\/www.korhanyilmaz.com\/index.php?rest_route=\/wp\/v2\/posts"}],"about":[{"href":"http:\/\/www.korhanyilmaz.com\/index.php?rest_route=\/wp\/v2\/types\/post"}],"author":[{"embeddable":true,"href":"http:\/\/www.korhanyilmaz.com\/index.php?rest_route=\/wp\/v2\/users\/1"}],"replies":[{"embeddable":true,"href":"http:\/\/www.korhanyilmaz.com\/index.php?rest_route=%2Fwp%2Fv2%2Fcomments&post=40165"}],"version-history":[{"count":0,"href":"http:\/\/www.korhanyilmaz.com\/index.php?rest_route=\/wp\/v2\/posts\/40165\/revisions"}],"wp:attachment":[{"href":"http:\/\/www.korhanyilmaz.com\/index.php?rest_route=%2Fwp%2Fv2%2Fmedia&parent=40165"}],"wp:term":[{"taxonomy":"category","embeddable":true,"href":"http:\/\/www.korhanyilmaz.com\/index.php?rest_route=%2Fwp%2Fv2%2Fcategories&post=40165"},{"taxonomy":"post_tag","embeddable":true,"href":"http:\/\/www.korhanyilmaz.com\/index.php?rest_route=%2Fwp%2Fv2%2Ftags&post=40165"}],"curies":[{"name":"wp","href":"https:\/\/api.w.org\/{rel}","templated":true}]}}