{"id":40154,"date":"2011-09-25T09:06:24","date_gmt":"2011-09-25T06:06:24","guid":{"rendered":"http:\/\/www.korhanyilmaz.com\/?p=40154"},"modified":"2011-09-25T12:25:20","modified_gmt":"2011-09-25T09:25:20","slug":"erdogan-teror-orgutu-gorevini-yapiyor-biz-de-gorevimizi-yapmaya-devam-edecegiz","status":"publish","type":"post","link":"http:\/\/www.korhanyilmaz.com\/?p=40154","title":{"rendered":"Erdo\u011fan : &#8220;Ter\u00f6r \u00f6rg\u00fct\u00fc g\u00f6revini yap\u0131yor, biz de g\u00f6revimizi yapmaya devam edece\u011fiz&#8221;"},"content":{"rendered":"<p style=\"text-align: center;\"><a href=\"http:\/\/www.korhanyilmaz.com\/wp-content\/uploads\/2011\/09\/7013.jpg\"  class=\"lightview\"><img loading=\"lazy\" decoding=\"async\" class=\"aligncenter  wp-image-40155\" src=\"http:\/\/www.korhanyilmaz.com\/wp-content\/uploads\/2011\/09\/7013.jpg\" alt=\"\" width=\"320\" height=\"214\" \/><\/a><\/p>\n<p style=\"text-align: justify;\">Ba\u015fbakan Erdo\u011fan, Siirt&#8217;te 6 askerin \u015fehit oldu\u011fu sald\u0131r\u0131yla ilgili, &#8220;Ter\u00f6r \u00f6rg\u00fct\u00fc g\u00f6revini yap\u0131yor, biz de g\u00f6revimizi yapmaya devam edece\u011fiz&#8221; dedi.<\/p>\n<p style=\"text-align: justify;\">NEW YORK &#8211; Ba\u015fbakan Recep Tayyip Erdo\u011fan, Siirt&#8217;in Pervari il\u00e7esindeki Belenoluk Jandarma Karakolu&#8217;na yap\u0131lan ve 6 askerin \u015fehit oldu\u011fu sald\u0131r\u0131yla ilgili olarak konu\u015ftu.\u00a0<!--more--><\/p>\n<p style=\"text-align: justify;\">Erdo\u011fan, \u0130ran Cumhurba\u015fkan\u0131 Mahmud Ahmedinejad&#8217;la g\u00f6r\u00fc\u015fmesinin ard\u0131ndan konaklad\u0131\u011f\u0131 otele geli\u015finde bas\u0131n mensuplar\u0131n\u0131n sorular\u0131n\u0131 yan\u0131tlad\u0131.<\/p>\n<p style=\"text-align: justify;\">Ba\u015fbakan Erdo\u011fan, Siirt&#8217;e meydana gelen sald\u0131r\u0131da 5 askerin \u015fehit olmas\u0131yla ilgili olarak, &#8221;Maalesef ter\u00f6r \u00f6rg\u00fct\u00fc vah\u015fetini devam ettiriyor. Ben size ikide bir bu t\u00fcr de\u011ferlendirmeleri yapmay\u0131 da do\u011fru bulmuyorum. Tabii o g\u00f6revini yap\u0131yor, biz de bunun kar\u015f\u0131s\u0131nda g\u00f6revimizi yapmaya devam edece\u011fiz. \u00dczerinde yo\u011fun bir \u015fekilde duruyoruz. Arkada\u015flardan detaylar\u0131 hen\u00fcz almad\u0131m. T\u00fcrkiye&#8217;ye d\u00f6nd\u00fckten sonra de\u011ferlendirmelerimizi yap\u0131p ona g\u00f6re ad\u0131mlar\u0131m\u0131z\u0131 ataca\u011f\u0131z&#8221; dedi.<\/p>\n","protected":false},"excerpt":{"rendered":"<p style=\"text-align: center;\">\n<p style=\"text-align: justify;\">Ba\u015fbakan Erdo\u011fan, Siirt&#8217;te 6 askerin \u015fehit oldu\u011fu sald\u0131r\u0131yla ilgili, &#8220;Ter\u00f6r \u00f6rg\u00fct\u00fc g\u00f6revini yap\u0131yor, biz de g\u00f6revimizi yapmaya devam edece\u011fiz&#8221; dedi.<\/p>\n<p style=\"text-align: justify;\">NEW YORK &#8211; Ba\u015fbakan Recep Tayyip Erdo\u011fan, Siirt&#8217;in Pervari il\u00e7esindeki Belenoluk Jandarma Karakolu&#8217;na yap\u0131lan ve 6 askerin \u015fehit oldu\u011fu sald\u0131r\u0131yla ilgili olarak konu\u015ftu. <\/p>\n","protected":false},"author":1,"featured_media":0,"comment_status":"open","ping_status":"open","sticky":false,"template":"","format":"standard","meta":{"footnotes":""},"categories":[105],"tags":[],"class_list":["post-40154","post","type-post","status-publish","format-standard","hentry","category-gundem","odd"],"_links":{"self":[{"href":"http:\/\/www.korhanyilmaz.com\/index.php?rest_route=\/wp\/v2\/posts\/40154","targetHints":{"allow":["GET"]}}],"collection":[{"href":"http:\/\/www.korhanyilmaz.com\/index.php?rest_route=\/wp\/v2\/posts"}],"about":[{"href":"http:\/\/www.korhanyilmaz.com\/index.php?rest_route=\/wp\/v2\/types\/post"}],"author":[{"embeddable":true,"href":"http:\/\/www.korhanyilmaz.com\/index.php?rest_route=\/wp\/v2\/users\/1"}],"replies":[{"embeddable":true,"href":"http:\/\/www.korhanyilmaz.com\/index.php?rest_route=%2Fwp%2Fv2%2Fcomments&post=40154"}],"version-history":[{"count":0,"href":"http:\/\/www.korhanyilmaz.com\/index.php?rest_route=\/wp\/v2\/posts\/40154\/revisions"}],"wp:attachment":[{"href":"http:\/\/www.korhanyilmaz.com\/index.php?rest_route=%2Fwp%2Fv2%2Fmedia&parent=40154"}],"wp:term":[{"taxonomy":"category","embeddable":true,"href":"http:\/\/www.korhanyilmaz.com\/index.php?rest_route=%2Fwp%2Fv2%2Fcategories&post=40154"},{"taxonomy":"post_tag","embeddable":true,"href":"http:\/\/www.korhanyilmaz.com\/index.php?rest_route=%2Fwp%2Fv2%2Ftags&post=40154"}],"curies":[{"name":"wp","href":"https:\/\/api.w.org\/{rel}","templated":true}]}}