{"id":40149,"date":"2011-09-25T09:19:01","date_gmt":"2011-09-25T06:19:01","guid":{"rendered":"http:\/\/www.korhanyilmaz.com\/?p=40149"},"modified":"2011-09-25T12:21:40","modified_gmt":"2011-09-25T09:21:40","slug":"chpli-halicidan-davul-sov","status":"publish","type":"post","link":"http:\/\/www.korhanyilmaz.com\/?p=40149","title":{"rendered":"CHP&#8217;li Hal\u0131c\u0131&#8217;dan davul \u015fov"},"content":{"rendered":"<p style=\"text-align: center;\"><a href=\"http:\/\/www.korhanyilmaz.com\/wp-content\/uploads\/2011\/09\/7012.jpg\"  class=\"lightview\"><img loading=\"lazy\" decoding=\"async\" class=\"aligncenter  wp-image-40150\" src=\"http:\/\/www.korhanyilmaz.com\/wp-content\/uploads\/2011\/09\/7012.jpg\" alt=\"\" width=\"376\" height=\"237\" \/><\/a><\/p>\n<p style=\"text-align: justify;\">Bu y\u0131l d\u00f6rd\u00fcnc\u00fcs\u00fc d\u00fczenlenen AnkiRock Festivali&#8217;nde sahne alan CHP Genel Ba\u015fkan Yard\u0131mc\u0131s\u0131 Emrehan Hal\u0131c\u0131, eski Ba\u015fbakanlardan B\u00fclent Ecevit&#8217;in \u201cSiyaset\u00e7iler, siyaset d\u0131\u015f\u0131nda muhakkak ba\u015fka alanlarda u\u011fra\u015f vermeliler\u201d s\u00f6z\u00fcn\u00fc an\u0131msatarak, kendisinin de bu yolu takip eden siyaset\u00e7ilerden biri oldu\u011funu s\u00f6yledi.<!--more--><\/p>\n<p style=\"text-align: justify;\">Hal\u0131c\u0131, festivalde sahne almas\u0131n\u0131n ard\u0131ndan yapt\u0131\u011f\u0131 a\u00e7\u0131klamada, Ankara&#8217;da bir rock festivalinin d\u00fczenlenmesinden duydu\u011fu memnuniyeti dile getirdi. M\u00fczi\u011fin insanlar\u0131 birbirine yakla\u015ft\u0131rd\u0131\u011f\u0131n\u0131, dostluk \u00e7a\u011fr\u0131s\u0131 yapt\u0131\u011f\u0131n\u0131 anlatan Hal\u0131c\u0131, \u201cDolay\u0131s\u0131yla burada bulunmak \u00e7ok anlaml\u0131, \u00e7ok g\u00fczel. Buraya ekstra daha farkl\u0131 bir anlam y\u00fcklemenin hi\u00e7 gere\u011fi yok\u201d dedi.<\/p>\n<p style=\"text-align: justify;\">\u00c7ocukluk y\u0131llar\u0131ndan beri m\u00fczikle u\u011fra\u015ft\u0131\u011f\u0131n\u0131 dile getiren Hal\u0131c\u0131, \u201cBelki buran\u0131n en ya\u015fl\u0131s\u0131 benim. Kendimi daha gen\u00e7 ve enerjik hissetmemi sa\u011fl\u0131yorlar\u201d diye konu\u015ftu.<\/p>\n<p style=\"text-align: justify;\">Bateri \u00e7alarken \u00e7ok mutlu oldu\u011funu dile getiren Hal\u0131c\u0131, rock m\u00fczi\u011fe ilgisini \u015fu s\u00f6zlerle anlatt\u0131:<\/p>\n<p style=\"text-align: justify;\">\u201cAsl\u0131nda burada s\u00f6zl\u00fc mesajlar vermiyoruz ama rock zaten sisteme bir ele\u015ftiri, bir ba\u015fkald\u0131r\u0131n\u0131n m\u00fczi\u011fidir. Burada di\u011fer gruplar s\u00f6zl\u00fc m\u00fczik yapt\u0131lar, biz ise enstr\u00fcmantal. Ama sonu\u00e7ta m\u00fczi\u011fin insanlara iletti\u011fi mesaj\u0131n illa s\u00f6zl\u00fc olmas\u0131 gerekmiyor. Biz hem \u00fclkemizin hem d\u00fcnyan\u0131n daha iyi hale gelmesini istiyoruz. \u0130nsanlar\u0131n kavga ettikleri birbirleriyle \u00e7eki\u015fme i\u00e7inde olduklar\u0131 konular\u0131 asl\u0131nda \u00e7\u00f6zebilecek f\u0131rsatlar var. Bu f\u0131rsatlar\u0131 insanlar\u0131n g\u00f6rebilmesi i\u00e7in sanat \u00e7ok \u00f6nemli bir kanal. M\u00fczik de \u00f6nemli bir sanat kanal\u0131.\u201d<\/p>\n<p style=\"text-align: justify;\">Hal\u0131c\u0131, siyasetin herkes i\u00e7in ge\u00e7ici bir hizmet alan\u0131 oldu\u011funa i\u015faret ederek, \u015funlar\u0131 kaydetti:<\/p>\n<p style=\"text-align: justify;\">\u201cRahmetli B\u00fclent Ecevit&#8217;in \u00e7ok g\u00fczel bir s\u00f6z\u00fc var. (Siyaset\u00e7iler, siyaset d\u0131\u015f\u0131nda muhakkak ba\u015fka alanlarda u\u011fra\u015f vermeliler. Siyaset her an bitebilir ve o alanda da kendilerini ortaya koyabilmeliler) demi\u015fti. Ben de bu yolu takip edenlerden biriyim. Benim alan\u0131m m\u00fczik oldu\u011fu i\u00e7in belki biraz daha fazla ilgi \u00e7ekiyor. Di\u011fer pek \u00e7ok milletvekilinin de siyaset d\u0131\u015f\u0131nda ba\u015fka \u00f6zel ilgi alanlar\u0131 oldu\u011funu biliyorum. B\u00f6yle olmas\u0131 gerekti\u011fine de inan\u0131yorum.\u201d<\/p>\n<p style=\"text-align: justify;\">Hal\u0131c\u0131 di\u011fer ilgi alanlar\u0131n\u0131 ise, m\u00fczik yar\u0131\u015fmalar\u0131, bilgisayar destekli m\u00fczik, satran\u00e7 ve zeka oyunlar\u0131 olarak s\u0131ralad\u0131.<\/p>\n<p style=\"text-align: justify;\"><a href=\"http:\/\/www.hurriyet.com.tr\/gundem\/18823005.asp\" target=\"_blank\">Kaynak : H\u00fcrriyet.com.tr<\/a><\/p>\n","protected":false},"excerpt":{"rendered":"<p style=\"text-align: center;\">\n<p style=\"text-align: justify;\">Bu y\u0131l d\u00f6rd\u00fcnc\u00fcs\u00fc d\u00fczenlenen AnkiRock Festivali&#8217;nde sahne alan CHP Genel Ba\u015fkan Yard\u0131mc\u0131s\u0131 Emrehan Hal\u0131c\u0131, eski Ba\u015fbakanlardan B\u00fclent Ecevit&#8217;in \u201cSiyaset\u00e7iler, siyaset d\u0131\u015f\u0131nda muhakkak ba\u015fka alanlarda u\u011fra\u015f vermeliler\u201d s\u00f6z\u00fcn\u00fc an\u0131msatarak, kendisinin de bu yolu takip eden siyaset\u00e7ilerden biri oldu\u011funu s\u00f6yledi.<\/p>\n","protected":false},"author":1,"featured_media":0,"comment_status":"open","ping_status":"open","sticky":false,"template":"","format":"standard","meta":{"footnotes":""},"categories":[105],"tags":[],"class_list":["post-40149","post","type-post","status-publish","format-standard","hentry","category-gundem","odd"],"_links":{"self":[{"href":"http:\/\/www.korhanyilmaz.com\/index.php?rest_route=\/wp\/v2\/posts\/40149","targetHints":{"allow":["GET"]}}],"collection":[{"href":"http:\/\/www.korhanyilmaz.com\/index.php?rest_route=\/wp\/v2\/posts"}],"about":[{"href":"http:\/\/www.korhanyilmaz.com\/index.php?rest_route=\/wp\/v2\/types\/post"}],"author":[{"embeddable":true,"href":"http:\/\/www.korhanyilmaz.com\/index.php?rest_route=\/wp\/v2\/users\/1"}],"replies":[{"embeddable":true,"href":"http:\/\/www.korhanyilmaz.com\/index.php?rest_route=%2Fwp%2Fv2%2Fcomments&post=40149"}],"version-history":[{"count":0,"href":"http:\/\/www.korhanyilmaz.com\/index.php?rest_route=\/wp\/v2\/posts\/40149\/revisions"}],"wp:attachment":[{"href":"http:\/\/www.korhanyilmaz.com\/index.php?rest_route=%2Fwp%2Fv2%2Fmedia&parent=40149"}],"wp:term":[{"taxonomy":"category","embeddable":true,"href":"http:\/\/www.korhanyilmaz.com\/index.php?rest_route=%2Fwp%2Fv2%2Fcategories&post=40149"},{"taxonomy":"post_tag","embeddable":true,"href":"http:\/\/www.korhanyilmaz.com\/index.php?rest_route=%2Fwp%2Fv2%2Ftags&post=40149"}],"curies":[{"name":"wp","href":"https:\/\/api.w.org\/{rel}","templated":true}]}}