{"id":40145,"date":"2011-09-25T09:50:50","date_gmt":"2011-09-25T06:50:50","guid":{"rendered":"http:\/\/www.korhanyilmaz.com\/?p=40145"},"modified":"2011-09-25T12:15:20","modified_gmt":"2011-09-25T09:15:20","slug":"bdpli-kaplan-sana-ne-lan","status":"publish","type":"post","link":"http:\/\/www.korhanyilmaz.com\/?p=40145","title":{"rendered":"BDP&#8217;li Kaplan: &#8220;Sana ne lan&#8221;"},"content":{"rendered":"<p style=\"text-align: center;\"><a href=\"http:\/\/www.korhanyilmaz.com\/wp-content\/uploads\/2011\/09\/7011.jpg\"  class=\"lightview\"><img loading=\"lazy\" decoding=\"async\" class=\"aligncenter  wp-image-40146\" src=\"http:\/\/www.korhanyilmaz.com\/wp-content\/uploads\/2011\/09\/7011.jpg\" alt=\"\" width=\"344\" height=\"230\" \/><\/a><\/p>\n<p style=\"text-align: justify;\">G\u00fcmr\u00fck ve Ticaret Bakan\u0131 Hayati Yaz\u0131c\u0131&#8217;n\u0131n, &#8220;Milletvekilleri olarak ya vek\u00e2leti yerine getirirsin ya da istifa eder \u00e7ekilirsin&#8221; dedi\u011fi BDP&#8217;den \u00e7ok sert yan\u0131t geldi. BDP Grup Ba\u015fkanvekili Hasip Kaplan, &#8220;Ben de buradan bakana sesleniyorum. Sana ne lan&#8221; dedi.\u00a0<!--more--><\/p>\n<p style=\"text-align: justify;\">(DHA) &#8212; BDP Grup Ba\u015fkan Vekili ve \u015e\u0131rnak Milletvekili Hasip Kaplan ile Bing\u00f6l Milletvekili \u0130dris Baluken, \u0130dil\u2019in ard\u0131ndan Cizre ve Silopi il\u00e7elerine ge\u00e7ti. Ba\u015fbakan Recep Tayyip Erdo\u011fan\u2019\u0131 ele\u015ftiriren Hasip Kaplan, Cizre BDP binas\u0131 \u00f6n\u00fcnde toplananlara seslendi. Kaplan, Ba\u015fbakan Erdo\u011fan\u2019\u0131n sand\u0131ktan ve milletin iradesinden korktu\u011funu ileri s\u00fcr\u00fcp, \u015f\u00f6yle dedi:<\/p>\n<p style=\"text-align: justify;\">&#8220;\u015e\u0131rnak\u2019ta y\u00fczde 80 oy alan partimize operasyon d\u00fczenleniyor sonra Ba\u015fbakan Amerika\u2019da konu\u015fuyor, diyor ki PKK silah\u0131 b\u0131raks\u0131n ben de operasyonlar\u0131 durduraca\u011f\u0131m. Sen Ba\u015fbakan PKK silah\u0131 b\u0131raks\u0131n diyorsun, operasyonu durduraca\u011f\u0131m diyor. Peki belediye ba\u015fkanlar\u0131n\u0131n, il genel meclis \u00fcyelerinin, belediye meclis \u00fcyelerinin parti ba\u015fkanlar\u0131m\u0131n elinde silah m\u0131 var ki operasyon \u00e7ekiyor. Yani Botan halk\u0131n\u0131 bu operasyonlarla b\u00fct\u00fcn se\u00e7ilmi\u015fleri milletin iradesini zindana t\u0131kayacaks\u0131n, kelep\u00e7eleyeceksin ve diyeceksin ben senin se\u00e7ilmi\u015flerini tan\u0131m\u0131yorum, senin iradeni tan\u0131m\u0131yorum. Ben merkezi h\u00fck\u00fcmetim valiyi atayaca\u011f\u0131m, partizan kaymakam\u0131 atayaca\u011f\u0131m, partizan g\u00fcvenlik g\u00fc\u00e7lerinin amirini atayaca\u011f\u0131m ve bu halka zul\u00fcm edece\u011fim.&#8221;<\/p>\n<p style=\"text-align: justify;\">Kaplan, Ba\u015fbakan\u2019\u0131 \u015e\u0131rnak halk\u0131n\u0131n iradesini teslim alabilmesi i\u00e7in bu kadar y\u00f6neticiyi almas\u0131n\u0131n yetmeyece\u011fini ve 500 bin ki\u015fiyi almas\u0131 gerekti\u011fini \u00f6ne s\u00fcrd\u00fc. Kaplan, &#8220;TOK\u0130\u2019ye emir vermesi laz\u0131m, Botan halk\u0131na 500 bin ki\u015filik bir cezaevi yapmas\u0131 laz\u0131m, o da g\u00fcc\u00fc yetiyorsa. \u00d6yle z\u00fc\u011f\u00fcrt a\u011fa gibi New York\u2019ta, Washington\u2019da konu\u015fma, delikanl\u0131 ol bu al\u00e7ak\u00e7a sald\u0131r\u0131lar\u0131 durduracaks\u0131n. Bu milletin iradesini teslim alamayacaks\u0131n. Bir halk\u0131n haklar\u0131n\u0131 yok edecek silah daha icat edilmedi. Bir halk\u0131n hakl\u0131 taleplerini yok edecek evlat daha anas\u0131ndan do\u011fmam\u0131\u015ft\u0131r.&#8221;<\/p>\n<p style=\"text-align: justify;\"><strong>&#8220;G\u00fcc\u00fcn\u00fcz yetiyorsa gelip beni al\u0131n&#8221;\u00a0<\/strong><\/p>\n<p style=\"text-align: justify;\">Silopi\u2019de konu\u015fan Kaplan, &#8220;Ba\u015fbakan\u0131n yard\u0131mc\u0131lar\u0131ndan biri diyor ki, \u20191 Ekim\u2019den sonra Meclis\u2019e gelmezseniz bu halk sizi azleder\u2019 zaten bu halk\u0131n se\u00e7ti\u011fi vekilleri tutuklam\u0131\u015fs\u0131n\u0131z, ba\u015fkanlar\u0131n\u0131 tutuklam\u0131\u015fs\u0131n\u0131z g\u00fcc\u00fcn\u00fcz yetiyorsa gelin benide al\u0131n&#8221; dedi.<\/p>\n<p style=\"text-align: justify;\"><strong>Kaplan\u2019dan \u00e7ocuklara: &#8220;Ta\u015f atmay\u0131n!&#8221;\u00a0<\/strong><\/p>\n<p style=\"text-align: justify;\">Silopi\u2019de bir grup \u00e7ocu\u011fun polislere ta\u015f att\u0131\u011f\u0131n\u0131 g\u00f6ren Hasip Kaplan h\u0131zla \u00e7ocuklar\u0131n yan\u0131na giderek, ta\u015f atmamalar\u0131 konusunda uyard\u0131. Kaplan, &#8220;B\u00fcy\u00fcklerinizi dinleyeceksiniz. Siz kendi ba\u015f\u0131n\u0131za hareket ederseniz. Buraya milletvekilleri gelmi\u015f. \u015e\u0131rnak\u2019ta bir ma\u011fduriyet var. Belediye ba\u015fkan\u0131 il\u00e7e ba\u015fkan\u0131 al\u0131nm\u0131\u015f. Siz milletvekillerinizin yan\u0131nda yanl\u0131\u015f yap\u0131yorsunuz. Sizden istedi\u011fimiz elbette ki Silopi halk\u0131 hakl\u0131 tepkisini koyacak. Ama bu me\u015fru hukuki zeminlerde olacak. Onun i\u00e7in hi\u00e7bir ki\u015fi tek ba\u015f\u0131na hareket etmesin&#8221; dedi. \u00c7ocuklar da \u2019Silopi sizinle gurur duyuyor\u2019 diye slogan att\u0131.<\/p>\n<p style=\"text-align: justify;\"><strong>Kaplan\u2019dan Bakan Yaz\u0131c\u0131\u2019ya &#8220;Sana ne lan&#8221;\u00a0<\/strong><\/p>\n<p style=\"text-align: justify;\">BDP Grup Ba\u015fkan Vekili ve \u015e\u0131rnak Milletvekili Hasip Kaplan, tutuklanan Silopi Belediye Ba\u015fkan\u0131 Emin To\u011furlu\u2019nu odas\u0131na girip bo\u015f olan makam koltu\u011funun cep telefonu ile foto\u011fraf\u0131n\u0131 \u00e7ekti ve &#8220;Bu foto\u011fraf\u0131 h\u00fck\u00fcmete g\u00f6nderece\u011fim&#8221; dedi.<\/p>\n<p style=\"text-align: justify;\">Hasip Kaplan, G\u00fcmr\u00fck ve Ticaret Bakan\u0131 Hayati Yaz\u0131c\u0131\u2019n\u0131n BDP\u2019lilerin 1 Ekim\u2019de Meclis\u2019e gelmelerini isteyerek, &#8220;Milletvekilleri olarak ya vekaleti yerine getirirsin ya da istifa eder \u00e7ekilirsin. Ya da hukukun gere\u011fi i\u015fler azil s\u00fcreci ba\u015flar&#8221; a\u00e7\u0131klamas\u0131na tepki g\u00f6sterdi. Bakan Yaz\u0131c\u0131 i\u00e7in a\u011f\u0131r s\u00f6zler sarf eden Kaplan, \u015funlar\u0131 s\u00f6yledi:<\/p>\n<p style=\"text-align: justify;\">&#8220;Ben de buradan bakana sesleniyorum. Sana ne lan. Sen kim oluyorsun sana m\u0131 soraca\u011f\u0131z Meclis\u2019e girip girmeyece\u011fimizi. Ayr\u0131ca buradan Ba\u015fbakan Erdo\u011fan\u2019a sesleniyorum. Bu halk\u0131n iradesi ile se\u00e7ilen milletvekillerini hapiste b\u0131rakt\u0131n\u0131z. Belediye ba\u015fkanlar\u0131n\u0131 yakalay\u0131p cezaevine g\u00f6nderdiniz. \u015eu anda \u015e\u0131rnak\u2019ta se\u00e7ilmi\u015f olarak sadece ben kald\u0131m. Gelin beni al\u0131n da kimse kalmas\u0131n. Kanunsuz uygulamalar ya\u015fan\u0131rken sen orada pi\u015fkin pi\u015fkin konu\u015fuyorsun. \u015eunu iyi bil ki hi\u00e7bir halk\u0131n iradesinden daha b\u00fcy\u00fck de\u011fildir. Bu irade sana da diz \u00e7\u00f6kt\u00fcrecek.&#8221;<\/p>\n<p style=\"text-align: justify;\"><a href=\"http:\/\/www.cnnturk.com\/2011\/guncel\/09\/25\/bdpli.kaplan.sana.ne.lan\/630539.0\/index.html\" target=\"_blank\">Kaynak : CNN T\u00dcRK<\/a><\/p>\n","protected":false},"excerpt":{"rendered":"<p style=\"text-align: center;\">\n<p style=\"text-align: justify;\">G\u00fcmr\u00fck ve Ticaret Bakan\u0131 Hayati Yaz\u0131c\u0131&#8217;n\u0131n, &#8220;Milletvekilleri olarak ya vek\u00e2leti yerine getirirsin ya da istifa eder \u00e7ekilirsin&#8221; dedi\u011fi BDP&#8217;den \u00e7ok sert yan\u0131t geldi. BDP Grup Ba\u015fkanvekili Hasip Kaplan, &#8220;Ben de buradan bakana sesleniyorum. Sana ne lan&#8221; dedi. <\/p>\n","protected":false},"author":1,"featured_media":0,"comment_status":"open","ping_status":"open","sticky":false,"template":"","format":"standard","meta":{"footnotes":""},"categories":[105],"tags":[],"class_list":["post-40145","post","type-post","status-publish","format-standard","hentry","category-gundem","odd"],"_links":{"self":[{"href":"http:\/\/www.korhanyilmaz.com\/index.php?rest_route=\/wp\/v2\/posts\/40145","targetHints":{"allow":["GET"]}}],"collection":[{"href":"http:\/\/www.korhanyilmaz.com\/index.php?rest_route=\/wp\/v2\/posts"}],"about":[{"href":"http:\/\/www.korhanyilmaz.com\/index.php?rest_route=\/wp\/v2\/types\/post"}],"author":[{"embeddable":true,"href":"http:\/\/www.korhanyilmaz.com\/index.php?rest_route=\/wp\/v2\/users\/1"}],"replies":[{"embeddable":true,"href":"http:\/\/www.korhanyilmaz.com\/index.php?rest_route=%2Fwp%2Fv2%2Fcomments&post=40145"}],"version-history":[{"count":0,"href":"http:\/\/www.korhanyilmaz.com\/index.php?rest_route=\/wp\/v2\/posts\/40145\/revisions"}],"wp:attachment":[{"href":"http:\/\/www.korhanyilmaz.com\/index.php?rest_route=%2Fwp%2Fv2%2Fmedia&parent=40145"}],"wp:term":[{"taxonomy":"category","embeddable":true,"href":"http:\/\/www.korhanyilmaz.com\/index.php?rest_route=%2Fwp%2Fv2%2Fcategories&post=40145"},{"taxonomy":"post_tag","embeddable":true,"href":"http:\/\/www.korhanyilmaz.com\/index.php?rest_route=%2Fwp%2Fv2%2Ftags&post=40145"}],"curies":[{"name":"wp","href":"https:\/\/api.w.org\/{rel}","templated":true}]}}