{"id":40141,"date":"2011-09-24T19:45:27","date_gmt":"2011-09-24T16:45:27","guid":{"rendered":"http:\/\/www.korhanyilmaz.com\/?p=40141"},"modified":"2011-09-24T22:42:00","modified_gmt":"2011-09-24T19:42:00","slug":"bakan-yazicidan-bdpye-kritik-uyari","status":"publish","type":"post","link":"http:\/\/www.korhanyilmaz.com\/?p=40141","title":{"rendered":"Bakan Yaz\u0131c\u0131&#8217;dan BDP&#8217;ye kritik uyar\u0131"},"content":{"rendered":"<p style=\"text-align: center;\"><a href=\"http:\/\/www.korhanyilmaz.com\/wp-content\/uploads\/2011\/09\/7010.jpg\"  class=\"lightview\"><img loading=\"lazy\" decoding=\"async\" class=\"aligncenter  wp-image-40142\" src=\"http:\/\/www.korhanyilmaz.com\/wp-content\/uploads\/2011\/09\/7010.jpg\" alt=\"\" width=\"307\" height=\"236\" \/><\/a><\/p>\n<p style=\"text-align: justify;\">G\u00fcmr\u00fck ve Ticaret Bakan\u0131 Hayati Yaz\u0131c\u0131, BDP milletvekillerine 1 Ekim\u2019de Meclis\u2019e gelmeleri \u00e7a\u011fr\u0131s\u0131 yaparak, &#8220;Ya milletin verdi\u011fi vekaleti yerine getirirsin ya da istifa eder \u00e7ekilirsin. Ya da hukukun gere\u011fi i\u015fler azil s\u00fcreci ba\u015flar&#8221; dedi.<!--more--><\/p>\n<p style=\"text-align: justify;\">24\u2019\u00fcnc\u00fc Ahilik Haftas\u0131 t\u00f6renlerine kat\u0131lmak \u00fczere K\u0131r\u015fehir\u2019e gelen G\u00fcmr\u00fck ve Ticaret Bakan\u0131 Hayati Yaz\u0131c\u0131, burada gazetecilerin ter\u00f6rle ilgili sorular\u0131n\u0131 yan\u0131tlarken, &#8220;Silvan olaylar\u0131, k\u0131r\u0131lma noktas\u0131 oldu&#8221; dedi. G\u00fcvenlik g\u00fc\u00e7lerinin \u00f6ncelikli hedef olan hak ve \u00f6zg\u00fcrl\u00fcklerin \u00f6n\u00fcnde yer alan ya\u015fama hakk\u0131n\u0131 ve can g\u00fcvenli\u011fini sa\u011flama noktas\u0131nda \u00fczerine d\u00fc\u015feni yapt\u0131\u011f\u0131n\u0131 belirten Bakan Yaz\u0131c\u0131, \u015funlar\u0131 s\u00f6yledi:<\/p>\n<p style=\"text-align: justify;\">&#8220;Oturup, bir \u00f6rg\u00fct\u00fcn bir tak\u0131m konular\u0131 suiistimal etmesi ile bir yere varmas\u0131 m\u00fcmk\u00fcn de\u011fil. Onlar\u0131n istismar etti\u011fi alanlara h\u00fck\u00fcmet olarak yapt\u0131\u011f\u0131m\u0131z d\u00fczenlemelere toplumun her kesimi bu konulara toleransl\u0131 bakmayabilir. Biz d\u00fczg\u00fcn d\u00fczenlemeler yapt\u0131k. Gidi\u015fat ,ger\u00e7ekten suiistimale m\u00fcsait olanlar\u0131 izale eden yol haritas\u0131 olmas\u0131na ra\u011fmen insanlar\u0131m\u0131z\u0131 ter\u00f6r \u00f6rg\u00fct\u00fcn\u00fcn katletmesi ve \u00f6ld\u00fcrmesinin hi\u00e7bir hakl\u0131 nedeni olamaz. Daha do\u011frusu \u00f6ld\u00fcrmenin hi\u00e7bir hakl\u0131 nedeni olamaz. Olu\u015fan bu ortam di\u011fer yap\u0131lacak olanlar\u0131 tehir edip, erteletiyor. Ter\u00f6r \u00f6rg\u00fct\u00fc silahlar\u0131 b\u0131rakacak. Devletin g\u00fcvenli\u011fini sa\u011flayan unsurlar var. TBMM\u2019 nin i\u015fleyi\u015f d\u00fczeni var. Devletimizin milletimizin k\u0131rm\u0131z\u0131 \u00e7izgileri var.&#8221;<\/p>\n<p style=\"text-align: justify;\"><strong>BDP milletvekillerine \u00e7a\u011fr\u0131\u00a0<\/strong><\/p>\n<p style=\"text-align: justify;\">Bakan Hayati Yaz\u0131c\u0131, BDP milletvekillerine 1 Ekim\u2019de a\u00e7\u0131lacak Meclis\u2019e gelmeleri \u00e7a\u011fr\u0131s\u0131 yapt\u0131. BDP milletvekillerinin yemin etmelerini beklediklerini kaydeden Yaz\u0131c\u0131, s\u00f6zlerini \u015f\u00f6yle s\u00fcrd\u00fcrd\u00fc:<\/p>\n<p style=\"text-align: justify;\">&#8220;TBMM 1 Ekim\u2019de a\u00e7\u0131lacak. Gelip, yemin etmelerini bekliyoruz. Yoksa yasalar ne diyorsa onun gere\u011fi yap\u0131l\u0131r. Her \u015fey Meclis\u2019te konu\u015fulur. Vekil, milletin verdi\u011fi yetkiyle g\u00f6rev yapmal\u0131d\u0131r. Meclis\u2019e gitmemeleri demek, g\u00f6revlerini yapmamalar\u0131 demektir. Bunun muhatab\u0131 da hakt\u0131r. Vekalet veren halkt\u0131r. Milletvekilleri olarak ya vekaleti yerine getirirsin ya da istifa eder \u00e7ekilirsin. Ya da hukukun gere\u011fi i\u015fler azil s\u00fcreci ba\u015flar&#8221; dedi.<\/p>\n<p style=\"text-align: justify;\"><a href=\"http:\/\/www.cnnturk.com\/2011\/turkiye\/09\/24\/bakan.yazicidan.bdpye.kritik.uyari\/630476.0\/index.html\" target=\"_blank\">Kaynak : CNN T\u00dcRK<\/a><\/p>\n","protected":false},"excerpt":{"rendered":"<p style=\"text-align: center;\">\n<p style=\"text-align: justify;\">G\u00fcmr\u00fck ve Ticaret Bakan\u0131 Hayati Yaz\u0131c\u0131, BDP milletvekillerine 1 Ekim\u2019de Meclis\u2019e gelmeleri \u00e7a\u011fr\u0131s\u0131 yaparak, &#8220;Ya milletin verdi\u011fi vekaleti yerine getirirsin ya da istifa eder \u00e7ekilirsin. Ya da hukukun gere\u011fi i\u015fler azil s\u00fcreci ba\u015flar&#8221; dedi.<\/p>\n","protected":false},"author":1,"featured_media":0,"comment_status":"open","ping_status":"open","sticky":false,"template":"","format":"standard","meta":{"footnotes":""},"categories":[105],"tags":[],"class_list":["post-40141","post","type-post","status-publish","format-standard","hentry","category-gundem","odd"],"_links":{"self":[{"href":"http:\/\/www.korhanyilmaz.com\/index.php?rest_route=\/wp\/v2\/posts\/40141","targetHints":{"allow":["GET"]}}],"collection":[{"href":"http:\/\/www.korhanyilmaz.com\/index.php?rest_route=\/wp\/v2\/posts"}],"about":[{"href":"http:\/\/www.korhanyilmaz.com\/index.php?rest_route=\/wp\/v2\/types\/post"}],"author":[{"embeddable":true,"href":"http:\/\/www.korhanyilmaz.com\/index.php?rest_route=\/wp\/v2\/users\/1"}],"replies":[{"embeddable":true,"href":"http:\/\/www.korhanyilmaz.com\/index.php?rest_route=%2Fwp%2Fv2%2Fcomments&post=40141"}],"version-history":[{"count":0,"href":"http:\/\/www.korhanyilmaz.com\/index.php?rest_route=\/wp\/v2\/posts\/40141\/revisions"}],"wp:attachment":[{"href":"http:\/\/www.korhanyilmaz.com\/index.php?rest_route=%2Fwp%2Fv2%2Fmedia&parent=40141"}],"wp:term":[{"taxonomy":"category","embeddable":true,"href":"http:\/\/www.korhanyilmaz.com\/index.php?rest_route=%2Fwp%2Fv2%2Fcategories&post=40141"},{"taxonomy":"post_tag","embeddable":true,"href":"http:\/\/www.korhanyilmaz.com\/index.php?rest_route=%2Fwp%2Fv2%2Ftags&post=40141"}],"curies":[{"name":"wp","href":"https:\/\/api.w.org\/{rel}","templated":true}]}}