{"id":40136,"date":"2011-09-24T21:35:22","date_gmt":"2011-09-24T18:35:22","guid":{"rendered":"http:\/\/www.korhanyilmaz.com\/?p=40136"},"modified":"2011-09-25T12:39:44","modified_gmt":"2011-09-25T09:39:44","slug":"siirtte-karakola-saldiri-5-sehit","status":"publish","type":"post","link":"http:\/\/www.korhanyilmaz.com\/?p=40136","title":{"rendered":"Siirt&#8217;te karakola sald\u0131r\u0131: 6 \u015fehit"},"content":{"rendered":"<p style=\"text-align: center;\"><a href=\"http:\/\/www.korhanyilmaz.com\/wp-content\/uploads\/2011\/09\/7014.jpg\"  class=\"lightview\"><img loading=\"lazy\" decoding=\"async\" class=\"aligncenter  wp-image-40158\" src=\"http:\/\/www.korhanyilmaz.com\/wp-content\/uploads\/2011\/09\/7014.jpg\" alt=\"\" width=\"396\" height=\"180\" \/><\/a><\/p>\n<p style=\"text-align: justify;\">Siirt&#8217;in Pervari il\u00e7esinde ter\u00f6ristlerle g\u00fcvenlik g\u00fc\u00e7leri aras\u0131nda \u00e7\u0131kan \u00e7at\u0131\u015fmada 6 g\u00fcvenlik g\u00f6revlisinin \u015fehit d\u00fc\u015ft\u00fc\u011f\u00fc, yaral\u0131 say\u0131s\u0131n\u0131n 11 oldu\u011fu bildirildi.<\/p>\n<p style=\"text-align: justify;\">Valilikten yap\u0131lan yaz\u0131l\u0131 a\u00e7\u0131klamada, ter\u00f6r \u00f6rg\u00fct\u00fc PKK \u00fcyesi bir grubun Belenoluk Jandarma Karakol Komutanl\u0131\u011f\u0131na sald\u0131r\u0131 d\u00fczenledi\u011fi hat\u0131rlat\u0131ld\u0131.\u00a0<!--more--><\/p>\n<p style=\"text-align: justify;\">G\u00fcvenlik g\u00fc\u00e7lerinin kar\u015f\u0131l\u0131k vermesi \u00fczerine \u00e7\u0131kan \u00e7at\u0131\u015fmada \u015fehit say\u0131s\u0131n\u0131n 6, yaral\u0131 say\u0131s\u0131n\u0131n 11 oldu\u011fu belirtilen a\u00e7\u0131klamada, b\u00f6lgede operasyonlar\u0131n aral\u0131ks\u0131z s\u00fcrd\u00fcr\u00fcld\u00fc\u011f\u00fc kaydedildi.<\/p>\n<p style=\"text-align: justify;\"><strong>\u015eehit olan askerlerin kimlikleri\u00a0<\/strong><\/p>\n<p style=\"text-align: justify;\">Siirt&#8217;in Pervari il\u00e7esinde ter\u00f6ristlerle g\u00fcvenlik g\u00fc\u00e7leri aras\u0131nda \u00e7\u0131kan \u00e7at\u0131\u015fmada \u015fehit olan askerlerin kimlikleri de belirlendi.<\/p>\n<p style=\"text-align: justify;\">Siirt Valisi Musa \u00c7olak, yapt\u0131\u011f\u0131 yaz\u0131l\u0131 a\u00e7\u0131klamada, Pervari il\u00e7esine ba\u011fl\u0131 Belenoluk Jandarma Karakolu&#8217;na ter\u00f6r \u00f6rg\u00fct\u00fc mensuplar\u0131 taraf\u0131ndan d\u00fczenlenen sald\u0131r\u0131da Jandarma K\u0131demli Ba\u015f\u00e7avu\u015f Erdal Canbulat (\u0130zmir), Jandarma Er \u00d6nder Turgay (Mardin), Jandarma Er Adem Y\u00f6r\u00fck (Antalya), Jandarma Er \u00d6mer Dursun (Sinop), Jandarma Er Halil \u0130brahim T\u00fcrkmen (Konya) ve Jandarma Onba\u015f\u0131 Recep G\u00f6k&#8217;\u00fcn (\u015e\u0131rnak) \u015fehit oldu\u011funu bildirdi.<\/p>\n<p style=\"text-align: justify;\">Vali \u00c7olak, yaral\u0131 askerlerin tedavilerinin \u015e\u0131rnak Asker Hastanesi&#8217;nde devam etti\u011fini kaydetti.<\/p>\n<p style=\"text-align: justify;\"><strong>4 ter\u00f6rist \u00f6ld\u00fcr\u00fcld\u00fc\u00a0<\/strong><\/p>\n<p style=\"text-align: justify;\">Vali \u00c7olak, sald\u0131r\u0131 sonras\u0131 \u00e7\u0131kan \u00e7at\u0131\u015fmada 1&#8217;i kad\u0131n 3 ter\u00f6ristin etkisiz hale getirildi\u011fini de ifade ederek, \u015fehit olanlara Allah&#8217;tan rahmet, yaral\u0131lara da acil \u015fifalar diledi.<\/p>\n<p style=\"text-align: justify;\">\u00c7olak, a\u00e7\u0131klamas\u0131nda karakola yap\u0131lan sald\u0131r\u0131y\u0131 nefretle k\u0131nad\u0131\u011f\u0131n\u0131 kaydetti.<\/p>\n<p style=\"text-align: justify;\">Bu arada \u015fehit askerlerin cenazelerinin Diyarbak\u0131r&#8217;da d\u00fczenlenecek askeri t\u00f6renin ard\u0131ndan memleketlerine g\u00f6nderilece\u011fi \u00f6\u011frenildi.<\/p>\n<p style=\"text-align: justify;\"><strong>\u015eehit evinde yas\u00a0<\/strong><\/p>\n<p style=\"text-align: justify;\">Siirt&#8217;in Pervari il\u00e7esinde ter\u00f6ristlerle g\u00fcvenlik g\u00fc\u00e7leri aras\u0131nda \u00e7\u0131kan \u00e7at\u0131\u015fmada \u015fehit olan jandarma er Adem Y\u00f6r\u00fck&#8217;\u00fcn evinde yas var.<\/p>\n<p style=\"text-align: justify;\">Jandarma er Adem Y\u00f6r\u00fck&#8217;\u00fcn Antalya&#8217;n\u0131n Korkuteli il\u00e7esine ba\u011fl\u0131 K\u00fc\u00e7\u00fckk\u00f6y k\u00f6y\u00fcndeki ailesine ac\u0131 haberi, Korkuteli Kaymakam\u0131 Erkan Karahan, Garnizon Komutan\u0131 Jandarma Y\u00fczba\u015f\u0131 Erkan \u00d6z\u00e7elik, Askerlik \u015eubesi Ba\u015fkan\u0131 Y\u00fczba\u015f\u0131 Volkan Onay verdi.<\/p>\n<p style=\"text-align: justify;\">Ni\u015fanl\u0131 oldu\u011fu belirtilen Y\u00f6r\u00fck&#8217;\u00fcn terhisine 35 g\u00fcn kald\u0131\u011f\u0131 ve askerli\u011fini bitirdikten sonra evlenece\u011fi \u00f6\u011frenildi. Ac\u0131 haberi alan \u015fehidin babas\u0131 \u0130lyas Y\u00f6r\u00fck, annesi Meryem Y\u00f6r\u00fck ve 2 karde\u015fi g\u00f6zya\u015flar\u0131na bo\u011fuldu. Bu arada Y\u00f6r\u00fck&#8217;\u00fcn baba evine T\u00fcrk bayra\u011f\u0131 as\u0131ld\u0131.<\/p>\n<p style=\"text-align: justify;\"><strong>\u0130zmir&#8217;de g\u00f6zya\u015f\u0131 seli\u00a0<\/strong><\/p>\n<p style=\"text-align: justify;\">Sald\u0131r\u0131ya u\u011frayan Belenoluk Jandarma Karakolu&#8217;nun komutan\u0131 olan Astsubay Ba\u015f\u00e7avu\u015f Erdal Canbulat&#8217;\u0131n (41) \u015fehit oldu\u011fu haberi, \u0130zmir&#8217;in Bay\u0131nd\u0131r il\u00e7esine ba\u011fl\u0131 Zeytinova beldesindeki ailesine bildirildi.<\/p>\n<p style=\"text-align: justify;\">Karde\u015flerinin \u015fehit d\u00fc\u015ft\u00fc\u011f\u00fc \u00f6\u011frenen Mustafa Canbulat ve Emine Din\u00e7ol, g\u00f6zya\u015flar\u0131na bo\u011fuldu. Bu s\u0131rada \u00d6demi\u015f&#8217;teki ailesinin yan\u0131nda bulunan \u015fehit astsubay\u0131n e\u015fi \u00d6zlem Canbulat ise ac\u0131 haberi \u00f6\u011frenince y\u0131k\u0131ld\u0131. \u00d6zlem Canbulat, eve gelen sa\u011fl\u0131k ekipleri taraf\u0131ndan sakinle\u015ftirilmeye \u00e7al\u0131\u015f\u0131ld\u0131.<\/p>\n<p style=\"text-align: justify;\">\u015eehit Astsubay Ba\u015f\u00e7avu\u015f Erdal Canbulat&#8217;\u0131n yakla\u015f\u0131k 2,5 ay \u00f6nce jandarma karakol komutan\u0131 olarak Siirt&#8217;e tayininin \u00e7\u0131kt\u0131\u011f\u0131 ve emeklili\u011fine 2 y\u0131l kald\u0131\u011f\u0131 bildirildi. \u00d6zlem Canbulat&#8217;\u0131n en son d\u00fcn e\u015fiyle telefonla g\u00f6r\u00fc\u015ft\u00fc\u011f\u00fc \u00f6\u011frenildi.<\/p>\n<p style=\"text-align: justify;\">\u015eehit Canbulat&#8217;\u0131n a\u011fabeyi Mustafa Canbulat ise babalar\u0131n\u0131n 3 ay \u00f6nce vefat etti\u011fini belirterek, 2 \u00e7ocuk babas\u0131 olan karde\u015finin g\u00f6revini \u00e7ok sevdi\u011fini ve ya\u015f haddinden 2 y\u0131l sonra emekli olaca\u011f\u0131n\u0131 s\u00f6yledi. Mustafa Canbulat, bir hafta \u00f6nce karde\u015fiyle telefon g\u00f6r\u00fc\u015fmesi yapt\u0131\u011f\u0131n\u0131 ifade ederek, &#8220;Buralarda olay yok, rahat olun&#8221; dedi\u011fini anlatt\u0131.<\/p>\n<p style=\"text-align: justify;\"><strong>Buca&#8217;da da yas var\u00a0<\/strong><\/p>\n<p style=\"text-align: justify;\">Belenoluk Jandarma Karakolu&#8217;na y\u00f6nelik sald\u0131r\u0131da \u015fehit olan jandarma er \u00d6nder Turgay&#8217;\u0131n Buca&#8217;daki evine de ac\u0131 haber ula\u015ft\u0131.<\/p>\n<p style=\"text-align: justify;\">Turgay&#8217;\u0131n evine giden askeri yetkililer baba Abd\u00fclkadir Turgay&#8217;a o\u011flunun \u015fehit oldu\u011fu haberini verdi. Ald\u0131klar\u0131 haber kar\u015f\u0131s\u0131nda Turgay ailesinin evinden a\u011f\u0131tlar y\u00fckseldi.<\/p>\n<p style=\"text-align: justify;\">Jandarma er \u00d6nder Turgay&#8217;\u0131n aslen Mardinli oldu\u011fu belirtilirken, mobilyac\u0131 olan Abd\u00fclkadir Turgay&#8217;\u0131n 6 \u00e7ocu\u011fundan biri oldu\u011fu ve 6 ay \u00f6nce askere gitti\u011fi \u00f6\u011frenildi.<\/p>\n<p style=\"text-align: justify;\"><a href=\"http:\/\/www.cnnturk.com\/2011\/turkiye\/09\/25\/siirtte.6.sehit\/630500.0\/index.html\" target=\"_blank\">Kaynak : CNN T\u00dcRK<\/a><\/p>\n","protected":false},"excerpt":{"rendered":"<p style=\"text-align: center;\">\n<p style=\"text-align: justify;\">Siirt&#8217;in Pervari il\u00e7esinde ter\u00f6ristlerle g\u00fcvenlik g\u00fc\u00e7leri aras\u0131nda \u00e7\u0131kan \u00e7at\u0131\u015fmada 6 g\u00fcvenlik g\u00f6revlisinin \u015fehit d\u00fc\u015ft\u00fc\u011f\u00fc, yaral\u0131 say\u0131s\u0131n\u0131n 11 oldu\u011fu bildirildi.<\/p>\n<p style=\"text-align: justify;\">Valilikten yap\u0131lan yaz\u0131l\u0131 a\u00e7\u0131klamada, ter\u00f6r \u00f6rg\u00fct\u00fc PKK \u00fcyesi bir grubun Belenoluk Jandarma Karakol Komutanl\u0131\u011f\u0131na sald\u0131r\u0131 d\u00fczenledi\u011fi hat\u0131rlat\u0131ld\u0131. <\/p>\n","protected":false},"author":1,"featured_media":0,"comment_status":"open","ping_status":"open","sticky":false,"template":"","format":"standard","meta":{"footnotes":""},"categories":[105],"tags":[],"class_list":["post-40136","post","type-post","status-publish","format-standard","hentry","category-gundem","odd"],"_links":{"self":[{"href":"http:\/\/www.korhanyilmaz.com\/index.php?rest_route=\/wp\/v2\/posts\/40136","targetHints":{"allow":["GET"]}}],"collection":[{"href":"http:\/\/www.korhanyilmaz.com\/index.php?rest_route=\/wp\/v2\/posts"}],"about":[{"href":"http:\/\/www.korhanyilmaz.com\/index.php?rest_route=\/wp\/v2\/types\/post"}],"author":[{"embeddable":true,"href":"http:\/\/www.korhanyilmaz.com\/index.php?rest_route=\/wp\/v2\/users\/1"}],"replies":[{"embeddable":true,"href":"http:\/\/www.korhanyilmaz.com\/index.php?rest_route=%2Fwp%2Fv2%2Fcomments&post=40136"}],"version-history":[{"count":0,"href":"http:\/\/www.korhanyilmaz.com\/index.php?rest_route=\/wp\/v2\/posts\/40136\/revisions"}],"wp:attachment":[{"href":"http:\/\/www.korhanyilmaz.com\/index.php?rest_route=%2Fwp%2Fv2%2Fmedia&parent=40136"}],"wp:term":[{"taxonomy":"category","embeddable":true,"href":"http:\/\/www.korhanyilmaz.com\/index.php?rest_route=%2Fwp%2Fv2%2Fcategories&post=40136"},{"taxonomy":"post_tag","embeddable":true,"href":"http:\/\/www.korhanyilmaz.com\/index.php?rest_route=%2Fwp%2Fv2%2Ftags&post=40136"}],"curies":[{"name":"wp","href":"https:\/\/api.w.org\/{rel}","templated":true}]}}