{"id":40129,"date":"2011-09-24T20:16:55","date_gmt":"2011-09-24T17:16:55","guid":{"rendered":"http:\/\/www.korhanyilmaz.com\/?p=40129"},"modified":"2011-09-24T21:19:52","modified_gmt":"2011-09-24T18:19:52","slug":"arinc-mit-pkk-ile-gorusmeler-yapmalidir","status":"publish","type":"post","link":"http:\/\/www.korhanyilmaz.com\/?p=40129","title":{"rendered":"Ar\u0131n\u00e7: &#8220;M\u0130T, PKK ile g\u00f6r\u00fc\u015fmeler yapmal\u0131d\u0131r&#8221;"},"content":{"rendered":"<p style=\"text-align: center;\"><a href=\"http:\/\/www.korhanyilmaz.com\/wp-content\/uploads\/2011\/09\/7006.jpg\"  class=\"lightview\"><img loading=\"lazy\" decoding=\"async\" class=\"aligncenter  wp-image-40130\" src=\"http:\/\/www.korhanyilmaz.com\/wp-content\/uploads\/2011\/09\/7006.jpg\" alt=\"\" width=\"307\" height=\"236\" \/><\/a><\/p>\n<p style=\"text-align: justify;\">Ba\u015fbakan Yard\u0131mc\u0131s\u0131 Ar\u0131n\u00e7, &#8220;Milli istihbarat te\u015fkilatlar\u0131 ya da onlara yard\u0131mc\u0131 kurumlar bu \u00f6rg\u00fctle, \u00f6rg\u00fct\u00fcn eylemlerinin sona erdirilmesi konusunda, eylemlerin sonu\u00e7suz kalmas\u0131 noktas\u0131nda, en az\u0131ndan \u00f6rg\u00fct\u00fcn silahl\u0131 eylem yapamaz hale gelmesi noktas\u0131nda g\u00f6r\u00fc\u015fmeler yapmal\u0131d\u0131r, yapabilir&#8221; dedi.<\/p>\n<p style=\"text-align: justify;\">Ar\u0131n\u00e7, &#8220;Br\u00fcksel Medya Bulu\u015fmas\u0131&#8221; toplant\u0131s\u0131n\u0131n ard\u0131ndan, bas\u0131n mensuplar\u0131n\u0131n g\u00fcndeme ili\u015fkin sorular\u0131n\u0131 cevapland\u0131rd\u0131.\u00a0<!--more--><\/p>\n<p style=\"text-align: justify;\">B\u00fclent Ar\u0131n\u00e7, ter\u00f6r olaylar\u0131na ili\u015fkin bir soru \u00fczerine, son aylarda belli maksatlarla dozu giderek artan ter\u00f6r sald\u0131r\u0131lar\u0131 oldu\u011funu belirterek, &#8220;Ba\u015far\u0131l\u0131 bir h\u00fck\u00fcmetin, halktan son se\u00e7imlerde y\u00fczde 50 oy oran\u0131yla belki d\u00fcnyada emsali olmayacak bir ba\u015far\u0131ya imza atan h\u00fck\u00fcmetimizin ter\u00f6rle m\u00fccadelede de ba\u015far\u0131l\u0131 olaca\u011f\u0131na inan\u0131yoruz. Bunun i\u00e7in elimizdeki b\u00fct\u00fcn imkanlar\u0131 kullan\u0131yoruz. Bunun i\u00e7in sadece silahl\u0131 se\u00e7ene\u011fi yani mutlaka silah kullanmay\u0131 veya asker, polis g\u00fc\u00e7leriyle bu i\u015fin \u00fcstesinden gelmeyi de\u011fil onun yan\u0131nda politik, ekonomik, sosyal b\u00fct\u00fcn tedbirleri alarak, ter\u00f6re hayat veren unsurlarla m\u00fccadele ediyoruz. Bunda ba\u015far\u0131l\u0131 olaca\u011f\u0131m\u0131za b\u00fct\u00fcn g\u00f6nl\u00fcmle inan\u0131yorum&#8221; diye konu\u015ftu.<\/p>\n<p style=\"text-align: justify;\">M\u0130T ile ter\u00f6r \u00f6rg\u00fct\u00fc aras\u0131nda ge\u00e7ti\u011fi iddia edilen g\u00f6r\u00fc\u015fmelere de de\u011finen Ar\u0131n\u00e7, s\u00f6zlerini \u015f\u00f6yle s\u00fcrd\u00fcrd\u00fc:<\/p>\n<p style=\"text-align: justify;\">&#8220;Son g\u00fcnlerde T\u00fcrkiye&#8217;de bir g\u00f6r\u00fc\u015fme kayd\u0131 yay\u0131nland\u0131. Bu ne kadar do\u011frudur diye a\u00e7\u0131klamalar yap\u0131ld\u0131. Farkl\u0131 zamanlardaki konu\u015fmalar makaslanarak, sonradan bir araya getirildi\u011fi, yanl\u0131\u015f anla\u015fmalara yol a\u00e7acak bi\u00e7imde farkl\u0131 c\u00fcmlelerin i\u00e7ine monte edildi\u011fi konu\u015fuluyor.<\/p>\n<p style=\"text-align: justify;\">Ben M\u0130T mensubu de\u011filim, ama bu toplant\u0131ya M\u0130T ad\u0131na kat\u0131lan bir bayan var, daha sonra M\u0130T m\u00fcste\u015farl\u0131\u011f\u0131na getirilecek bir Ba\u015fbakanl\u0131k m\u00fcste\u015far yard\u0131mc\u0131s\u0131 var ve ter\u00f6r \u00f6rg\u00fct\u00fcn\u00fcn Avrupa&#8217;daki uzant\u0131lar\u0131n\u0131n birka\u00e7 temsilcisi var.<\/p>\n<p style=\"text-align: justify;\">\u015eu bir ger\u00e7ektir, sadece silahl\u0131 g\u00fc\u00e7le sadece ba\u015fka tedbirlerle e\u011fer bu \u00f6rg\u00fctle m\u00fccadele tamamlanam\u0131yorsa d\u00fcnyan\u0131n her yerinde istihbarat \u00f6rg\u00fctleri amac\u0131n\u0131 iyi tespit etmek suretiyle bu \u00f6rg\u00fctle g\u00f6r\u00fc\u015febilirler, konu\u015fabilirler, belli olumlu sonu\u00e7lar almak i\u00e7in bunu yaparlar. Anla\u015f\u0131l\u0131yor ki T\u00fcrkiye&#8217;deki M\u0130T de bu konuda \u00f6rg\u00fct\u00fcn temsilcileriyle zaman zaman g\u00f6r\u00fc\u015fmeler yapm\u0131\u015f.<\/p>\n<p style=\"text-align: justify;\">T\u00fcrkiye \u015fu olgunlu\u011fa eri\u015fti. Bunu zararl\u0131 bulan, vatana ihanetle e\u015f tutan bir a\u00e7\u0131klamayla rastlamad\u0131k. Sadece birka\u00e7 sorumsuz siyaset\u00e7inin konu\u015fmas\u0131nda bunu g\u00f6rebilirsiniz. Ana anamuhalefet partisi de muhalefet partileri de bu konudaki g\u00f6r\u00fc\u015fmelerin ola\u011fan oldu\u011funu, elbette yap\u0131lmas\u0131 gerekti\u011fini ifade ettiler. Bunun ni\u00e7in bir \u015fekilde d\u0131\u015far\u0131ya if\u015fa edilmi\u015f oldu\u011funu, elbette analistler ortaya koyacaklard\u0131r. Bizce b\u00f6yle gizli kalmas\u0131 gereken bir konu\u015fman\u0131n bir \u015fekilde tespit edilerek, belli ama\u00e7larla servis edilmesi olumsuzluktur.&#8221;<\/p>\n<p style=\"text-align: justify;\"><strong>&#8220;Her t\u00fcrl\u00fc ihtimali d\u00fc\u015f\u00fcnebiliriz&#8221;\u00a0<\/strong><\/p>\n<p style=\"text-align: justify;\">&#8220;Bu durumda yabanc\u0131 gizli servis parma\u011f\u0131 olabilir mi?&#8221; sorusunu da Ar\u0131n\u00e7, &#8220;Her t\u00fcrl\u00fc ihtimali d\u00fc\u015f\u00fcnebiliriz, bir gizli servisler m\u00fccadelesinden de bahsedebiliriz. Bu toplant\u0131y\u0131 tertipleyen her taraf\u0131yla bunu kayda ald\u0131\u011f\u0131ndan ve belli ama\u00e7larla muhafaza etmesi gerekti\u011finden bahsedebiliriz. Hatta oradaki taraflar\u0131n d\u0131\u015f\u0131nda, ba\u015fka merkezlerin de bunu \u00f6nemli bulup bir an evvel buna ula\u015fmak istediklerini d\u00fc\u015f\u00fcnebiliriz. \u015eu yay\u0131nlam\u0131\u015ft\u0131r veya \u015fu devletle ilgisi vard\u0131r demek ilk planda kolay ve m\u00fcmk\u00fcn olmayabilir. Ama herkes kendi akl\u0131yla olaya bakt\u0131\u011f\u0131 zaman bunun herkes taraf\u0131ndan, yani hem g\u00f6r\u00fc\u015fmede bulunan ve bulunmayanlar a\u00e7\u0131s\u0131ndan, \u00e7ok \u00f6nemli oldu\u011funu d\u00fc\u015f\u00fcnm\u00fc\u015f olabilir&#8221; diye yan\u0131tlad\u0131.<\/p>\n<p style=\"text-align: justify;\">Ses kayd\u0131 yay\u0131nland\u0131\u011f\u0131 andan itibaren belki de \u00f6ncesinden g\u00f6r\u00fc\u015fmelerin kesintiye u\u011fram\u0131\u015f olabilece\u011fine dikkati \u00e7eken Ar\u0131n\u00e7, &#8220;Ancak ben yine inan\u0131yorum ki milli istihbarat te\u015fkilatlar\u0131 ya da onlara yard\u0131mc\u0131 kurumlar bu \u00f6rg\u00fctle, \u00f6rg\u00fct\u00fcn eylemlerinin sona erdirilmesi konusunda, eylemlerin sonu\u00e7suz kalmas\u0131 noktas\u0131nda, en az\u0131ndan \u00f6rg\u00fct\u00fcn silahl\u0131 eylem yapamaz hale gelmesi noktas\u0131nda g\u00f6r\u00fc\u015fmeler yapmal\u0131d\u0131r, yapabilir. Bunlar\u0131n ge\u00e7ici bir s\u00fcreyle int\u0131kaya u\u011fram\u0131\u015f olmas\u0131 bundan sonra yap\u0131lmayaca\u011f\u0131 anlam\u0131na gelmez&#8221; de\u011ferlendirmesinde bulundu.<\/p>\n<p style=\"text-align: justify;\">Bas\u0131n mensuplar\u0131n\u0131n, &#8220;Bir daha bu t\u00fcr g\u00f6r\u00fc\u015fmelerin yap\u0131lmayaca\u011f\u0131 y\u00f6n\u00fcnde baz\u0131 a\u00e7\u0131klamalar\u0131n\u0131z oldu&#8221; s\u00f6zleri \u00fczerine Ar\u0131n\u00e7, &#8220;O konu\u015fmadaki taraflar\u0131 hemen hemen bildiniz. Birisi Z\u00fcbeyr Aydar&#8217;d\u0131r, birisi Sabri Ok&#8217;tur, birisi Mustafa Karasu&#8217;dur. Elbette onlarla bundan sonra bir g\u00f6r\u00fc\u015fme yap\u0131l\u0131r m\u0131 yap\u0131lmaz m\u0131 konusunda, ben onlarla bundan sonra bir g\u00f6r\u00fc\u015fmenin ba\u015far\u0131l\u0131 sonu\u00e7 vermeyece\u011fini s\u00f6ylemek istedim&#8221; dedi.<\/p>\n<p style=\"text-align: justify;\">&#8220;Ba\u015fka isimler olabilir mi&#8221; sorunu da Ar\u0131n\u00e7, &#8220;Elbette \u00f6rg\u00fct\u00fcn beyin tak\u0131m\u0131 veya \u00f6rg\u00fct\u00fcn ileri gelenleri, \u00f6rg\u00fctle ba\u011flant\u0131s\u0131nda bu ki\u015fi \u00f6nemlidir, bunu y\u00f6nlendirmek veya bundan sonu\u00e7 almak m\u00fcmk\u00fcnd\u00fcr diye d\u00fc\u015f\u00fcn\u00fclenler&#8230; Kimse onlar ben bilmem devletin istihbarat organlar\u0131 bilir. Bu g\u00f6r\u00fc\u015fmelerin bir \u015fekilde faydal\u0131 sonu\u00e7lar verecek bir bi\u00e7imde yap\u0131lmas\u0131 veya yap\u0131l\u0131yor olmas\u0131 m\u00fcmk\u00fcnd\u00fcr&#8221; \u015feklinde yan\u0131tlad\u0131.<\/p>\n<p style=\"text-align: justify;\"><a href=\"http:\/\/www.cnnturk.com\/2011\/turkiye\/09\/24\/arinc.mit.pkk.ile.gorusmeler.yapmalidir\/630484.0\/index.html\" target=\"_blank\">Kaynak : CNN T\u00dcRK<\/a><\/p>\n","protected":false},"excerpt":{"rendered":"<p style=\"text-align: center;\">\n<p style=\"text-align: justify;\">Ba\u015fbakan Yard\u0131mc\u0131s\u0131 Ar\u0131n\u00e7, &#8220;Milli istihbarat te\u015fkilatlar\u0131 ya da onlara yard\u0131mc\u0131 kurumlar bu \u00f6rg\u00fctle, \u00f6rg\u00fct\u00fcn eylemlerinin sona erdirilmesi konusunda, eylemlerin sonu\u00e7suz kalmas\u0131 noktas\u0131nda, en az\u0131ndan \u00f6rg\u00fct\u00fcn silahl\u0131 eylem yapamaz hale gelmesi noktas\u0131nda g\u00f6r\u00fc\u015fmeler yapmal\u0131d\u0131r, yapabilir&#8221; dedi.<\/p>\n<p style=\"text-align: justify;\">Ar\u0131n\u00e7, &#8220;Br\u00fcksel Medya Bulu\u015fmas\u0131&#8221; toplant\u0131s\u0131n\u0131n ard\u0131ndan, bas\u0131n mensuplar\u0131n\u0131n g\u00fcndeme ili\u015fkin sorular\u0131n\u0131 cevapland\u0131rd\u0131. <\/p>\n","protected":false},"author":1,"featured_media":0,"comment_status":"open","ping_status":"open","sticky":false,"template":"","format":"standard","meta":{"footnotes":""},"categories":[105],"tags":[],"class_list":["post-40129","post","type-post","status-publish","format-standard","hentry","category-gundem","odd"],"_links":{"self":[{"href":"http:\/\/www.korhanyilmaz.com\/index.php?rest_route=\/wp\/v2\/posts\/40129","targetHints":{"allow":["GET"]}}],"collection":[{"href":"http:\/\/www.korhanyilmaz.com\/index.php?rest_route=\/wp\/v2\/posts"}],"about":[{"href":"http:\/\/www.korhanyilmaz.com\/index.php?rest_route=\/wp\/v2\/types\/post"}],"author":[{"embeddable":true,"href":"http:\/\/www.korhanyilmaz.com\/index.php?rest_route=\/wp\/v2\/users\/1"}],"replies":[{"embeddable":true,"href":"http:\/\/www.korhanyilmaz.com\/index.php?rest_route=%2Fwp%2Fv2%2Fcomments&post=40129"}],"version-history":[{"count":0,"href":"http:\/\/www.korhanyilmaz.com\/index.php?rest_route=\/wp\/v2\/posts\/40129\/revisions"}],"wp:attachment":[{"href":"http:\/\/www.korhanyilmaz.com\/index.php?rest_route=%2Fwp%2Fv2%2Fmedia&parent=40129"}],"wp:term":[{"taxonomy":"category","embeddable":true,"href":"http:\/\/www.korhanyilmaz.com\/index.php?rest_route=%2Fwp%2Fv2%2Fcategories&post=40129"},{"taxonomy":"post_tag","embeddable":true,"href":"http:\/\/www.korhanyilmaz.com\/index.php?rest_route=%2Fwp%2Fv2%2Ftags&post=40129"}],"curies":[{"name":"wp","href":"https:\/\/api.w.org\/{rel}","templated":true}]}}